{"id":100200,"date":"2019-09-28T00:11:56","date_gmt":"2019-09-27T22:11:56","guid":{"rendered":"http:\/\/www.region-schwabach.de\/wordpress\/?p=100200"},"modified":"2019-09-27T21:49:51","modified_gmt":"2019-09-27T19:49:51","slug":"21-schwabacher-regionalmarkt-am-28-september-2019","status":"publish","type":"post","link":"https:\/\/www.region-schwabach.de\/wordpress\/21-schwabacher-regionalmarkt-am-28-september-2019\/","title":{"rendered":"21. Schwabacher Regionalmarkt am 28. September 2019"},"content":{"rendered":"\t\t<div data-elementor-type=\"wp-post\" data-elementor-id=\"100200\" class=\"elementor elementor-100200\">\n\t\t\t\t\t\t<section class=\"elementor-section elementor-top-section elementor-element elementor-element-678181b elementor-section-boxed elementor-section-height-default elementor-section-height-default\" data-id=\"678181b\" data-element_type=\"section\">\n\t\t\t\t\t\t<div class=\"elementor-container elementor-column-gap-default\">\n\t\t\t\t\t<div class=\"elementor-column elementor-col-50 elementor-top-column elementor-element elementor-element-6b34026\" data-id=\"6b34026\" data-element_type=\"column\">\n\t\t\t<div class=\"elementor-widget-wrap elementor-element-populated\">\n\t\t\t\t\t\t<div class=\"elementor-element elementor-element-4f584f9 elementor-widget elementor-widget-wp-widget-advads_ad_widget\" data-id=\"4f584f9\" data-element_type=\"widget\" data-widget_type=\"wp-widget-advads_ad_widget.default\">\n\t\t\t\t<div class=\"elementor-widget-container\">\n\t\t\t<div id=\"regio-2558432988\"><div class=\"regio-adlabel\">Werbung<\/div><!-- Beginn https:\/\/www.financeads.net\/-Code --><a href=\"https:\/\/www.financeads.net\/tc.php?t=36648C19118058B\" target=\"_blank\"><img fetchpriority=\"high\" decoding=\"async\" src=\"https:\/\/www.financeads.net\/tb.php?t=36648V19118058B&https=1\" alt=\"\" border=\"0\" width=\"728\" height=\"90\"><\/a><!-- Ende https:\/\/www.financeads.net\/-Code --><\/div>\t\t<\/div>\n\t\t\t\t<\/div>\n\t\t\t\t<div class=\"elementor-element elementor-element-443ab98 elementor-widget elementor-widget-text-editor\" data-id=\"443ab98\" data-element_type=\"widget\" data-widget_type=\"text-editor.default\">\n\t\t\t\t<div class=\"elementor-widget-container\">\n\t\t\t\t\t\t\t<h3>Regionale Vermarktung und Informationen f\u00fcr Verbraucher<br \/>20. Schwabacher Regionalmarkt am Samstag, 29.\u00a0September 2018<\/h3><p><span style=\"font-size: 12pt;\">Schwabach &#8211; Seit mehr als zwanzig Jahren bereichert der Schwabacher Regionalmarkt das Marktgeschehen am Martin-Luther-Platz und K\u00f6nigsplatz. Am Samstag, 29. September ist es wieder soweit: Von 09.00 bis 16.00 Uhr stehen die regionale Vermarktung und Informationen f\u00fcr den Verbraucher zu Themen des Natur und Umweltschutzes sowie regionalen Dienstleistungen an erster Stelle.<\/span><\/p><p><span style=\"font-size: 12pt;\">Veranstalter des Marktes sind der Schwabacher Landschaftspflegeverband\u00a0sowie das Umweltschutzamt der Stadt Schwabach, die damit von Anfang an\u00a0die bundesweite Aktion \u201eTag der Regionen\u201c unterst\u00fctzen.<\/span><\/p><h3>Beitrag zum Klimaschutz<\/h3><p><span style=\"font-size: 12pt;\">Unsere Region bietet eine Vielfalt an Produkten und Dienstleistungen. Diese vorrangig zu nutzen spart viele Transportkilometer. \u201eDer Verbraucher kann damit einen Beitrag zum Klimaschutz leisten. Die frischen Produkte unserer regionalen Landwirtschaft sollten daher einen m\u00f6glichst gro\u00dfen Teil des t\u00e4glichen Bedarfs an Nahrungsmitteln decken\u201c, so Monika Roder vom Umweltschutzamt der Stadt Schwabach, die gemeinsam mit dem Schwabacher Landschaftspflegeverband diesen Markt organisiert.<\/span><\/p><h3>Informationen f\u00fcr den Verbraucher<\/h3><p><span style=\"font-size: 12pt;\">Die Informationsm\u00f6glichkeiten am Schwabacher Regionalmarkt sind vielf\u00e4ltig &#8211; die Aussteller sind offen f\u00fcr Fragen zu Regionalit\u00e4t, Anbaumethoden, Energiesparen und Umweltfragen. Wie sich die Brennstoffzellentechnik zur Energieversorgung von privaten Haushalten verwenden l\u00e4sst, erkl\u00e4rt die W\u00e4rme-Strom-Gemeinschaft. Ob die Abfalltrennung zu Hause gelingt, kann man mit einem Spiel am Stand des Umweltschutzamtes erfahren.<\/span><\/p><h3>Treffpunkt Marktplatz<\/h3><p><span style=\"font-size: 12pt;\">Eine breite Palette an regional erzeugten Lebensmitteln von A (wie Apfel) bis Z (wie Zwiebel), teilweise in Bio-Qualit\u00e4t, steht f\u00fcr den Besucher bereit. Das Angebot wird erg\u00e4nzt durch verschiedene Kunsthandwerker, die z.B. aus Ton, Holz, Heu oder Weidenruten individuelle und kreative Gegenst\u00e4nde f\u00fcr Haushalt und Dekoration entstehen lassen.<\/span><\/p><p><span style=\"font-size: 12pt;\">Neben regionalen Einkaufsm\u00f6glichkeiten ist auch f\u00fcr Unterhaltung und das leibliche Wohl gesorgt. Dieses Jahr spielt als lokaler Ohrenschmaus die \u201eRotenberg Swing Society\u201c auf. F\u00fcr die Kinder sind Kastenrutsche, Schminktisch, Bastelangebote und ein kleiner Streichelzoo dabei. Stumpfe Messer und Scheren werden dieses Jahr anl\u00e4sslich des Regionalmarktes beim Bauernladen in der H\u00f6llgasse geschliffen.<\/span><\/p><h3>Pilze und Obstsorten bestimmen lassen<\/h3><p><span style=\"font-size: 12pt;\">Pilzfreunde k\u00f6nnen sich \u00fcber die Pilzausstellung der Naturhistorischen Gesellschaft N\u00fcrnberg e.V. freuen. Bitte bringen sie ihre gesammelten Exemplare zur Bestimmung mit. Der Pilzberater kann vor unangenehmen und gef\u00e4hrlichen Folgen des Pilz-Verzehrs bewahren.<\/span><\/p><p><span style=\"font-size: 12pt;\">F\u00fcr die Liebhaber von seltenen Apfel- und Birnensorten ist ebenso wieder ein Experte vor Ort, der die mitgebrachten Fr\u00fcchte (f\u00fcnf Exemplare einer Sorte notwendig!) aus dem heimischen Garten bestimmen kann.<\/span><\/p><h3>Mehrere Sponsoren aus der Region<\/h3><p><span style=\"font-size: 12pt;\">Ausf\u00fchrliche Programmhinweise finden Sie ab Anfang September auf dieser\u00a0Seite sowie an vielen st\u00e4dtischen Auslagestellen. Der Regionalmarkt wird\u00a0unterst\u00fctzt durch die Stadtwerke Schwabach, die GEWOBAU und die\u00a0Sparkasse Mittelfranken-S\u00fcd.<\/span><\/p>\t\t\t\t\t\t<\/div>\n\t\t\t\t<\/div>\n\t\t\t\t<div class=\"elementor-element elementor-element-893041c elementor-widget-divider--view-line elementor-widget elementor-widget-divider\" data-id=\"893041c\" data-element_type=\"widget\" data-widget_type=\"divider.default\">\n\t\t\t\t<div class=\"elementor-widget-container\">\n\t\t\t\t\t<div class=\"elementor-divider\">\n\t\t\t<span class=\"elementor-divider-separator\">\n\t\t\t\t\t\t<\/span>\n\t\t<\/div>\n\t\t\t\t<\/div>\n\t\t\t\t<\/div>\n\t\t\t\t<div class=\"elementor-element elementor-element-35de09e elementor-widget elementor-widget-google_maps\" data-id=\"35de09e\" data-element_type=\"widget\" data-widget_type=\"google_maps.default\">\n\t\t\t\t<div class=\"elementor-widget-container\">\n\t\t\t\t\t<div class=\"elementor-custom-embed\">\n\t\t\t<iframe loading=\"lazy\"\n\t\t\t\t\tsrc=\"https:\/\/maps.google.com\/maps?q=K%C3%B6nigsplatz%201%2C%20Schwabach%2C%20Deutschland&#038;t=m&#038;z=18&#038;output=embed&#038;iwloc=near\"\n\t\t\t\t\ttitle=\"K\u00f6nigsplatz 1, Schwabach, Deutschland\"\n\t\t\t\t\taria-label=\"K\u00f6nigsplatz 1, Schwabach, Deutschland\"\n\t\t\t><\/iframe>\n\t\t<\/div>\n\t\t\t\t<\/div>\n\t\t\t\t<\/div>\n\t\t\t\t\t<\/div>\n\t\t<\/div>\n\t\t\t\t<div class=\"elementor-column elementor-col-50 elementor-top-column elementor-element elementor-element-e8710ea\" data-id=\"e8710ea\" data-element_type=\"column\">\n\t\t\t<div class=\"elementor-widget-wrap elementor-element-populated\">\n\t\t\t\t\t\t<div class=\"elementor-element elementor-element-e8a8193 elementor-widget elementor-widget-heading\" data-id=\"e8a8193\" data-element_type=\"widget\" data-widget_type=\"heading.default\">\n\t\t\t\t<div class=\"elementor-widget-container\">\n\t\t\t<h3 class=\"elementor-heading-title elementor-size-default\">Schnell vergleichen und sparen!<\/h3>\t\t<\/div>\n\t\t\t\t<\/div>\n\t\t\t\t<div class=\"elementor-element elementor-element-755482e elementor-widget elementor-widget-wp-widget-advads_ad_widget\" data-id=\"755482e\" data-element_type=\"widget\" data-widget_type=\"wp-widget-advads_ad_widget.default\">\n\t\t\t\t<div class=\"elementor-widget-container\">\n\t\t\t<div id=\"regio-2746418037\"><div class=\"regio-adlabel\">Werbung<\/div><!-- Beginn https:\/\/www.financeads.net\/-Code --><a href=\"https:\/\/www.financeads.net\/tc.php?t=36648C236142529B\" target=\"_blank\"><img decoding=\"async\" src=\"https:\/\/www.financeads.net\/tb.php?t=36648V236142529B&https=1\" alt=\"\" border=\"0\" width=\"300\" height=\"250\"><\/a><!-- Ende https:\/\/www.financeads.net\/-Code --><\/div>\t\t<\/div>\n\t\t\t\t<\/div>\n\t\t\t\t<div class=\"elementor-element elementor-element-0b5f992 elementor-widget elementor-widget-wp-widget-advads_ad_widget\" data-id=\"0b5f992\" data-element_type=\"widget\" data-widget_type=\"wp-widget-advads_ad_widget.default\">\n\t\t\t\t<div class=\"elementor-widget-container\">\n\t\t\t<div id=\"regio-3998147302\"><div class=\"regio-adlabel\">Werbung<\/div><!-- Beginn https:\/\/www.financeads.net\/-Code --><a href=\"https:\/\/www.financeads.net\/tc.php?t=36648C42614510B\" target=\"_blank\"><img decoding=\"async\" src=\"https:\/\/www.financeads.net\/tb.php?t=36648V42614510B&https=1\" alt=\"\" border=\"0\" width=\"200\" height=\"300\"><\/a><!-- Ende https:\/\/www.financeads.net\/-Code --><\/div>\t\t<\/div>\n\t\t\t\t<\/div>\n\t\t\t\t<div class=\"elementor-element elementor-element-35033e9 elementor-widget elementor-widget-wp-widget-advads_ad_widget\" data-id=\"35033e9\" data-element_type=\"widget\" data-widget_type=\"wp-widget-advads_ad_widget.default\">\n\t\t\t\t<div class=\"elementor-widget-container\">\n\t\t\t<div id=\"regio-302413901\"><div class=\"regio-adlabel\">Werbung<\/div><!-- Beginn https:\/\/www.financeads.net\/-Code --><a href=\"https:\/\/www.financeads.net\/tc.php?t=36648C205040072B\" target=\"_blank\"><img loading=\"lazy\" decoding=\"async\" src=\"https:\/\/www.financeads.net\/tb.php?t=36648V205040072B&https=1\" alt=\"\" border=\"0\" width=\"300\" height=\"250\"><\/a><!-- Ende https:\/\/www.financeads.net\/-Code --><\/div>\t\t<\/div>\n\t\t\t\t<\/div>\n\t\t\t\t<div class=\"elementor-element elementor-element-b0aa6f1 elementor-widget elementor-widget-wp-widget-advads_ad_widget\" data-id=\"b0aa6f1\" data-element_type=\"widget\" data-widget_type=\"wp-widget-advads_ad_widget.default\">\n\t\t\t\t<div class=\"elementor-widget-container\">\n\t\t\t<div id=\"regio-2945515486\"><div class=\"regio-adlabel\">Werbung<\/div><!-- Beginn https:\/\/www.financeads.net\/-Code --><a href=\"https:\/\/www.financeads.net\/tc.php?t=36648C271460142B\" target=\"_blank\"><img loading=\"lazy\" decoding=\"async\" src=\"https:\/\/www.financeads.net\/tb.php?t=36648V271460142B&https=1\" alt=\"PETPROTECT_Hund&Katze_Banner\" border=\"0\" width=\"250\" height=\"250\"><\/a><!-- Ende https:\/\/www.financeads.net\/-Code --><\/div>\t\t<\/div>\n\t\t\t\t<\/div>\n\t\t\t\t\t<\/div>\n\t\t<\/div>\n\t\t\t\t\t<\/div>\n\t\t<\/section>\n\t\t\t\t<section class=\"elementor-section elementor-top-section elementor-element elementor-element-4e41469 elementor-section-boxed elementor-section-height-default elementor-section-height-default\" data-id=\"4e41469\" data-element_type=\"section\">\n\t\t\t\t\t\t<div class=\"elementor-container elementor-column-gap-default\">\n\t\t\t\t\t<div class=\"elementor-column elementor-col-100 elementor-top-column elementor-element elementor-element-6d04eae\" data-id=\"6d04eae\" data-element_type=\"column\">\n\t\t\t<div class=\"elementor-widget-wrap elementor-element-populated\">\n\t\t\t\t\t\t<div class=\"elementor-element elementor-element-d84491c elementor-widget elementor-widget-image\" data-id=\"d84491c\" data-element_type=\"widget\" data-widget_type=\"image.default\">\n\t\t\t\t<div class=\"elementor-widget-container\">\n\t\t\t\t\t\t\t\t\t\t\t\t\t\t<a href=\"http:\/\/www.region-schwabach.de\/wordpress\/wp-content\/uploads\/2018\/09\/Regionalmarkt__0008-e1537386145299.jpg\" data-elementor-open-lightbox=\"yes\" data-elementor-lightbox-title=\"Regionalmarkt__0008\" data-e-action-hash=\"#elementor-action%3Aaction%3Dlightbox%26settings%3DeyJpZCI6NTY4NzUsInVybCI6Imh0dHBzOlwvXC93d3cucmVnaW9uLXNjaHdhYmFjaC5kZVwvd29yZHByZXNzXC93cC1jb250ZW50XC91cGxvYWRzXC8yMDE4XC8wOVwvUmVnaW9uYWxtYXJrdF9fMDAwOC1lMTUzNzM4NjE0NTI5OS5qcGcifQ%3D%3D\">\n\t\t\t\t\t\t\t<img loading=\"lazy\" decoding=\"async\" width=\"960\" height=\"720\" src=\"https:\/\/www.region-schwabach.de\/wordpress\/wp-content\/uploads\/2018\/09\/Regionalmarkt__0008-e1537386145299.jpg\" class=\"attachment-full size-full wp-image-56875\" alt=\"\" \/>\t\t\t\t\t\t\t\t<\/a>\n\t\t\t\t\t\t\t\t\t\t\t\t\t<\/div>\n\t\t\t\t<\/div>\n\t\t\t\t<div class=\"elementor-element elementor-element-6d98f03 elementor-widget elementor-widget-image\" data-id=\"6d98f03\" data-element_type=\"widget\" data-widget_type=\"image.default\">\n\t\t\t\t<div class=\"elementor-widget-container\">\n\t\t\t\t\t\t\t\t\t\t\t\t\t\t<a href=\"http:\/\/www.region-schwabach.de\/wordpress\/wp-content\/uploads\/2018\/09\/PM214_Regionalmarkt_hoch-e1537386252274.jpg\" data-elementor-open-lightbox=\"yes\" data-elementor-lightbox-title=\"PM214_Regionalmarkt_hoch\" data-e-action-hash=\"#elementor-action%3Aaction%3Dlightbox%26settings%3DeyJpZCI6NTY4NzYsInVybCI6Imh0dHBzOlwvXC93d3cucmVnaW9uLXNjaHdhYmFjaC5kZVwvd29yZHByZXNzXC93cC1jb250ZW50XC91cGxvYWRzXC8yMDE4XC8wOVwvUE0yMTRfUmVnaW9uYWxtYXJrdF9ob2NoLWUxNTM3Mzg2MjUyMjc0LmpwZyJ9\">\n\t\t\t\t\t\t\t<img loading=\"lazy\" decoding=\"async\" width=\"960\" height=\"1443\" src=\"https:\/\/www.region-schwabach.de\/wordpress\/wp-content\/uploads\/2018\/09\/PM214_Regionalmarkt_hoch-e1537386252274.jpg\" class=\"attachment-full size-full wp-image-56876\" alt=\"\" \/>\t\t\t\t\t\t\t\t<\/a>\n\t\t\t\t\t\t\t\t\t\t\t\t\t<\/div>\n\t\t\t\t<\/div>\n\t\t\t\t<div class=\"elementor-element elementor-element-c0170be elementor-widget elementor-widget-image\" data-id=\"c0170be\" data-element_type=\"widget\" data-widget_type=\"image.default\">\n\t\t\t\t<div class=\"elementor-widget-container\">\n\t\t\t\t\t\t\t\t\t\t\t\t\t\t<a href=\"http:\/\/www.region-schwabach.de\/wordpress\/wp-content\/uploads\/2018\/09\/PM251_Regionalmarkt-Rathaus-e1537386390442.jpg\" data-elementor-open-lightbox=\"yes\" data-elementor-lightbox-title=\"PM251_Regionalmarkt-Rathaus\" data-e-action-hash=\"#elementor-action%3Aaction%3Dlightbox%26settings%3DeyJpZCI6NTY4NzcsInVybCI6Imh0dHBzOlwvXC93d3cucmVnaW9uLXNjaHdhYmFjaC5kZVwvd29yZHByZXNzXC93cC1jb250ZW50XC91cGxvYWRzXC8yMDE4XC8wOVwvUE0yNTFfUmVnaW9uYWxtYXJrdC1SYXRoYXVzLWUxNTM3Mzg2MzkwNDQyLmpwZyJ9\">\n\t\t\t\t\t\t\t<img loading=\"lazy\" decoding=\"async\" width=\"960\" height=\"643\" src=\"https:\/\/www.region-schwabach.de\/wordpress\/wp-content\/uploads\/2018\/09\/PM251_Regionalmarkt-Rathaus-e1537386390442.jpg\" class=\"attachment-full size-full wp-image-56877\" alt=\"\" \/>\t\t\t\t\t\t\t\t<\/a>\n\t\t\t\t\t\t\t\t\t\t\t\t\t<\/div>\n\t\t\t\t<\/div>\n\t\t\t\t\t<\/div>\n\t\t<\/div>\n\t\t\t\t\t<\/div>\n\t\t<\/section>\n\t\t\t\t<\/div>\n\t\t","protected":false},"excerpt":{"rendered":"<div class=\"mh-excerpt\"><p>Regionale Vermarktung und Informationen f\u00fcr Verbraucher20. Schwabacher Regionalmarkt am Samstag, 29.\u00a0September 2018 Schwabach &#8211; Seit mehr als zwanzig Jahren bereichert der Schwabacher Regionalmarkt das Marktgeschehen am Martin-Luther-Platz und K\u00f6nigsplatz. Am Samstag, 29. September ist es <a class=\"mh-excerpt-more\" href=\"https:\/\/www.region-schwabach.de\/wordpress\/21-schwabacher-regionalmarkt-am-28-september-2019\/\" title=\"21. Schwabacher Regionalmarkt am 28. September 2019\">[&#8230;]<\/a><\/p>\n<\/div>","protected":false},"author":1,"featured_media":56874,"comment_status":"open","ping_status":"open","sticky":false,"template":"","format":"standard","meta":{"_cbd_carousel_blocks":"[]","footnotes":""},"categories":[16,1,78,287,61,231,46,140],"tags":[10791,3641,522,6018,523,6017,686,3642,19,207],"class_list":{"0":"post-100200","1":"post","2":"type-post","3":"status-publish","4":"format-standard","5":"has-post-thumbnail","7":"category-aktuell","8":"category-allgemein","9":"category-handel-und-wirtschaft","10":"category-jugend-und-familie","11":"category-rathaus","12":"category-veranstaltungsnews","13":"category-verbaende","14":"category-vereine","15":"tag-28-09-2019","16":"tag-buntes-angebot","17":"tag-koenigsplatz","18":"tag-landschaftspflegeverband","19":"tag-martin-luther-platz","20":"tag-regionale-vermarktung","21":"tag-regionalmarkt","22":"tag-samstag","23":"tag-schwabach","24":"tag-umweltschutzamt"},"_links":{"self":[{"href":"https:\/\/www.region-schwabach.de\/wordpress\/wp-json\/wp\/v2\/posts\/100200","targetHints":{"allow":["GET"]}}],"collection":[{"href":"https:\/\/www.region-schwabach.de\/wordpress\/wp-json\/wp\/v2\/posts"}],"about":[{"href":"https:\/\/www.region-schwabach.de\/wordpress\/wp-json\/wp\/v2\/types\/post"}],"author":[{"embeddable":true,"href":"https:\/\/www.region-schwabach.de\/wordpress\/wp-json\/wp\/v2\/users\/1"}],"replies":[{"embeddable":true,"href":"https:\/\/www.region-schwabach.de\/wordpress\/wp-json\/wp\/v2\/comments?post=100200"}],"version-history":[{"count":0,"href":"https:\/\/www.region-schwabach.de\/wordpress\/wp-json\/wp\/v2\/posts\/100200\/revisions"}],"wp:featuredmedia":[{"embeddable":true,"href":"https:\/\/www.region-schwabach.de\/wordpress\/wp-json\/wp\/v2\/media\/56874"}],"wp:attachment":[{"href":"https:\/\/www.region-schwabach.de\/wordpress\/wp-json\/wp\/v2\/media?parent=100200"}],"wp:term":[{"taxonomy":"category","embeddable":true,"href":"https:\/\/www.region-schwabach.de\/wordpress\/wp-json\/wp\/v2\/categories?post=100200"},{"taxonomy":"post_tag","embeddable":true,"href":"https:\/\/www.region-schwabach.de\/wordpress\/wp-json\/wp\/v2\/tags?post=100200"}],"curies":[{"name":"wp","href":"https:\/\/api.w.org\/{rel}","templated":true}]}}