{"id":10026,"date":"2017-09-06T13:06:19","date_gmt":"2017-09-06T11:06:19","guid":{"rendered":"http:\/\/www.region-schwabach.de\/wordpress\/?p=10026"},"modified":"2018-07-30T09:53:55","modified_gmt":"2018-07-30T07:53:55","slug":"untere-pfaffensteigstrasse-in-wolkersdorf-vom-6-bis-9-september-gesperrt","status":"publish","type":"post","link":"https:\/\/www.region-schwabach.de\/wordpress\/untere-pfaffensteigstrasse-in-wolkersdorf-vom-6-bis-9-september-gesperrt\/","title":{"rendered":"Untere Pfaffensteigstra\u00dfe in Wolkersdorf vom 6. bis 9. September gesperrt"},"content":{"rendered":"\t\t<div data-elementor-type=\"wp-post\" data-elementor-id=\"10026\" class=\"elementor elementor-10026 elementor-bc-flex-widget\">\n\t\t\t\t\t\t<section class=\"elementor-section elementor-top-section elementor-element elementor-element-1dzeyuh elementor-section-boxed elementor-section-height-default elementor-section-height-default\" data-id=\"1dzeyuh\" data-element_type=\"section\">\n\t\t\t\t\t\t<div class=\"elementor-container elementor-column-gap-default\">\n\t\t\t\t\t<div class=\"elementor-column elementor-col-66 elementor-top-column elementor-element elementor-element-aam59ft\" data-id=\"aam59ft\" data-element_type=\"column\">\n\t\t\t<div class=\"elementor-widget-wrap elementor-element-populated\">\n\t\t\t\t\t\t<div class=\"elementor-element elementor-element-k9p1oyc elementor-widget elementor-widget-text-editor\" data-id=\"k9p1oyc\" data-element_type=\"widget\" data-widget_type=\"text-editor.default\">\n\t\t\t\t<div class=\"elementor-widget-container\">\n\t\t\t\t\t\t\t<h3>Abschnittsweise Sperrung\u00a0zwischen 6. und 9.\u00a0September\u00a0n\u00f6tig<\/h3><p>In der Zeit von Mittwoch, den 06.09.2017 bis Samstag, den 09.09.2017 kommt es in Wolkersdorf zur abschnittsweisen Sperrung der Unteren Pfaffensteigstra\u00dfe zwischen Am Wasserschlo\u00df und Baimbacher Stra\u00dfe.\u00a0<\/p><p><strong>Tiefbauarbeiten im Rahmen des Breitbandnetz-Ausbaus f\u00fcr Sperrung verantwortlich<\/strong><\/p><p>Grund der Sperrung sind Tiefbauarbeiten im Rahmen des Breitbandnetz-Ausbaus in diesem Bereich.<\/p><h3>Auch &#8222;Am Wasserschlo\u00df&#8220; von Sperrung betroffen<\/h3><p>Die Stra\u00dfe Am Wasserschlo\u00df ist auf H\u00f6he der Hausnummer 35\/34 f\u00fcr den Gesamtverkehr ebenfalls gesperrt. Der Verkehr wird \u00fcber die Tuchergasse und Dietersdorfer Stra\u00dfe umgeleitet.<\/p>\t\t\t\t\t\t<\/div>\n\t\t\t\t<\/div>\n\t\t\t\t<div class=\"elementor-element elementor-element-rf47wqh elementor-widget elementor-widget-google_maps\" data-id=\"rf47wqh\" data-element_type=\"widget\" data-widget_type=\"google_maps.default\">\n\t\t\t\t<div class=\"elementor-widget-container\">\n\t\t\t\t\t<div class=\"elementor-custom-embed\">\n\t\t\t<iframe loading=\"lazy\"\n\t\t\t\t\tsrc=\"https:\/\/maps.google.com\/maps?q=Untere%20Pfaffensteigstra%C3%9Fe%2C%2091126%20Wolkersdorf%2C%20Deutschland&#038;t=m&#038;z=15&#038;output=embed&#038;iwloc=near\"\n\t\t\t\t\ttitle=\"Untere Pfaffensteigstra\u00dfe, 91126 Wolkersdorf, Deutschland\"\n\t\t\t\t\taria-label=\"Untere Pfaffensteigstra\u00dfe, 91126 Wolkersdorf, Deutschland\"\n\t\t\t><\/iframe>\n\t\t<\/div>\n\t\t\t\t<\/div>\n\t\t\t\t<\/div>\n\t\t\t\t\t<\/div>\n\t\t<\/div>\n\t\t\t\t<div class=\"elementor-column elementor-col-33 elementor-top-column elementor-element elementor-element-uferl75\" data-id=\"uferl75\" data-element_type=\"column\">\n\t\t\t<div class=\"elementor-widget-wrap elementor-element-populated\">\n\t\t\t\t\t\t<div class=\"elementor-element elementor-element-xuttsc2 elementor-widget elementor-widget-image\" data-id=\"xuttsc2\" data-element_type=\"widget\" data-widget_type=\"image.default\">\n\t\t\t\t<div class=\"elementor-widget-container\">\n\t\t\t\t\t\t\t\t\t\t\t\t\t<img fetchpriority=\"high\" decoding=\"async\" width=\"300\" height=\"300\" src=\"https:\/\/www.region-schwabach.de\/wordpress\/wp-content\/uploads\/2017\/06\/werbung8-300x300.png\" class=\"attachment-medium size-medium wp-image-2484\" alt=\"\" srcset=\"https:\/\/www.region-schwabach.de\/wordpress\/wp-content\/uploads\/2017\/06\/werbung8-300x300.png 300w, https:\/\/www.region-schwabach.de\/wordpress\/wp-content\/uploads\/2017\/06\/werbung8-150x150.png 150w, https:\/\/www.region-schwabach.de\/wordpress\/wp-content\/uploads\/2017\/06\/werbung8-768x768.png 768w, https:\/\/www.region-schwabach.de\/wordpress\/wp-content\/uploads\/2017\/06\/werbung8-1024x1024.png 1024w, https:\/\/www.region-schwabach.de\/wordpress\/wp-content\/uploads\/2017\/06\/werbung8-600x600.png 600w, https:\/\/www.region-schwabach.de\/wordpress\/wp-content\/uploads\/2017\/06\/werbung8.png 1200w\" sizes=\"(max-width: 300px) 100vw, 300px\" \/>\t\t\t\t\t\t\t\t\t\t\t\t\t<\/div>\n\t\t\t\t<\/div>\n\t\t\t\t\t<\/div>\n\t\t<\/div>\n\t\t\t\t\t<\/div>\n\t\t<\/section>\n\t\t\t\t<\/div>\n\t\t","protected":false},"excerpt":{"rendered":"<div class=\"mh-excerpt\"><p>Abschnittsweise Sperrung\u00a0zwischen 6. und 9.\u00a0September\u00a0n\u00f6tig In der Zeit von Mittwoch, den 06.09.2017 bis Samstag, den 09.09.2017 kommt es in Wolkersdorf zur abschnittsweisen Sperrung der Unteren Pfaffensteigstra\u00dfe zwischen Am Wasserschlo\u00df und Baimbacher Stra\u00dfe. Tiefbauarbeiten im Rahmen <a class=\"mh-excerpt-more\" href=\"https:\/\/www.region-schwabach.de\/wordpress\/untere-pfaffensteigstrasse-in-wolkersdorf-vom-6-bis-9-september-gesperrt\/\" title=\"Untere Pfaffensteigstra\u00dfe in Wolkersdorf vom 6. bis 9. September gesperrt\">[&#8230;]<\/a><\/p>\n<\/div>","protected":false},"author":1,"featured_media":983,"comment_status":"open","ping_status":"open","sticky":false,"template":"template-full.php","format":"standard","meta":{"_cbd_carousel_blocks":"[]","footnotes":""},"categories":[14],"tags":[451,452,19,276,415,450,400],"class_list":{"0":"post-10026","1":"post","2":"type-post","3":"status-publish","4":"format-standard","5":"has-post-thumbnail","7":"category-verkehrsinfos","8":"tag-am-wasserschloss","9":"tag-baimbacher-strasse","10":"tag-schwabach","11":"tag-sperrung","12":"tag-tiefbauarbeiten","13":"tag-untere-pfaffensteigstrasse","14":"tag-wolkersdorf"},"_links":{"self":[{"href":"https:\/\/www.region-schwabach.de\/wordpress\/wp-json\/wp\/v2\/posts\/10026","targetHints":{"allow":["GET"]}}],"collection":[{"href":"https:\/\/www.region-schwabach.de\/wordpress\/wp-json\/wp\/v2\/posts"}],"about":[{"href":"https:\/\/www.region-schwabach.de\/wordpress\/wp-json\/wp\/v2\/types\/post"}],"author":[{"embeddable":true,"href":"https:\/\/www.region-schwabach.de\/wordpress\/wp-json\/wp\/v2\/users\/1"}],"replies":[{"embeddable":true,"href":"https:\/\/www.region-schwabach.de\/wordpress\/wp-json\/wp\/v2\/comments?post=10026"}],"version-history":[{"count":0,"href":"https:\/\/www.region-schwabach.de\/wordpress\/wp-json\/wp\/v2\/posts\/10026\/revisions"}],"wp:featuredmedia":[{"embeddable":true,"href":"https:\/\/www.region-schwabach.de\/wordpress\/wp-json\/wp\/v2\/media\/983"}],"wp:attachment":[{"href":"https:\/\/www.region-schwabach.de\/wordpress\/wp-json\/wp\/v2\/media?parent=10026"}],"wp:term":[{"taxonomy":"category","embeddable":true,"href":"https:\/\/www.region-schwabach.de\/wordpress\/wp-json\/wp\/v2\/categories?post=10026"},{"taxonomy":"post_tag","embeddable":true,"href":"https:\/\/www.region-schwabach.de\/wordpress\/wp-json\/wp\/v2\/tags?post=10026"}],"curies":[{"name":"wp","href":"https:\/\/api.w.org\/{rel}","templated":true}]}}