{"id":101921,"date":"2019-10-25T00:25:25","date_gmt":"2019-10-24T22:25:25","guid":{"rendered":"http:\/\/www.region-schwabach.de\/wordpress\/?p=101921"},"modified":"2019-10-25T11:18:10","modified_gmt":"2019-10-25T09:18:10","slug":"offentliche-sitzung-des-stadtrats-am-25-oktober-2019","status":"publish","type":"post","link":"https:\/\/www.region-schwabach.de\/wordpress\/offentliche-sitzung-des-stadtrats-am-25-oktober-2019\/","title":{"rendered":"\u00d6ffentliche Sitzung des Stadtrats am 25. Oktober 2019"},"content":{"rendered":"\t\t<div data-elementor-type=\"wp-post\" data-elementor-id=\"101921\" class=\"elementor elementor-101921\">\n\t\t\t\t\t\t<section class=\"elementor-section elementor-top-section elementor-element elementor-element-678181b elementor-section-boxed elementor-section-height-default elementor-section-height-default\" data-id=\"678181b\" data-element_type=\"section\">\n\t\t\t\t\t\t<div class=\"elementor-container elementor-column-gap-default\">\n\t\t\t\t\t<div class=\"elementor-column elementor-col-50 elementor-top-column elementor-element elementor-element-6b34026\" data-id=\"6b34026\" data-element_type=\"column\">\n\t\t\t<div class=\"elementor-widget-wrap elementor-element-populated\">\n\t\t\t\t\t\t<div class=\"elementor-element elementor-element-2e31143 elementor-widget elementor-widget-wp-widget-advads_ad_widget\" data-id=\"2e31143\" data-element_type=\"widget\" data-widget_type=\"wp-widget-advads_ad_widget.default\">\n\t\t\t\t<div class=\"elementor-widget-container\">\n\t\t\t<div id=\"regio-4265039339\"><div class=\"regio-adlabel\">Werbung<\/div><!-- Beginn https:\/\/www.financeads.net\/-Code --><a href=\"https:\/\/www.financeads.net\/tc.php?t=36648C19118058B\" target=\"_blank\"><img fetchpriority=\"high\" decoding=\"async\" src=\"https:\/\/www.financeads.net\/tb.php?t=36648V19118058B&https=1\" alt=\"\" border=\"0\" width=\"728\" height=\"90\"><\/a><!-- Ende https:\/\/www.financeads.net\/-Code --><\/div>\t\t<\/div>\n\t\t\t\t<\/div>\n\t\t\t\t<div class=\"elementor-element elementor-element-443ab98 elementor-widget elementor-widget-text-editor\" data-id=\"443ab98\" data-element_type=\"widget\" data-widget_type=\"text-editor.default\">\n\t\t\t\t<div class=\"elementor-widget-container\">\n\t\t\t\t\t\t\t<h3>\u00d6ffentliche Sitzung des Stadtrats<\/h3><p><span style=\"font-size: 12pt;\">Am Freitag, den 27.06.2019, findet im Sitzungssaal des B\u00fcrgerhauses, K\u00f6nigsplatz 33 a, I. OG um 16.00 Uhr die \u00f6ffentliche Sitzung des Stadtrats mit foldender Tagesordnung statt:<\/span><\/p><ol><li><p><span style=\"font-size: 12pt;\">Gesellschafterversammlung der GEWOBAU der Stadt Schwabach GmbH<\/span><br \/><span style=\"font-size: 12pt;\">Gesellschafterversammlung der SGS Stadtstrukturgesellschaft Schwabach mbH<\/span><\/p><\/li><li><p><span style=\"font-size: 12pt;\">Aufstellung einer Vorschlagsliste f\u00fcr ehrenamtliche Richterinnen und Richter f\u00fcr das Verwaltungsgericht Ansbach; Amtsperiode 2020 &#8211; 2025<\/span><\/p><\/li><li><p><span style=\"font-size: 12pt;\">Verl\u00e4ngerung der Rahmenvereinbarung zur Haushaltskonsolidierung<\/span><\/p><\/li><li><p><span style=\"font-size: 12pt;\">Personalwirtschaftlicher Stellenplan 2020; B\u00fcrgermeister- und Presseamt (BMPA); Stellenumfang Assistenzkraft<\/span><\/p><\/li><li><p><span style=\"font-size: 12pt;\">Personalwirtschaftlicher Stellenplan 2020; Amt f\u00fcr Senioren und Soziales<\/span><\/p><\/li><li><p><span style=\"font-size: 12pt;\">Personalwirtschaftlicher Stellenplan 2020; B\u00fcrgermeister- und Presseamt; Stellenschaffung &#8222;Sachbearbeitung Digitalisierungskoordination und -management&#8220;<\/span><\/p><\/li><li><p><span style=\"font-size: 12pt;\">Personalwirtschaftlicher Stellenplan 2020; B\u00fcrgermeister- und Presseamt, Sachgebiet Informationstechnik; Stellenschaffung \u201eSachbearbeitung IT-Koordination\u201c<\/span><\/p><\/li><li><p><span style=\"font-size: 12pt;\">Personalwirtschaftlicher Stellenplan 2020; B\u00fcrgermeister- und Presseamt, Sachgebiet Informationstechnik; Stellenschaffung \u201eSachbearbeitung Geoinformationssystem\u201c<\/span><\/p><\/li><li><p><span style=\"font-size: 12pt;\">Personalwirtschaftlicher Stellenplan 2020; Gesch\u00e4ftsbereich Oberb\u00fcrgermeister; Gleichstellungsstelle; Stellenumfang Assistenzkraft<\/span><\/p><\/li><li><p><span style=\"font-size: 12pt;\">Personalwirtschaftlicher Stellenplan 2020; Kulturamt; LesArt<\/span><\/p><\/li><li><p><span style=\"font-size: 12pt;\">Personalwirtschaftlicher Stellenplan 2020; Kulturamt; Stadtmuseum; Stellenumfang Goldschl\u00e4ger<\/span><\/p><\/li><li><p><span style=\"font-size: 12pt;\">Personalbedarfsplanung f\u00fcr den Stellenplan 2020; Fortschreibung des Springerkonzepts<\/span><\/p><\/li><li><p><span style=\"font-size: 12pt;\">Personalwirtschaftlicher Stellenplan 2020; Amt f\u00fcr Personal und Organisation<\/span><\/p><\/li><li><p>\u00a0<\/p><p><span style=\"font-size: 12pt;\">Personalwirtschaftlicher Stellenplan 2020; Schul- und Sportamt; Stellenwerte und Stellenumfang<\/span><\/p><\/li><li><p><span style=\"font-size: 12pt;\">Personalwirtschaftlicher Stellenplan 2020; Amt f\u00fcr Jugend und Familie, SG Kommunale Jugendarbeit; Stellenumfang Offene Kinder- und Jugendarbeit<\/span><\/p><\/li><li><p><span style=\"font-size: 12pt;\">Personalwirtschaftlicher Stellenplan 2020; Amt f\u00fcr Jugend und Familie; SG Kommunale Jugendarbeit; Erh\u00f6hung Stellenumfang Jugendsozialarbeit an Schulen (Joh.-Helm-Schule und Luitpoldschule)<\/span><\/p><\/li><li><p><span style=\"font-size: 12pt;\">Personalwirtschaftlicher Stellenplan 2020; Amt f\u00fcr Jugend und Familie; SG Kommunale Jugendarbeit; Stellenschaffung f\u00fcr eine Planstelle Jugendsozialarbeit an Schulen (Hermann-Stamm-Realschule)<\/span><\/p><\/li><li><p><span style=\"font-size: 12pt;\">Personalwirtschaftlicher Stellenplan 2020; Ordnungsamt; Stellenumfang im Sachgebiet Ausl\u00e4nderb\u00fcro<\/span><\/p><\/li><li><p><span style=\"font-size: 12pt;\">Personalwirtschaftlicher Stellenplan 2020; Umweltamt, Klimaschutz\/Umweltplanung; Stellenumfang<\/span><\/p><\/li><li><p><span style=\"font-size: 12pt;\">Personalwirtschaftlicher Stellenplan 2020; K\u00e4mmereiamt, Stadtkasse; Stellenumfang Zahlstelle<\/span><\/p><\/li><li><p><span style=\"font-size: 12pt;\">Personalwirtschaftlicher Stellenplan 2020 Amt f\u00fcr Liegenschaften und Wirtschaftsf\u00f6rderung<\/span><\/p><\/li><li><p><span style=\"font-size: 12pt;\">Personalwirtschaftlicher Stellenplan 2020; Amt f\u00fcr Geb\u00e4udemanagement; Stellenschaffung im Sachgebiet Technisches Geb\u00e4udemanagement<\/span><\/p><\/li><li><p><span style=\"font-size: 12pt;\">Personalwirtschaftlicher Stellenplan 2020; Amt f\u00fcr Geb\u00e4udemanagement, Sachgebiet Technisches Geb\u00e4udemanagement; Stellenumfang<\/span><\/p><\/li><li><p><span style=\"font-size: 12pt;\">Personalwirtschaftlicher Stellenplan 2020; Amt f\u00fcr Geb\u00e4udemanagement; SG Kaufm\u00e4nnisches und Infrastrukturelles Geb\u00e4udemanagement; Bewertung und Umfang Planstelle Nr. 142 SB Geb\u00e4udereinigung<\/span><\/p><\/li><li><p><span style=\"font-size: 12pt;\">Personalwirtschaftlicher Stellenplan 2020; Amt f\u00fcr Stadtplanung und Bauordnung<\/span><\/p><\/li><li><p><span style=\"font-size: 12pt;\">Personalwirtschaftlicher Stellenplan 2020; Stellenplan Kl\u00e4ranlage<\/span><\/p><\/li><li><p><span style=\"font-size: 12pt;\">Personalwirtschaftlicher Stellenplan 2020; Baubetriebsamt; Stadtg\u00e4rtnerei; Umsetzung eines Organisationsgutachtens<\/span><\/p><\/li><li><p><span style=\"font-size: 12pt;\">1. Verordnung zur \u00c4nderung der Verordnung der Stadt Schwabach \u00fcber Parkgeb\u00fchren<\/span><\/p><\/li><li><p><span style=\"font-size: 12pt;\">Vorhabenbezogener Bebauungsplan VEP S-XI-19 &#8222;Wohn- und Gesch\u00e4ftsbebauung Z\u00f6llnertor&#8220;<\/span><br \/><span style=\"font-size: 12pt;\">&#8211; Vorstellung der Planung<\/span><br \/><span style=\"font-size: 12pt;\">&#8211; Einleitung des Bebauungsplanverfahrens VEP S-XI-19 &#8222;Wohn- und Gesch\u00e4ftsbebauung Z\u00f6llnertor&#8220;<\/span><br \/><span style=\"font-size: 12pt;\">&#8211; Einleitung des Verfahrens zur Aufhebung des Bebauungsplanes S-30-68 &#8222;F\u00fcr das Gebiet zwischen der Reichswaisenhausstra\u00dfe, der Petzoldstra\u00dfe, der s\u00fcdlichen Mauerstra\u00dfe und der Z\u00f6llnertorstra\u00dfe&#8220;<\/span><\/p><\/li><li><p><span style=\"font-size: 12pt;\">Vorhabenbezogener Bebauungsplan VEP S-V-06 \u201eWohnbebauung an der Oberreichenbacher Stra\u00dfe\u201c, erg\u00e4nzender Satzungsbeschluss<\/span><\/p><\/li><li><p><span style=\"font-size: 12pt;\">Einzelhandels-, Zentren- und Tourismuskonzept der Stadt Schwabach (Stand Oktober 2019)<\/span><\/p><\/li><\/ol>\t\t\t\t\t\t<\/div>\n\t\t\t\t<\/div>\n\t\t\t\t<div class=\"elementor-element elementor-element-21c3450 elementor-widget-divider--view-line elementor-widget elementor-widget-divider\" data-id=\"21c3450\" data-element_type=\"widget\" data-widget_type=\"divider.default\">\n\t\t\t\t<div class=\"elementor-widget-container\">\n\t\t\t\t\t<div class=\"elementor-divider\">\n\t\t\t<span class=\"elementor-divider-separator\">\n\t\t\t\t\t\t<\/span>\n\t\t<\/div>\n\t\t\t\t<\/div>\n\t\t\t\t<\/div>\n\t\t\t\t<div class=\"elementor-element elementor-element-f4c690c elementor-widget elementor-widget-google_maps\" data-id=\"f4c690c\" data-element_type=\"widget\" data-widget_type=\"google_maps.default\">\n\t\t\t\t<div class=\"elementor-widget-container\">\n\t\t\t\t\t<div class=\"elementor-custom-embed\">\n\t\t\t<iframe loading=\"lazy\"\n\t\t\t\t\tsrc=\"https:\/\/maps.google.com\/maps?q=K%C3%B6nigsplatz%2033a%2C%20Schwabach%2C%20Deutschland&#038;t=m&#038;z=17&#038;output=embed&#038;iwloc=near\"\n\t\t\t\t\ttitle=\"K\u00f6nigsplatz 33a, Schwabach, Deutschland\"\n\t\t\t\t\taria-label=\"K\u00f6nigsplatz 33a, Schwabach, Deutschland\"\n\t\t\t><\/iframe>\n\t\t<\/div>\n\t\t\t\t<\/div>\n\t\t\t\t<\/div>\n\t\t\t\t\t<\/div>\n\t\t<\/div>\n\t\t\t\t<div class=\"elementor-column elementor-col-50 elementor-top-column elementor-element elementor-element-dd4c02c\" data-id=\"dd4c02c\" data-element_type=\"column\">\n\t\t\t<div class=\"elementor-widget-wrap elementor-element-populated\">\n\t\t\t\t\t\t<div class=\"elementor-element elementor-element-afcda01 elementor-widget elementor-widget-heading\" data-id=\"afcda01\" data-element_type=\"widget\" data-widget_type=\"heading.default\">\n\t\t\t\t<div class=\"elementor-widget-container\">\n\t\t\t<h3 class=\"elementor-heading-title elementor-size-default\">Schnell vergleichen und sparen!<\/h3>\t\t<\/div>\n\t\t\t\t<\/div>\n\t\t\t\t<div class=\"elementor-element elementor-element-4a29827 elementor-widget elementor-widget-wp-widget-advads_ad_widget\" data-id=\"4a29827\" data-element_type=\"widget\" data-widget_type=\"wp-widget-advads_ad_widget.default\">\n\t\t\t\t<div class=\"elementor-widget-container\">\n\t\t\t<div id=\"regio-2681291801\"><div class=\"regio-adlabel\">Werbung<\/div><!-- Beginn https:\/\/www.financeads.net\/-Code --><a href=\"https:\/\/www.financeads.net\/tc.php?t=36648C236142529B\" target=\"_blank\"><img decoding=\"async\" src=\"https:\/\/www.financeads.net\/tb.php?t=36648V236142529B&https=1\" alt=\"\" border=\"0\" width=\"300\" height=\"250\"><\/a><!-- Ende https:\/\/www.financeads.net\/-Code --><\/div>\t\t<\/div>\n\t\t\t\t<\/div>\n\t\t\t\t<div class=\"elementor-element elementor-element-1017dfe elementor-widget elementor-widget-wp-widget-advads_ad_widget\" data-id=\"1017dfe\" data-element_type=\"widget\" data-widget_type=\"wp-widget-advads_ad_widget.default\">\n\t\t\t\t<div class=\"elementor-widget-container\">\n\t\t\t<div id=\"regio-451686450\"><div class=\"regio-adlabel\">Werbung<\/div><!-- Beginn https:\/\/www.financeads.net\/-Code --><a href=\"https:\/\/www.financeads.net\/tc.php?t=36648C42614510B\" target=\"_blank\"><img decoding=\"async\" src=\"https:\/\/www.financeads.net\/tb.php?t=36648V42614510B&https=1\" alt=\"\" border=\"0\" width=\"200\" height=\"300\"><\/a><!-- Ende https:\/\/www.financeads.net\/-Code --><\/div>\t\t<\/div>\n\t\t\t\t<\/div>\n\t\t\t\t<div class=\"elementor-element elementor-element-fd0ad79 elementor-widget elementor-widget-wp-widget-advads_ad_widget\" data-id=\"fd0ad79\" data-element_type=\"widget\" data-widget_type=\"wp-widget-advads_ad_widget.default\">\n\t\t\t\t<div class=\"elementor-widget-container\">\n\t\t\t<div id=\"regio-2337037189\"><div class=\"regio-adlabel\">Werbung<\/div><!-- Beginn https:\/\/www.financeads.net\/-Code --><a href=\"https:\/\/www.financeads.net\/tc.php?t=36648C205040072B\" target=\"_blank\"><img loading=\"lazy\" decoding=\"async\" src=\"https:\/\/www.financeads.net\/tb.php?t=36648V205040072B&https=1\" alt=\"\" border=\"0\" width=\"300\" height=\"250\"><\/a><!-- Ende https:\/\/www.financeads.net\/-Code --><\/div>\t\t<\/div>\n\t\t\t\t<\/div>\n\t\t\t\t<div class=\"elementor-element elementor-element-4484a81 elementor-widget elementor-widget-wp-widget-advads_ad_widget\" data-id=\"4484a81\" data-element_type=\"widget\" data-widget_type=\"wp-widget-advads_ad_widget.default\">\n\t\t\t\t<div class=\"elementor-widget-container\">\n\t\t\t<div id=\"regio-1644751975\"><div class=\"regio-adlabel\">Werbung<\/div><!-- Beginn https:\/\/www.financeads.net\/-Code --><a href=\"https:\/\/www.financeads.net\/tc.php?t=36648C271460142B\" target=\"_blank\"><img loading=\"lazy\" decoding=\"async\" src=\"https:\/\/www.financeads.net\/tb.php?t=36648V271460142B&https=1\" alt=\"PETPROTECT_Hund&Katze_Banner\" border=\"0\" width=\"250\" height=\"250\"><\/a><!-- Ende https:\/\/www.financeads.net\/-Code --><\/div>\t\t<\/div>\n\t\t\t\t<\/div>\n\t\t\t\t\t<\/div>\n\t\t<\/div>\n\t\t\t\t\t<\/div>\n\t\t<\/section>\n\t\t\t\t<\/div>\n\t\t","protected":false},"excerpt":{"rendered":"<div class=\"mh-excerpt\"><p>\u00d6ffentliche Sitzung des Stadtrats Am Freitag, den 27.06.2019, findet im Sitzungssaal des B\u00fcrgerhauses, K\u00f6nigsplatz 33 a, I. OG um 16.00 Uhr die \u00f6ffentliche Sitzung des Stadtrats mit foldender Tagesordnung statt: Gesellschafterversammlung der GEWOBAU der Stadt <a class=\"mh-excerpt-more\" href=\"https:\/\/www.region-schwabach.de\/wordpress\/offentliche-sitzung-des-stadtrats-am-25-oktober-2019\/\" title=\"\u00d6ffentliche Sitzung des Stadtrats am 25. Oktober 2019\">[&#8230;]<\/a><\/p>\n<\/div>","protected":false},"author":1,"featured_media":39357,"comment_status":"open","ping_status":"open","sticky":false,"template":"","format":"standard","meta":{"_cbd_carousel_blocks":"[]","footnotes":""},"categories":[16,79,61],"tags":[11051,3604,3959,3960,1480,19,3605,3151],"class_list":{"0":"post-101921","1":"post","2":"type-post","3":"status-publish","4":"format-standard","5":"has-post-thumbnail","7":"category-aktuell","8":"category-politik","9":"category-rathaus","10":"tag-25-10-2019","11":"tag-buergerhaus","12":"tag-koenigsplatz-33-a","13":"tag-oeffentliche-sitzung-des-stadtrats","14":"tag-rathaus","15":"tag-schwabach","16":"tag-sitzungsaal","17":"tag-stadt-schwabach"},"_links":{"self":[{"href":"https:\/\/www.region-schwabach.de\/wordpress\/wp-json\/wp\/v2\/posts\/101921","targetHints":{"allow":["GET"]}}],"collection":[{"href":"https:\/\/www.region-schwabach.de\/wordpress\/wp-json\/wp\/v2\/posts"}],"about":[{"href":"https:\/\/www.region-schwabach.de\/wordpress\/wp-json\/wp\/v2\/types\/post"}],"author":[{"embeddable":true,"href":"https:\/\/www.region-schwabach.de\/wordpress\/wp-json\/wp\/v2\/users\/1"}],"replies":[{"embeddable":true,"href":"https:\/\/www.region-schwabach.de\/wordpress\/wp-json\/wp\/v2\/comments?post=101921"}],"version-history":[{"count":0,"href":"https:\/\/www.region-schwabach.de\/wordpress\/wp-json\/wp\/v2\/posts\/101921\/revisions"}],"wp:featuredmedia":[{"embeddable":true,"href":"https:\/\/www.region-schwabach.de\/wordpress\/wp-json\/wp\/v2\/media\/39357"}],"wp:attachment":[{"href":"https:\/\/www.region-schwabach.de\/wordpress\/wp-json\/wp\/v2\/media?parent=101921"}],"wp:term":[{"taxonomy":"category","embeddable":true,"href":"https:\/\/www.region-schwabach.de\/wordpress\/wp-json\/wp\/v2\/categories?post=101921"},{"taxonomy":"post_tag","embeddable":true,"href":"https:\/\/www.region-schwabach.de\/wordpress\/wp-json\/wp\/v2\/tags?post=101921"}],"curies":[{"name":"wp","href":"https:\/\/api.w.org\/{rel}","templated":true}]}}