{"id":102055,"date":"2019-10-27T11:33:16","date_gmt":"2019-10-27T10:33:16","guid":{"rendered":"http:\/\/www.region-schwabach.de\/wordpress\/?p=102055"},"modified":"2019-10-27T12:05:30","modified_gmt":"2019-10-27T11:05:30","slug":"polizeibericht-zu-fahrradkontrollen-der-pi-weissenburg","status":"publish","type":"post","link":"https:\/\/www.region-schwabach.de\/wordpress\/polizeibericht-zu-fahrradkontrollen-der-pi-weissenburg\/","title":{"rendered":"Polizeibericht zu Fahrradkontrollen der PI Wei\u00dfenburg"},"content":{"rendered":"\t\t<div data-elementor-type=\"wp-post\" data-elementor-id=\"102055\" class=\"elementor elementor-102055\">\n\t\t\t\t\t\t<section class=\"elementor-section elementor-top-section elementor-element elementor-element-1cuv9jr elementor-section-boxed elementor-section-height-default elementor-section-height-default\" data-id=\"1cuv9jr\" data-element_type=\"section\">\n\t\t\t\t\t\t<div class=\"elementor-container elementor-column-gap-default\">\n\t\t\t\t\t<div class=\"elementor-column elementor-col-50 elementor-top-column elementor-element elementor-element-q5zak7b\" data-id=\"q5zak7b\" data-element_type=\"column\">\n\t\t\t<div class=\"elementor-widget-wrap elementor-element-populated\">\n\t\t\t\t\t\t<div class=\"elementor-element elementor-element-f3e1a8e elementor-widget elementor-widget-wp-widget-advads_ad_widget\" data-id=\"f3e1a8e\" data-element_type=\"widget\" data-widget_type=\"wp-widget-advads_ad_widget.default\">\n\t\t\t\t<div class=\"elementor-widget-container\">\n\t\t\t<div id=\"regio-3945049526\"><div class=\"regio-adlabel\">Werbung<\/div><!-- Beginn https:\/\/www.financeads.net\/-Code --><a href=\"https:\/\/www.financeads.net\/tc.php?t=36648C19118058B\" target=\"_blank\"><img fetchpriority=\"high\" decoding=\"async\" src=\"https:\/\/www.financeads.net\/tb.php?t=36648V19118058B&https=1\" alt=\"\" border=\"0\" width=\"728\" height=\"90\"><\/a><!-- Ende https:\/\/www.financeads.net\/-Code --><\/div>\t\t<\/div>\n\t\t\t\t<\/div>\n\t\t\t\t<div class=\"elementor-element elementor-element-a4daeae elementor-widget elementor-widget-text-editor\" data-id=\"a4daeae\" data-element_type=\"widget\" data-widget_type=\"text-editor.default\">\n\t\t\t\t<div class=\"elementor-widget-container\">\n\t\t\t\t\t\t\t<h3>Fahrradkontrollen im Wei\u00dfenburger Schulzentrum<\/h3><p><span style=\"font-size: 12pt;\">Wei\u00dfenburg &#8211; Sch\u00fcler, die am Freitag, den 25.10.2019, vor den Herbstferien mit dem Fahrrad zur Schule unterwegs waren, wurden im Schulzentrum von der Wei\u00dfenburger Polizei von Fahrradkontrollen &#8211; die von Insgesamt zehn Beamten der Polizeiinspektion Wei\u00dfenburg, unterst\u00fctzt von Beamten in Ausbildung der Bereitschaftspolizei Eichst\u00e4tt und in Zusammenarbeit mit den Lehrern der Mittelschule, Realschule und des Gymnasiums durchgef\u00fchrt wurden &#8211; \u00fcberrascht. Und so dauerte es nicht lange, bis die ersten \u201eVerkehrss\u00fcnder\u201c ins Netz gingen,wobei bei einer erheblichen Anzahl der kontorollierten R\u00e4der M\u00e4ngel festgestellt werden mu\u00dften.<\/span><\/p><p><span style=\"font-size: 12pt;\">Ca. ein Drittel der jungen Radler war mit mangelhafter Beleuchtungseinrichtung oder sogar ohne Beleuchtung unterwegs. Leichtsinniger Weise hatten auch einige Fahrer l ihr intaktes Licht, trotz Dunkelheit, einfach nicht eingeschaltet. Auffallend viele Fahrr\u00e4der wiesen Ausstattungsm\u00e4ngel auf. So fehlte mal die Klingel, mal waren es zerbrochene oder fehlende Reflektoren. Funktionsunf\u00e4hige Bremsen gab es erfreulicher Weise nur wenige.<\/span><\/p><p><span style=\"font-size: 12pt;\">Die Kontrolle erfolgte, weil wiederholt festgestellt werden mu\u00dfte, da\u00df zunehmend Radfahrer ohne ausreichende Beleuchtung unterwegs sind. Trotz vieler Kontrollen und Beanstandungen in letzter Zeit ist noch nicht der erw\u00fcnschte Erfolg eingetreten.<\/span><\/p><p><span style=\"font-size: 12pt;\">Bei der Kontrolle handelte es sich um eine pr\u00e4ventive Ma\u00dfnahme im Rahmen der Verkehrserziehung. Es wurden keine Sanktionen in Form von Verwarnungen erhoben, stattdessen erhalten die Eltern einen Brief von der Schule, in dem sie auf die festgestellten M\u00e4ngel hingewiesen und zu deren Beseitigungaufgefordert werden.<\/span><\/p><p><span style=\"font-size: 12pt;\">Neben den Ausr\u00fcstungsvorschriften f\u00fcr Fahrr\u00e4der tr\u00e4gt die Kleidung der Radfahrer erheblich zur Sicherheit im Stra\u00dfenverkehr bei. So sollten Fahrradfahrer helle und\/oder reflektierende Kleidung tragen. Auffallend viele Sch\u00fcler waren ohne Helm unterwegs. Eltern sollten wieder mehr darauf achten, da\u00df ihre Kinder beim Radfahren einen Helm l tragen und im besten Fall selbst als Vorbild vorangehen.<\/span><\/p><p><span style=\"font-size: 12pt;\">Die Polizei appelliert an alle Radfahrer, Eltern und Sch\u00fcler, zuk\u00fcnftig die Ausr\u00fcstungsvorschriften f\u00fcr Fahrr\u00e4der wieder besser zu beachten. Zur Vermeidung von Unf\u00e4llen ist es unerl\u00e4sslich, bei D\u00e4mmerung oder Dunkelheit eine funktionsf\u00e4hige Beleuchtung am Fahrrad zu haben und diese auch einzuschalten. Nur so k\u00f6nnen m\u00f6gliche Gefahren einged\u00e4mmt werden. Helle und\/oder reflektierende Kleidung kann vor einem lVerkehrsunfall sch\u00fctzen und sollte es zu einem Sturz kommen, kann der Helm vor schweren Kopfverletzungen sch\u00fctzen.<\/span><\/p>\t\t\t\t\t\t<\/div>\n\t\t\t\t<\/div>\n\t\t\t\t<div class=\"elementor-element elementor-element-ace1283 elementor-widget-divider--view-line elementor-widget elementor-widget-divider\" data-id=\"ace1283\" data-element_type=\"widget\" data-widget_type=\"divider.default\">\n\t\t\t\t<div class=\"elementor-widget-container\">\n\t\t\t\t\t<div class=\"elementor-divider\">\n\t\t\t<span class=\"elementor-divider-separator\">\n\t\t\t\t\t\t<\/span>\n\t\t<\/div>\n\t\t\t\t<\/div>\n\t\t\t\t<\/div>\n\t\t\t\t<div class=\"elementor-element elementor-element-83d1a63 elementor-widget elementor-widget-google_maps\" data-id=\"83d1a63\" data-element_type=\"widget\" data-widget_type=\"google_maps.default\">\n\t\t\t\t<div class=\"elementor-widget-container\">\n\t\t\t\t\t<div class=\"elementor-custom-embed\">\n\t\t\t<iframe loading=\"lazy\"\n\t\t\t\t\tsrc=\"https:\/\/maps.google.com\/maps?q=Wiesenstra%C3%9Fe%2C%2C%20Wei%C3%9Fenburg%2C%20Deutschland&#038;t=m&#038;z=16&#038;output=embed&#038;iwloc=near\"\n\t\t\t\t\ttitle=\"Wiesenstra\u00dfe,, Wei\u00dfenburg, Deutschland\"\n\t\t\t\t\taria-label=\"Wiesenstra\u00dfe,, Wei\u00dfenburg, Deutschland\"\n\t\t\t><\/iframe>\n\t\t<\/div>\n\t\t\t\t<\/div>\n\t\t\t\t<\/div>\n\t\t\t\t\t<\/div>\n\t\t<\/div>\n\t\t\t\t<div class=\"elementor-column elementor-col-50 elementor-top-column elementor-element elementor-element-bca16a1\" data-id=\"bca16a1\" data-element_type=\"column\">\n\t\t\t<div class=\"elementor-widget-wrap elementor-element-populated\">\n\t\t\t\t\t\t<div class=\"elementor-element elementor-element-d99c01b elementor-widget elementor-widget-heading\" data-id=\"d99c01b\" data-element_type=\"widget\" data-widget_type=\"heading.default\">\n\t\t\t\t<div class=\"elementor-widget-container\">\n\t\t\t<h3 class=\"elementor-heading-title elementor-size-default\">Schnell vergleichen und sparen!<\/h3>\t\t<\/div>\n\t\t\t\t<\/div>\n\t\t\t\t<div class=\"elementor-element elementor-element-f8fcb73 elementor-widget elementor-widget-wp-widget-advads_ad_widget\" data-id=\"f8fcb73\" data-element_type=\"widget\" data-widget_type=\"wp-widget-advads_ad_widget.default\">\n\t\t\t\t<div class=\"elementor-widget-container\">\n\t\t\t<div id=\"regio-1996154257\"><div class=\"regio-adlabel\">Werbung<\/div><!-- Beginn https:\/\/www.financeads.net\/-Code --><a href=\"https:\/\/www.financeads.net\/tc.php?t=36648C236142529B\" target=\"_blank\"><img decoding=\"async\" src=\"https:\/\/www.financeads.net\/tb.php?t=36648V236142529B&https=1\" alt=\"\" border=\"0\" width=\"300\" height=\"250\"><\/a><!-- Ende https:\/\/www.financeads.net\/-Code --><\/div>\t\t<\/div>\n\t\t\t\t<\/div>\n\t\t\t\t<div class=\"elementor-element elementor-element-76d498a elementor-widget elementor-widget-wp-widget-advads_ad_widget\" data-id=\"76d498a\" data-element_type=\"widget\" data-widget_type=\"wp-widget-advads_ad_widget.default\">\n\t\t\t\t<div class=\"elementor-widget-container\">\n\t\t\t<div id=\"regio-3378182201\"><div class=\"regio-adlabel\">Werbung<\/div><!-- Beginn https:\/\/www.financeads.net\/-Code --><a href=\"https:\/\/www.financeads.net\/tc.php?t=36648C42614510B\" target=\"_blank\"><img decoding=\"async\" src=\"https:\/\/www.financeads.net\/tb.php?t=36648V42614510B&https=1\" alt=\"\" border=\"0\" width=\"200\" height=\"300\"><\/a><!-- Ende https:\/\/www.financeads.net\/-Code --><\/div>\t\t<\/div>\n\t\t\t\t<\/div>\n\t\t\t\t<div class=\"elementor-element elementor-element-22c1304 elementor-widget elementor-widget-wp-widget-advads_ad_widget\" data-id=\"22c1304\" data-element_type=\"widget\" data-widget_type=\"wp-widget-advads_ad_widget.default\">\n\t\t\t\t<div class=\"elementor-widget-container\">\n\t\t\t<div id=\"regio-3803799801\"><div class=\"regio-adlabel\">Werbung<\/div><!-- Beginn https:\/\/www.financeads.net\/-Code --><a href=\"https:\/\/www.financeads.net\/tc.php?t=36648C205040072B\" target=\"_blank\"><img loading=\"lazy\" decoding=\"async\" src=\"https:\/\/www.financeads.net\/tb.php?t=36648V205040072B&https=1\" alt=\"\" border=\"0\" width=\"300\" height=\"250\"><\/a><!-- Ende https:\/\/www.financeads.net\/-Code --><\/div>\t\t<\/div>\n\t\t\t\t<\/div>\n\t\t\t\t<div class=\"elementor-element elementor-element-a79da85 elementor-widget elementor-widget-wp-widget-advads_ad_widget\" data-id=\"a79da85\" data-element_type=\"widget\" data-widget_type=\"wp-widget-advads_ad_widget.default\">\n\t\t\t\t<div class=\"elementor-widget-container\">\n\t\t\t<div id=\"regio-653953827\"><div class=\"regio-adlabel\">Werbung<\/div><!-- Beginn https:\/\/www.financeads.net\/-Code --><a href=\"https:\/\/www.financeads.net\/tc.php?t=36648C271460142B\" target=\"_blank\"><img loading=\"lazy\" decoding=\"async\" src=\"https:\/\/www.financeads.net\/tb.php?t=36648V271460142B&https=1\" alt=\"PETPROTECT_Hund&Katze_Banner\" border=\"0\" width=\"250\" height=\"250\"><\/a><!-- Ende https:\/\/www.financeads.net\/-Code --><\/div>\t\t<\/div>\n\t\t\t\t<\/div>\n\t\t\t\t\t<\/div>\n\t\t<\/div>\n\t\t\t\t\t<\/div>\n\t\t<\/section>\n\t\t\t\t<\/div>\n\t\t","protected":false},"excerpt":{"rendered":"<div class=\"mh-excerpt\"><p>Fahrradkontrollen im Wei\u00dfenburger Schulzentrum Wei\u00dfenburg &#8211; Sch\u00fcler, die am Freitag, den 25.10.2019, vor den Herbstferien mit dem Fahrrad zur Schule unterwegs waren, wurden im Schulzentrum von der Wei\u00dfenburger Polizei von Fahrradkontrollen &#8211; die von Insgesamt <a class=\"mh-excerpt-more\" href=\"https:\/\/www.region-schwabach.de\/wordpress\/polizeibericht-zu-fahrradkontrollen-der-pi-weissenburg\/\" title=\"Polizeibericht zu Fahrradkontrollen der PI Wei\u00dfenburg\">[&#8230;]<\/a><\/p>\n<\/div>","protected":false},"author":1,"featured_media":102056,"comment_status":"open","ping_status":"open","sticky":false,"template":"","format":"standard","meta":{"_cbd_carousel_blocks":"[]","footnotes":""},"categories":[15],"tags":[11051,1123,638,11068,11037,724,6269,1145,981,3447,2407,249,624],"class_list":{"0":"post-102055","1":"post","2":"type-post","3":"status-publish","4":"format-standard","5":"has-post-thumbnail","7":"category-polizeimeldungen","8":"tag-25-10-2019","9":"tag-an-der-hagenau","10":"tag-beleuchtung","11":"tag-bremsen","12":"tag-fahrradkontrollen","13":"tag-gymnasium","14":"tag-maengel","15":"tag-mittelschule","16":"tag-polizei","17":"tag-realschule","18":"tag-schulzentrum","19":"tag-weissenburg","20":"tag-wiesenstrasse"},"_links":{"self":[{"href":"https:\/\/www.region-schwabach.de\/wordpress\/wp-json\/wp\/v2\/posts\/102055","targetHints":{"allow":["GET"]}}],"collection":[{"href":"https:\/\/www.region-schwabach.de\/wordpress\/wp-json\/wp\/v2\/posts"}],"about":[{"href":"https:\/\/www.region-schwabach.de\/wordpress\/wp-json\/wp\/v2\/types\/post"}],"author":[{"embeddable":true,"href":"https:\/\/www.region-schwabach.de\/wordpress\/wp-json\/wp\/v2\/users\/1"}],"replies":[{"embeddable":true,"href":"https:\/\/www.region-schwabach.de\/wordpress\/wp-json\/wp\/v2\/comments?post=102055"}],"version-history":[{"count":0,"href":"https:\/\/www.region-schwabach.de\/wordpress\/wp-json\/wp\/v2\/posts\/102055\/revisions"}],"wp:featuredmedia":[{"embeddable":true,"href":"https:\/\/www.region-schwabach.de\/wordpress\/wp-json\/wp\/v2\/media\/102056"}],"wp:attachment":[{"href":"https:\/\/www.region-schwabach.de\/wordpress\/wp-json\/wp\/v2\/media?parent=102055"}],"wp:term":[{"taxonomy":"category","embeddable":true,"href":"https:\/\/www.region-schwabach.de\/wordpress\/wp-json\/wp\/v2\/categories?post=102055"},{"taxonomy":"post_tag","embeddable":true,"href":"https:\/\/www.region-schwabach.de\/wordpress\/wp-json\/wp\/v2\/tags?post=102055"}],"curies":[{"name":"wp","href":"https:\/\/api.w.org\/{rel}","templated":true}]}}