{"id":102087,"date":"2019-10-30T00:07:48","date_gmt":"2019-10-29T23:07:48","guid":{"rendered":"http:\/\/www.region-schwabach.de\/wordpress\/?p=102087"},"modified":"2019-10-30T07:25:08","modified_gmt":"2019-10-30T06:25:08","slug":"aktivspielplatz-goldnagel-in-den-herbstferien-geoffnet","status":"publish","type":"post","link":"https:\/\/www.region-schwabach.de\/wordpress\/aktivspielplatz-goldnagel-in-den-herbstferien-geoffnet\/","title":{"rendered":"Aktivspielplatz &#8222;Goldnagel&#8220; in den Herbstferien ge\u00f6ffnet"},"content":{"rendered":"\t\t<div data-elementor-type=\"wp-post\" data-elementor-id=\"102087\" class=\"elementor elementor-102087\">\n\t\t\t\t\t\t<section class=\"elementor-section elementor-top-section elementor-element elementor-element-678181b elementor-section-boxed elementor-section-height-default elementor-section-height-default\" data-id=\"678181b\" data-element_type=\"section\">\n\t\t\t\t\t\t<div class=\"elementor-container elementor-column-gap-default\">\n\t\t\t\t\t<div class=\"elementor-column elementor-col-66 elementor-top-column elementor-element elementor-element-6b34026\" data-id=\"6b34026\" data-element_type=\"column\">\n\t\t\t<div class=\"elementor-widget-wrap elementor-element-populated\">\n\t\t\t\t\t\t<div class=\"elementor-element elementor-element-6bbd2bb elementor-widget elementor-widget-wp-widget-advads_ad_widget\" data-id=\"6bbd2bb\" data-element_type=\"widget\" data-widget_type=\"wp-widget-advads_ad_widget.default\">\n\t\t\t\t<div class=\"elementor-widget-container\">\n\t\t\t<div id=\"regio-923431986\"><div class=\"regio-adlabel\">Werbung<\/div><!-- Beginn https:\/\/www.financeads.net\/-Code --><a href=\"https:\/\/www.financeads.net\/tc.php?t=36648C19118058B\" target=\"_blank\"><img fetchpriority=\"high\" decoding=\"async\" src=\"https:\/\/www.financeads.net\/tb.php?t=36648V19118058B&https=1\" alt=\"\" border=\"0\" width=\"728\" height=\"90\"><\/a><!-- Ende https:\/\/www.financeads.net\/-Code --><\/div>\t\t<\/div>\n\t\t\t\t<\/div>\n\t\t\t\t<div class=\"elementor-element elementor-element-443ab98 elementor-widget elementor-widget-text-editor\" data-id=\"443ab98\" data-element_type=\"widget\" data-widget_type=\"text-editor.default\">\n\t\t\t\t<div class=\"elementor-widget-container\">\n\t\t\t\t\t\t\t<h3>Aktivspielplatz vom 28. Oktober bis 30. Oktober 2019 ge\u00f6ffnet:<\/h3><p><span style=\"font-size: 12pt;\">Schwabach &#8211; Der Aktivspielplatz ist in den Herbstferien von Montag, den 28. Oktober, bis Mittwoch, den 30. Oktober 2019, jeweils von 12 bis 18 Uhr ge\u00f6ffnet.\u00a0<\/span><\/p><p><span style=\"font-size: 12pt;\">Hier kann wie immer flei\u00dfig am H\u00fcttenplatz gebaut, in der K\u00fcche gekocht oder an der Feuerstelle Feuer gesch\u00fcrt werden. Doch auch f\u00fcr die Bastler ist in diesen Tagen etwas geboten!<\/span><\/p><p><span style=\"font-size: 12pt;\">J\u00f6rn Rau wird w\u00e4hrend der drei Tage seine \u201eGr\u00fcne Werkstatt\u201c aufbauen. Hier besteht die M\u00f6glichkeit zu schnitzen, zu hobeln und andere Techniken f\u00fcr euer eigenes Werkst\u00fcck auszuprobieren.<\/span><\/p><p><span style=\"font-size: 12pt;\">Im Anschluss ist der Aktivspielplatz dann bis einschlie\u00dflich Freitag, den 8. November 2019 geschlossen. Ab dem 12. November 2019 gelten dann wieder die Winter-\u00d6ffnungszeiten auf dem Aki. Jede Woche Dienstag bis Freitag, von 14.00 Uhr bis 17.00 Uhr!<\/span><\/p><h3>Info:<\/h3><ul style=\"list-style-type: disc;\"><li><span style=\"font-size: 12pt;\">Montag, den 28. Oktober 2019, bis Mittwoch, den 30. Oktober 2019, (jeweils 12.00 Uhr bis 18.00 Uhr) ge\u00f6ffnet<\/span><\/li><li><span style=\"font-size: 12pt;\">Donnerstag, 31. Oktober 2019, bis Freitag, den 8. November 2019 geschlossen<\/span><\/li><li><span style=\"font-size: 12pt;\">Im Anschluss gelten dann wieder die Winter\u00f6ffnungszeiten auf dem AKI: Dienstag bis Freitag von 14.00 Uhr bis 17.00 Uhr<\/span><\/li><\/ul><h3>Weiterf\u00fchrende Links:<\/h3><p><span style=\"font-size: 12pt;\"><a href=\"http:\/\/www.schwabach.de\/de\/zuhause-in-schwabach\/jung-in-schwabach\/aktivspielplatz.html\" target=\"_blank\" rel=\"noopener\">Zur Homepage vom Aktivspielplatz Goldnagel geht&#8217;s hier &#8230;<\/a>Aktivspielplatz<\/span><\/p>\t\t\t\t\t\t<\/div>\n\t\t\t\t<\/div>\n\t\t\t\t<section class=\"elementor-section elementor-inner-section elementor-element elementor-element-9fc79d5 elementor-section-boxed elementor-section-height-default elementor-section-height-default\" data-id=\"9fc79d5\" data-element_type=\"section\">\n\t\t\t\t\t\t<div class=\"elementor-container elementor-column-gap-default\">\n\t\t\t\t\t<div class=\"elementor-column elementor-col-100 elementor-inner-column elementor-element elementor-element-af9c085\" data-id=\"af9c085\" data-element_type=\"column\">\n\t\t\t<div class=\"elementor-widget-wrap elementor-element-populated\">\n\t\t\t\t\t\t<div class=\"elementor-element elementor-element-56ee685 elementor-widget elementor-widget-html\" data-id=\"56ee685\" data-element_type=\"widget\" data-widget_type=\"html.default\">\n\t\t\t\t<div class=\"elementor-widget-container\">\n\t\t\t<iframe style=\"width:120px;height:240px;\" marginwidth=\"0\" marginheight=\"0\" scrolling=\"no\" frameborder=\"0\" src=\"\/\/ws-eu.amazon-adsystem.com\/widgets\/q?ServiceVersion=20070822&OneJS=1&Operation=GetAdHtml&MarketPlace=DE&source=ac&ref=qf_sp_asin_til&ad_type=product_link&tracking_id=hlde-21&marketplace=amazon&region=DE&placement=B079ZYNFBS&asins=B079ZYNFBS&linkId=c58a75260029c32559a97ff07b0fac4a&show_border=true&link_opens_in_new_window=true&price_color=333333&title_color=0066c0&bg_color=ffffff\"><\/iframe>\n<iframe style=\"width:120px;height:240px;\" marginwidth=\"0\" marginheight=\"0\" scrolling=\"no\" frameborder=\"0\" src=\"\/\/ws-eu.amazon-adsystem.com\/widgets\/q?ServiceVersion=20070822&OneJS=1&Operation=GetAdHtml&MarketPlace=DE&source=ac&ref=qf_sp_asin_til&ad_type=product_link&tracking_id=hlde-21&marketplace=amazon&region=DE&placement=B01CD5G8ZU&asins=B01CD5G8ZU&linkId=1db80bdcc30723c440c6e522422589bc&show_border=true&link_opens_in_new_window=true&price_color=333333&title_color=0066c0&bg_color=ffffff\"><\/iframe>\n<iframe style=\"width:120px;height:240px;\" marginwidth=\"0\" marginheight=\"0\" scrolling=\"no\" frameborder=\"0\" src=\"\/\/ws-eu.amazon-adsystem.com\/widgets\/q?ServiceVersion=20070822&OneJS=1&Operation=GetAdHtml&MarketPlace=DE&source=ac&ref=qf_sp_asin_til&ad_type=product_link&tracking_id=hlde-21&marketplace=amazon&region=DE&placement=B00C1A1TWU&asins=B00C1A1TWU&linkId=b041bc769cf8c2c5c0a331fe1672d953&show_border=true&link_opens_in_new_window=true&price_color=333333&title_color=0066c0&bg_color=ffffff\"><\/iframe>\n<iframe style=\"width:120px;height:240px;\" marginwidth=\"0\" marginheight=\"0\" scrolling=\"no\" frameborder=\"0\" src=\"\/\/ws-eu.amazon-adsystem.com\/widgets\/q?ServiceVersion=20070822&OneJS=1&Operation=GetAdHtml&MarketPlace=DE&source=ac&ref=qf_sp_asin_til&ad_type=product_link&tracking_id=hlde-21&marketplace=amazon&region=DE&placement=B00GO55OE2&asins=B00GO55OE2&linkId=501f317b7fd2f53e7415b671f9ead4a7&show_border=true&link_opens_in_new_window=true&price_color=333333&title_color=0066c0&bg_color=ffffff\"><\/iframe>\t\t<\/div>\n\t\t\t\t<\/div>\n\t\t\t\t\t<\/div>\n\t\t<\/div>\n\t\t\t\t\t<\/div>\n\t\t<\/section>\n\t\t\t\t<div class=\"elementor-element elementor-element-0c834d7 elementor-widget-divider--view-line elementor-widget elementor-widget-divider\" data-id=\"0c834d7\" data-element_type=\"widget\" data-widget_type=\"divider.default\">\n\t\t\t\t<div class=\"elementor-widget-container\">\n\t\t\t\t\t<div class=\"elementor-divider\">\n\t\t\t<span class=\"elementor-divider-separator\">\n\t\t\t\t\t\t<\/span>\n\t\t<\/div>\n\t\t\t\t<\/div>\n\t\t\t\t<\/div>\n\t\t\t\t<div class=\"elementor-element elementor-element-325f51f elementor-widget elementor-widget-google_maps\" data-id=\"325f51f\" data-element_type=\"widget\" data-widget_type=\"google_maps.default\">\n\t\t\t\t<div class=\"elementor-widget-container\">\n\t\t\t\t\t<div class=\"elementor-custom-embed\">\n\t\t\t<iframe loading=\"lazy\"\n\t\t\t\t\tsrc=\"https:\/\/maps.google.com\/maps?q=Wasserstra%C3%9Fe%201C%2C%20Schwabach%2C%20Deutschland&#038;t=m&#038;z=17&#038;output=embed&#038;iwloc=near\"\n\t\t\t\t\ttitle=\"Wasserstra\u00dfe 1C, Schwabach, Deutschland\"\n\t\t\t\t\taria-label=\"Wasserstra\u00dfe 1C, Schwabach, Deutschland\"\n\t\t\t><\/iframe>\n\t\t<\/div>\n\t\t\t\t<\/div>\n\t\t\t\t<\/div>\n\t\t\t\t\t<\/div>\n\t\t<\/div>\n\t\t\t\t<div class=\"elementor-column elementor-col-33 elementor-top-column elementor-element elementor-element-f645137\" data-id=\"f645137\" data-element_type=\"column\">\n\t\t\t<div class=\"elementor-widget-wrap elementor-element-populated\">\n\t\t\t\t\t\t<div class=\"elementor-element elementor-element-1af44da elementor-widget elementor-widget-wp-widget-advads_ad_widget\" data-id=\"1af44da\" data-element_type=\"widget\" data-widget_type=\"wp-widget-advads_ad_widget.default\">\n\t\t\t\t<div class=\"elementor-widget-container\">\n\t\t\t<div id=\"regio-3540703284\"><div class=\"regio-adlabel\">Werbung<\/div><div id=\"regio-3800597266\"><!-- Beginn https:\/\/www.financeads.net\/-Code --><a href=\"https:\/\/www.financeads.net\/tc.php?t=36648C271460142B\" target=\"_blank\"><img decoding=\"async\" src=\"https:\/\/www.financeads.net\/tb.php?t=36648V271460142B&https=1\" alt=\"PETPROTECT_Hund&Katze_Banner\" border=\"0\" width=\"250\" height=\"250\"><\/a><!-- Ende https:\/\/www.financeads.net\/-Code --><\/div><div id=\"regio-3170707489\"><!-- Beginn https:\/\/www.financeads.net\/-Code --><a href=\"https:\/\/www.financeads.net\/tc.php?t=36648C236142529B\" target=\"_blank\"><img decoding=\"async\" src=\"https:\/\/www.financeads.net\/tb.php?t=36648V236142529B&https=1\" alt=\"\" border=\"0\" width=\"300\" height=\"250\"><\/a><!-- Ende https:\/\/www.financeads.net\/-Code --><\/div><div id=\"regio-2002506947\"><!-- Beginn https:\/\/www.financeads.net\/-Code --><a href=\"https:\/\/www.financeads.net\/tc.php?t=36648C205040072B\" target=\"_blank\"><img loading=\"lazy\" decoding=\"async\" src=\"https:\/\/www.financeads.net\/tb.php?t=36648V205040072B&https=1\" alt=\"\" border=\"0\" width=\"300\" height=\"250\"><\/a><!-- Ende https:\/\/www.financeads.net\/-Code --><\/div><div id=\"regio-1009822986\"><!-- Beginn https:\/\/www.financeads.net\/-Code --><a href=\"https:\/\/www.financeads.net\/tc.php?t=36648C42614510B\" target=\"_blank\"><img loading=\"lazy\" decoding=\"async\" src=\"https:\/\/www.financeads.net\/tb.php?t=36648V42614510B&https=1\" alt=\"\" border=\"0\" width=\"200\" height=\"300\"><\/a><!-- Ende https:\/\/www.financeads.net\/-Code --><\/div><\/div>\t\t<\/div>\n\t\t\t\t<\/div>\n\t\t\t\t\t<\/div>\n\t\t<\/div>\n\t\t\t\t\t<\/div>\n\t\t<\/section>\n\t\t\t\t<\/div>\n\t\t","protected":false},"excerpt":{"rendered":"<div class=\"mh-excerpt\"><p>Aktivspielplatz vom 28. Oktober bis 30. Oktober 2019 ge\u00f6ffnet: Schwabach &#8211; Der Aktivspielplatz ist in den Herbstferien von Montag, den 28. Oktober, bis Mittwoch, den 30. Oktober 2019, jeweils von 12 bis 18 Uhr ge\u00f6ffnet.\u00a0 <a class=\"mh-excerpt-more\" href=\"https:\/\/www.region-schwabach.de\/wordpress\/aktivspielplatz-goldnagel-in-den-herbstferien-geoffnet\/\" title=\"Aktivspielplatz &#8222;Goldnagel&#8220; in den Herbstferien ge\u00f6ffnet\">[&#8230;]<\/a><\/p>\n<\/div>","protected":false},"author":1,"featured_media":72670,"comment_status":"open","ping_status":"open","sticky":false,"template":"","format":"standard","meta":{"_cbd_carousel_blocks":"[]","footnotes":""},"categories":[16,287,61],"tags":[11075,11030,11076,4230,6579,4231,3555,1480,19,3151],"class_list":{"0":"post-102087","1":"post","2":"type-post","3":"status-publish","4":"format-standard","5":"has-post-thumbnail","7":"category-aktuell","8":"category-jugend-und-familie","9":"category-rathaus","10":"tag-28-10-2019","11":"tag-29-10-2019","12":"tag-30-10-2019","13":"tag-aktivspielplatz","14":"tag-geoeffnet","15":"tag-goldnagel","16":"tag-pfingstferien","17":"tag-rathaus","18":"tag-schwabach","19":"tag-stadt-schwabach"},"_links":{"self":[{"href":"https:\/\/www.region-schwabach.de\/wordpress\/wp-json\/wp\/v2\/posts\/102087","targetHints":{"allow":["GET"]}}],"collection":[{"href":"https:\/\/www.region-schwabach.de\/wordpress\/wp-json\/wp\/v2\/posts"}],"about":[{"href":"https:\/\/www.region-schwabach.de\/wordpress\/wp-json\/wp\/v2\/types\/post"}],"author":[{"embeddable":true,"href":"https:\/\/www.region-schwabach.de\/wordpress\/wp-json\/wp\/v2\/users\/1"}],"replies":[{"embeddable":true,"href":"https:\/\/www.region-schwabach.de\/wordpress\/wp-json\/wp\/v2\/comments?post=102087"}],"version-history":[{"count":0,"href":"https:\/\/www.region-schwabach.de\/wordpress\/wp-json\/wp\/v2\/posts\/102087\/revisions"}],"wp:featuredmedia":[{"embeddable":true,"href":"https:\/\/www.region-schwabach.de\/wordpress\/wp-json\/wp\/v2\/media\/72670"}],"wp:attachment":[{"href":"https:\/\/www.region-schwabach.de\/wordpress\/wp-json\/wp\/v2\/media?parent=102087"}],"wp:term":[{"taxonomy":"category","embeddable":true,"href":"https:\/\/www.region-schwabach.de\/wordpress\/wp-json\/wp\/v2\/categories?post=102087"},{"taxonomy":"post_tag","embeddable":true,"href":"https:\/\/www.region-schwabach.de\/wordpress\/wp-json\/wp\/v2\/tags?post=102087"}],"curies":[{"name":"wp","href":"https:\/\/api.w.org\/{rel}","templated":true}]}}