{"id":104275,"date":"2019-12-07T00:30:00","date_gmt":"2019-12-06T23:30:00","guid":{"rendered":"http:\/\/www.region-schwabach.de\/wordpress\/?p=104275"},"modified":"2019-12-07T01:00:54","modified_gmt":"2019-12-07T00:00:54","slug":"galerie-gaswerk-sven-bach-7-dezember-2019","status":"publish","type":"post","link":"https:\/\/www.region-schwabach.de\/wordpress\/galerie-gaswerk-sven-bach-7-dezember-2019\/","title":{"rendered":"Galerie Gaswerk &#8211; Sven Bach   &#8211; 7. Dezember 2019"},"content":{"rendered":"\t\t<div data-elementor-type=\"wp-post\" data-elementor-id=\"104275\" class=\"elementor elementor-104275\">\n\t\t\t\t\t\t<section class=\"elementor-section elementor-top-section elementor-element elementor-element-678181b elementor-section-boxed elementor-section-height-default elementor-section-height-default\" data-id=\"678181b\" data-element_type=\"section\">\n\t\t\t\t\t\t<div class=\"elementor-container elementor-column-gap-default\">\n\t\t\t\t\t<div class=\"elementor-column elementor-col-50 elementor-top-column elementor-element elementor-element-6b34026\" data-id=\"6b34026\" data-element_type=\"column\">\n\t\t\t<div class=\"elementor-widget-wrap elementor-element-populated\">\n\t\t\t\t\t\t<div class=\"elementor-element elementor-element-c317f42 elementor-widget elementor-widget-wp-widget-advads_ad_widget\" data-id=\"c317f42\" data-element_type=\"widget\" data-widget_type=\"wp-widget-advads_ad_widget.default\">\n\t\t\t\t<div class=\"elementor-widget-container\">\n\t\t\t<div id=\"regio-3534752093\"><div class=\"regio-adlabel\">Werbung<\/div><!-- Beginn https:\/\/www.financeads.net\/-Code --><a href=\"https:\/\/www.financeads.net\/tc.php?t=36648C19118058B\" target=\"_blank\"><img fetchpriority=\"high\" decoding=\"async\" src=\"https:\/\/www.financeads.net\/tb.php?t=36648V19118058B&https=1\" alt=\"\" border=\"0\" width=\"728\" height=\"90\"><\/a><!-- Ende https:\/\/www.financeads.net\/-Code --><\/div>\t\t<\/div>\n\t\t\t\t<\/div>\n\t\t\t\t<div class=\"elementor-element elementor-element-443ab98 elementor-widget elementor-widget-text-editor\" data-id=\"443ab98\" data-element_type=\"widget\" data-widget_type=\"text-editor.default\">\n\t\t\t\t<div class=\"elementor-widget-container\">\n\t\t\t\t\t\t\t<h3 class=\"tribe-events-single-event-title\">Sven Bach &#8211; \u201eWeihnacht\u00b4n und sunsd nu wos!\u201c<br \/>Samstag, 7. Dezember 2019, 20.00 Uhr<\/h3><p><span style=\"font-size: 12pt;\">Schwabach &#8211; Am Samstag, den 07.12.2019, ist Sven Bach um 20.00 Uhr mit seinem Programm\u00a0\u201eWeihnacht\u00b4n und sunsd nu wos!\u201c\u00a0\u00a0in der Galerie Gaswerk, in der N\u00f6rdlichen Ringstra\u00dfe 9 in Schwabach zu Gast.<\/span><\/p><p><span style=\"font-size: 12pt;\"><strong>\u201eWeihnacht\u00b4n und sunsd nu wos!\u201c\u00a0<\/strong>Das Weihnachtsprogramm des Mundart- und Mundwerkakrobaten Sven Bach beleuchtet alle Feinheiten der Vorweihnachtszeit und des Trubels vor und um Weihnachten herum. Er bedauert die Ehem\u00e4nner im Geschenkkaufwahn und gew\u00e4hrt Einblick in das Seelenleben eines Frankens in der hektischen Zeit.<\/span><\/p><p><span style=\"font-size: 12pt;\">Die schon fast \u201ekultige\u201c Geschichte vom Tannenbaum fehlt dabei ebenso wenig wie ein Streifzug durch die fr\u00e4nkischen Essgewohnheiten, Begegnungen mit dem in Franken so gef\u00fcrchteten \u201eBulzerm\u00e4rtl\u201c, Vereinsweihnachtsfeiern und vielen anderen Begebenheiten \u201erund um die Tooch\u201c.<\/span><\/p><p><span style=\"font-size: 12pt;\">\u201eWeihnacht\u00b4n und sunsd nu wos!\u201c Zwei erholsame, heitere und witzige Stunden zwischen all dem Trubel und der Hektik!<\/span><\/p><p><span style=\"font-size: 12pt;\">\u201e3 Minuten Lachen ersetzen 30 Minuten Joggen\u201c sagt Sven Bach. So bietet dieser Abend die einmalige Gelegenheit \u00fcbersch\u00fcssige Pfunde bereits vor Weihnachten zu bek\u00e4mpfen um mit einem entspannten \u201eNormalgewicht\u201c in die kalorienreichen Tage zu starten.<\/span><\/p><p><span style=\"font-size: 12pt;\">Mundartliedla, Mundartversla und lustige Zwischeng\u00b4schichtla, fr\u00e4nkisch bodenst\u00e4ndig und mit einer geh\u00f6rigen Portion Humor!<\/span><\/p><p><span style=\"font-size: 12pt;\">Der auch bei der \u201eN\u00e4rrischen Weinprobe\u201c und \u201eFranken Helau\u201c im Faschingsprogramm des Bayerischen Fernsehens, sowie regelm\u00e4\u00dfig im Franken-Fernsehen zu sehende Sven Bach kommt mit einem Programm f\u00fcr Franken, Fr\u00e4nkinnen, Wahlfranken, Sympathisanten und diejenigen, die auch die \u201esoftware\u201c der Franken auch \u201erund um Weihnachten\u201c kennenlernen und verstehen wollen.<\/span><\/p><p><span style=\"font-size: 12pt;\">Eintritt: 18,- Euro<\/span><\/p><h3>Infos:<\/h3><p><span style=\"font-size: 12pt;\"><strong>Kartenbestellungen:<\/strong><\/span><\/p><ul style=\"list-style-type: disc;\"><li><span style=\"font-size: 12pt;\">Telefon: 09122 &#8211; 93 78 82<\/span><\/li><li><span style=\"font-size: 12pt;\">E-Mail: h.kehrbach@kehrbach.de<\/span><\/li><\/ul><p><span style=\"font-size: 12pt;\">Platzreservierung erfolgt nach Bezahlung der Karte.\u00a0Abholung reservierter Karten ist m\u00f6glich im Planwerk Kehrbach,\u00a0N\u00f6rdliche Ringstr. 9, 91126 Schwabach.<\/span><\/p><p><span style=\"font-size: 12pt;\"><strong>\u00d6ffnungszeiten: <\/strong><\/span><\/p><ul style=\"list-style-type: disc;\"><li><span style=\"font-size: 12pt;\">Montag &#8211; Donnerstag von 8.00 &#8211; 17.30<\/span><\/li><li><span style=\"font-size: 12pt;\">Freitag von 8.00 &#8211; 14.30<\/span><\/li><\/ul><h3><span style=\"font-size: 12pt;\">Weiterf\u00fchrende Links:<\/span><\/h3><p><span style=\"font-size: 12pt;\"><a href=\"https:\/\/www.galerie-gaswerk.de\/\" target=\"_blank\" rel=\"noopener\">Hier geht&#8217;s zur Homepage der Galerie Gaswerk &#8230;<\/a><\/span><\/p><p><span style=\"font-size: 12pt;\"><a href=\"alohttps:\/\/www.galerie-gaswerk.de\/pdf_blaetterkatg\/index.php?catalog=GalerieGaswerk2-2019\" target=\"_blank\" rel=\"noopener\">Hier k\u00f6nnen Sie das aktuelle Programmheft online durchbl\u00e4ttern &#8230;<\/a><\/span><\/p><p><span style=\"font-size: 12pt;\"><a href=\"https:\/\/www.galerie-gaswerk.de\/wp-content\/uploads\/2019\/07\/Galerie-Gaswerk_Programm_2_2019_web.pdf\" target=\"_blank\" rel=\"noopener\">Und hier gibt&#8217;s das Programmheft zum Download &#8230;<\/a><\/span><\/p>\t\t\t\t\t\t<\/div>\n\t\t\t\t<\/div>\n\t\t\t\t<div class=\"elementor-element elementor-element-a29781d elementor-widget-divider--view-line elementor-widget elementor-widget-divider\" data-id=\"a29781d\" data-element_type=\"widget\" data-widget_type=\"divider.default\">\n\t\t\t\t<div class=\"elementor-widget-container\">\n\t\t\t\t\t<div class=\"elementor-divider\">\n\t\t\t<span class=\"elementor-divider-separator\">\n\t\t\t\t\t\t<\/span>\n\t\t<\/div>\n\t\t\t\t<\/div>\n\t\t\t\t<\/div>\n\t\t\t\t<div class=\"elementor-element elementor-element-2a05a02 elementor-widget elementor-widget-google_maps\" data-id=\"2a05a02\" data-element_type=\"widget\" data-widget_type=\"google_maps.default\">\n\t\t\t\t<div class=\"elementor-widget-container\">\n\t\t\t\t\t<div class=\"elementor-custom-embed\">\n\t\t\t<iframe loading=\"lazy\"\n\t\t\t\t\tsrc=\"https:\/\/maps.google.com\/maps?q=N%C3%B6rdliche%20Ringstra%C3%9Fe%209%2C%20Schwabach%2C%20Deutschland&#038;t=m&#038;z=17&#038;output=embed&#038;iwloc=near\"\n\t\t\t\t\ttitle=\"N\u00f6rdliche Ringstra\u00dfe 9, Schwabach, Deutschland\"\n\t\t\t\t\taria-label=\"N\u00f6rdliche Ringstra\u00dfe 9, Schwabach, Deutschland\"\n\t\t\t><\/iframe>\n\t\t<\/div>\n\t\t\t\t<\/div>\n\t\t\t\t<\/div>\n\t\t\t\t\t<\/div>\n\t\t<\/div>\n\t\t\t\t<div class=\"elementor-column elementor-col-50 elementor-top-column elementor-element elementor-element-7ad5254\" data-id=\"7ad5254\" data-element_type=\"column\">\n\t\t\t<div class=\"elementor-widget-wrap elementor-element-populated\">\n\t\t\t\t\t\t<div class=\"elementor-element elementor-element-1a612fb elementor-widget elementor-widget-heading\" data-id=\"1a612fb\" data-element_type=\"widget\" data-widget_type=\"heading.default\">\n\t\t\t\t<div class=\"elementor-widget-container\">\n\t\t\t<h3 class=\"elementor-heading-title elementor-size-default\">Schnell vergleichen und sparen!<\/h3>\t\t<\/div>\n\t\t\t\t<\/div>\n\t\t\t\t<div class=\"elementor-element elementor-element-f064212 elementor-widget elementor-widget-wp-widget-advads_ad_widget\" data-id=\"f064212\" data-element_type=\"widget\" data-widget_type=\"wp-widget-advads_ad_widget.default\">\n\t\t\t\t<div class=\"elementor-widget-container\">\n\t\t\t<div id=\"regio-3669678429\"><div class=\"regio-adlabel\">Werbung<\/div><!-- Beginn https:\/\/www.financeads.net\/-Code --><a href=\"https:\/\/www.financeads.net\/tc.php?t=36648C236142529B\" target=\"_blank\"><img decoding=\"async\" src=\"https:\/\/www.financeads.net\/tb.php?t=36648V236142529B&https=1\" alt=\"\" border=\"0\" width=\"300\" height=\"250\"><\/a><!-- Ende https:\/\/www.financeads.net\/-Code --><\/div>\t\t<\/div>\n\t\t\t\t<\/div>\n\t\t\t\t<div class=\"elementor-element elementor-element-82d112d elementor-widget elementor-widget-wp-widget-advads_ad_widget\" data-id=\"82d112d\" data-element_type=\"widget\" data-widget_type=\"wp-widget-advads_ad_widget.default\">\n\t\t\t\t<div class=\"elementor-widget-container\">\n\t\t\t<div id=\"regio-740353231\"><div class=\"regio-adlabel\">Werbung<\/div><!-- Beginn https:\/\/www.financeads.net\/-Code --><a href=\"https:\/\/www.financeads.net\/tc.php?t=36648C42614510B\" target=\"_blank\"><img decoding=\"async\" src=\"https:\/\/www.financeads.net\/tb.php?t=36648V42614510B&https=1\" alt=\"\" border=\"0\" width=\"200\" height=\"300\"><\/a><!-- Ende https:\/\/www.financeads.net\/-Code --><\/div>\t\t<\/div>\n\t\t\t\t<\/div>\n\t\t\t\t<div class=\"elementor-element elementor-element-3e896d5 elementor-widget elementor-widget-wp-widget-advads_ad_widget\" data-id=\"3e896d5\" data-element_type=\"widget\" data-widget_type=\"wp-widget-advads_ad_widget.default\">\n\t\t\t\t<div class=\"elementor-widget-container\">\n\t\t\t<div id=\"regio-2693155206\"><div class=\"regio-adlabel\">Werbung<\/div><!-- Beginn https:\/\/www.financeads.net\/-Code --><a href=\"https:\/\/www.financeads.net\/tc.php?t=36648C205040072B\" target=\"_blank\"><img loading=\"lazy\" decoding=\"async\" src=\"https:\/\/www.financeads.net\/tb.php?t=36648V205040072B&https=1\" alt=\"\" border=\"0\" width=\"300\" height=\"250\"><\/a><!-- Ende https:\/\/www.financeads.net\/-Code --><\/div>\t\t<\/div>\n\t\t\t\t<\/div>\n\t\t\t\t<div class=\"elementor-element elementor-element-ef9262c elementor-widget elementor-widget-wp-widget-advads_ad_widget\" data-id=\"ef9262c\" data-element_type=\"widget\" data-widget_type=\"wp-widget-advads_ad_widget.default\">\n\t\t\t\t<div class=\"elementor-widget-container\">\n\t\t\t<div id=\"regio-389361675\"><div class=\"regio-adlabel\">Werbung<\/div><!-- Beginn https:\/\/www.financeads.net\/-Code --><a href=\"https:\/\/www.financeads.net\/tc.php?t=36648C271460142B\" target=\"_blank\"><img loading=\"lazy\" decoding=\"async\" src=\"https:\/\/www.financeads.net\/tb.php?t=36648V271460142B&https=1\" alt=\"PETPROTECT_Hund&Katze_Banner\" border=\"0\" width=\"250\" height=\"250\"><\/a><!-- Ende https:\/\/www.financeads.net\/-Code --><\/div>\t\t<\/div>\n\t\t\t\t<\/div>\n\t\t\t\t\t<\/div>\n\t\t<\/div>\n\t\t\t\t\t<\/div>\n\t\t<\/section>\n\t\t\t\t<\/div>\n\t\t","protected":false},"excerpt":{"rendered":"<div class=\"mh-excerpt\"><p>Sven Bach &#8211; \u201eWeihnacht\u00b4n und sunsd nu wos!\u201cSamstag, 7. Dezember 2019, 20.00 Uhr Schwabach &#8211; Am Samstag, den 07.12.2019, ist Sven Bach um 20.00 Uhr mit seinem Programm\u00a0\u201eWeihnacht\u00b4n und sunsd nu wos!\u201c\u00a0\u00a0in der Galerie Gaswerk, <a class=\"mh-excerpt-more\" href=\"https:\/\/www.region-schwabach.de\/wordpress\/galerie-gaswerk-sven-bach-7-dezember-2019\/\" title=\"Galerie Gaswerk &#8211; Sven Bach   &#8211; 7. Dezember 2019\">[&#8230;]<\/a><\/p>\n<\/div>","protected":false},"author":1,"featured_media":104280,"comment_status":"open","ping_status":"open","sticky":false,"template":"","format":"standard","meta":{"_cbd_carousel_blocks":"[]","footnotes":""},"categories":[16,287,231],"tags":[7195,11347,11211,11354,4801,11353,3128,785,19,6530],"class_list":{"0":"post-104275","1":"post","2":"type-post","3":"status-publish","4":"format-standard","5":"has-post-thumbnail","7":"category-aktuell","8":"category-jugend-und-familie","9":"category-veranstaltungsnews","10":"tag-weihnachtn-und-sunsd-nu-wos","11":"tag-07-12-2019","12":"tag-alexander-lehmann","13":"tag-eine-nacht-mit-gershwin","14":"tag-galerie-gaswerk","15":"tag-hildegard-pohl-trio","16":"tag-konzert","17":"tag-noerdliche-ringstrasse","18":"tag-schwabach","19":"tag-sven-bach"},"_links":{"self":[{"href":"https:\/\/www.region-schwabach.de\/wordpress\/wp-json\/wp\/v2\/posts\/104275","targetHints":{"allow":["GET"]}}],"collection":[{"href":"https:\/\/www.region-schwabach.de\/wordpress\/wp-json\/wp\/v2\/posts"}],"about":[{"href":"https:\/\/www.region-schwabach.de\/wordpress\/wp-json\/wp\/v2\/types\/post"}],"author":[{"embeddable":true,"href":"https:\/\/www.region-schwabach.de\/wordpress\/wp-json\/wp\/v2\/users\/1"}],"replies":[{"embeddable":true,"href":"https:\/\/www.region-schwabach.de\/wordpress\/wp-json\/wp\/v2\/comments?post=104275"}],"version-history":[{"count":0,"href":"https:\/\/www.region-schwabach.de\/wordpress\/wp-json\/wp\/v2\/posts\/104275\/revisions"}],"wp:featuredmedia":[{"embeddable":true,"href":"https:\/\/www.region-schwabach.de\/wordpress\/wp-json\/wp\/v2\/media\/104280"}],"wp:attachment":[{"href":"https:\/\/www.region-schwabach.de\/wordpress\/wp-json\/wp\/v2\/media?parent=104275"}],"wp:term":[{"taxonomy":"category","embeddable":true,"href":"https:\/\/www.region-schwabach.de\/wordpress\/wp-json\/wp\/v2\/categories?post=104275"},{"taxonomy":"post_tag","embeddable":true,"href":"https:\/\/www.region-schwabach.de\/wordpress\/wp-json\/wp\/v2\/tags?post=104275"}],"curies":[{"name":"wp","href":"https:\/\/api.w.org\/{rel}","templated":true}]}}