{"id":104332,"date":"2019-12-15T00:25:00","date_gmt":"2019-12-14T23:25:00","guid":{"rendered":"http:\/\/www.region-schwabach.de\/wordpress\/?p=104332"},"modified":"2019-12-15T06:14:44","modified_gmt":"2019-12-15T05:14:44","slug":"schwabacher-weihnachtsmarkt-am-2-3-adventswochenende-2","status":"publish","type":"post","link":"https:\/\/www.region-schwabach.de\/wordpress\/schwabacher-weihnachtsmarkt-am-2-3-adventswochenende-2\/","title":{"rendered":"Schwabacher Weihnachtsmarkt am 2.+3. Adventswochenende"},"content":{"rendered":"\t\t<div data-elementor-type=\"wp-post\" data-elementor-id=\"104332\" class=\"elementor elementor-104332\">\n\t\t\t\t\t\t<section class=\"elementor-section elementor-top-section elementor-element elementor-element-678181b elementor-section-boxed elementor-section-height-default elementor-section-height-default\" data-id=\"678181b\" data-element_type=\"section\">\n\t\t\t\t\t\t<div class=\"elementor-container elementor-column-gap-default\">\n\t\t\t\t\t<div class=\"elementor-column elementor-col-66 elementor-top-column elementor-element elementor-element-6b34026\" data-id=\"6b34026\" data-element_type=\"column\">\n\t\t\t<div class=\"elementor-widget-wrap elementor-element-populated\">\n\t\t\t\t\t\t<div class=\"elementor-element elementor-element-4f702e7 elementor-widget elementor-widget-wp-widget-advads_ad_widget\" data-id=\"4f702e7\" data-element_type=\"widget\" data-widget_type=\"wp-widget-advads_ad_widget.default\">\n\t\t\t\t<div class=\"elementor-widget-container\">\n\t\t\t<div id=\"regio-197405836\"><div class=\"regio-adlabel\">Werbung<\/div><!-- Beginn https:\/\/www.financeads.net\/-Code --><a href=\"https:\/\/www.financeads.net\/tc.php?t=36648C19118058B\" target=\"_blank\"><img fetchpriority=\"high\" decoding=\"async\" src=\"https:\/\/www.financeads.net\/tb.php?t=36648V19118058B&https=1\" alt=\"\" border=\"0\" width=\"728\" height=\"90\"><\/a><!-- Ende https:\/\/www.financeads.net\/-Code --><\/div>\t\t<\/div>\n\t\t\t\t<\/div>\n\t\t\t\t<div class=\"elementor-element elementor-element-443ab98 elementor-widget elementor-widget-text-editor\" data-id=\"443ab98\" data-element_type=\"widget\" data-widget_type=\"text-editor.default\">\n\t\t\t\t<div class=\"elementor-widget-container\">\n\t\t\t\t\t\t\t<h3 class=\"entry-title\">Schwabacher Weihnachtsmarkt l\u00e4dt in die Innenstadt ein<br \/><strong>6. bis 8. Dezember 2019 und 12. bis 15. Dezember 2018<br \/>Lichterschiffchenfahren am 8. Dezember<br \/><\/strong><\/h3><p><span style=\"font-size: 12pt;\">Schwabach &#8211; Der liebenswerte Schwabacher Weihnachtsmarkt mit der besonderen Atmosph\u00e4re l\u00e4dt von Freitag, 6. Dezember, bis Sonntag, 8. Dezember, jeweils 11 Uhr bis 20 Uhr und Donnerstag, 12. Dezember (16 bis 20 Uhr) bis Sonntag, 15. Dezember, jeweils 11 Uhr bis 20 Uhr in die Schwabacher Innenstadt ein. Das beliebte Lichterschiffchenfahren findet am Sonntag, 8. Dezember, ab 17 Uhr statt. Die Lichterschiffchen werden an der W\u00f6hrwiese in die Schwabach gesetzt.<\/span><\/p><h3>Schlendern, Riechen, Schmecken, Neues entdecken<\/h3><p><span style=\"font-size: 12pt;\">Die vorweihnachtliche Budenstadt auf dem Schwabacher Marktplatz l\u00e4dt ein zum\u00a0Schlendern, Riechen, Schmecken und dazu, Neues entdecken. Viel wird geboten\u00a0auf dem diesj\u00e4hrigen Weihnachtsmarkt &#8211; wie immer von vielen Schwabacher\u00a0Vereinen und tollen lokalen und regionalen Anbietern. Beim Spaziergang ist f\u00fcr\u00a0warme Getr\u00e4nke und leckere Schmankerl gesorgt. <\/span><\/p><h3>Zahlreiche Geschenkideen<\/h3><p><span style=\"font-size: 12pt;\">Und weil praktische Dinge zu\u00a0allen Zeiten immer willkommene Geschenke sein k\u00f6nnen, mischen sich in das\u00a0Angebot viele Geschenk-Ideen: Winterartikel, Strickwaren, Holzspielsachen,\u00a0Bilder, Winterkappen, Handtaschen, Kerzen, s\u00fc\u00dfe Sachen, Schokolade,\u00a0Lebkuchen, Duft\u00f6le, Keramik und vieles mehr.<\/span><\/p><h3>Vier Schulen unterst\u00fctzen die H\u00fctte des Eine-Welt-Ladens<\/h3><p><span style=\"font-size: 12pt;\">Erstmals unterst\u00fctzt zudem die Fairtrade-Steuerungsgruppe mit der Christian-Maar-Grundschule, der Hermann-Stamm-Realschule, dem Wolfram-von-Eschenbach-Gymnasium und dem Adam-Kraft-Gymnasiums die H\u00fctte des Eine-Welt-Ladens, um Fairtrade-Produkte anzubieten.<\/span><\/p><h3>Das Programm:<\/h3><ul style=\"list-style-type: disc;\"><li><span style=\"font-size: 12pt;\"><strong>Highlights:<\/strong> u.a. das Fr\u00e4nkische Krippenhaus, der m\u00e4rchenhafte Kinderweihnachtsmarkt, das\u00a0<span id=\"u5739-4\">Lichterschiffchenfahren<\/span>\u00a0, und der Schwabacher Krippenweg<br \/><a href=\"http:\/\/www.weihnachtsmarkt-schwabach.de\/index.html\" target=\"_blank\" rel=\"noopener\">Eine \u00dcbersicht der Highlights gibt es hier &#8230;<\/a><\/span><\/li><\/ul><h3>6. bis 8. Dezember 2019<\/h3><ul style=\"list-style-type: disc;\"><li><span style=\"font-size: 12pt;\"><strong>Freitag<\/strong>, 6. Dezember 2019, 11.00 Uhr bis 20.00 Uhr<\/span><br \/><span style=\"font-size: 12pt;\"><a href=\"http:\/\/www.weihnachtsmarkt-schwabach.de\/freitag-6-12.html\" target=\"_blank\" rel=\"noopener\">Hier das Programm vom Freitag &#8230;<\/a><\/span><\/li><li><span style=\"font-size: 12pt;\"><strong>Samstag<\/strong>, 7. Dezember 2019, 11.00 Uhr bis 20.00 Uhr<\/span><br \/><span style=\"font-size: 12pt;\"><a href=\"http:\/\/www.weihnachtsmarkt-schwabach.de\/samstag-7-12.html\" target=\"_blank\" rel=\"noopener\">Hier das Programm vom Samstag &#8230;<\/a><\/span><\/li><li><span style=\"font-size: 12pt;\"><strong>Sonntag<\/strong>, 8. Dezember 2019, 11.00 Uhr bis 20.00 Uhr<\/span><br \/><span style=\"font-size: 12pt;\"><a href=\"http:\/\/www.weihnachtsmarkt-schwabach.de\/sonntag-8-12.html\" target=\"_blank\" rel=\"noopener\">Hier das Programm vom Sonntag &#8230;<\/a><\/span><\/li><\/ul><h3>12. bis 15. Dezember 2018<\/h3><ul style=\"list-style-type: disc;\"><li><span style=\"font-size: 12pt;\"><strong>Donnerstag<\/strong>, 12. Dezember 2018, 16.00 Uhr bis 20.00 Uhr<\/span><br \/><span style=\"font-size: 12pt;\"><a href=\"http:\/\/www.weihnachtsmarkt-schwabach.de\/donnerstag-12-12.html\" target=\"_blank\" rel=\"noopener\">Hier das Programm vom Donnerstag &#8230;<\/a><\/span><\/li><li><span style=\"font-size: 12pt;\"><strong>Freitag<\/strong>, 13. Dezember 2019, 11.00 Uhr bis 20.00 Uhr<\/span><br \/><span style=\"font-size: 12pt;\"><a href=\"http:\/\/www.weihnachtsmarkt-schwabach.de\/freitag-13-12.html\" target=\"_blank\" rel=\"noopener\">Hier das Programm vom Freitag &#8230;<\/a><\/span><\/li><li><span style=\"font-size: 12pt;\"><strong>Samstag<\/strong>, 14. Dezember 2019, 11.00 Uhr bis 20.00 Uhr<\/span><br \/><span style=\"font-size: 12pt;\"><a href=\"http:\/\/www.weihnachtsmarkt-schwabach.de\/samstag-14-12.html\" target=\"_blank\" rel=\"noopener\">Hier das Programm vom Samstag &#8230;<\/a><\/span><\/li><li><span style=\"font-size: 12pt;\"><strong>Sonntag<\/strong>, 15. Dezember 2019, 11.00 Uhr bis 19.00 Uhr<\/span><br \/><span style=\"font-size: 12pt;\"><a href=\"http:\/\/www.weihnachtsmarkt-schwabach.de\/sonntag-15-12.html\" target=\"_blank\" rel=\"noopener\">Hier das Programm vom Sonntag &#8230;<\/a><\/span><\/li><\/ul><p><span style=\"font-size: 12pt;\">Und nat\u00fcrlich kann man in der weihnachtlichen Budenstadt eine Vielzahl sch\u00f6ner Geschenkideen der H\u00e4ndler, Vereine und Verb\u00e4nde bestaunen (und auch kaufen). Aber auch f\u00fcr das leibliche Wohl wird mit warmen Getr\u00e4nken, und leckeren Schmankerln gesorgt.<\/span><\/p><ul style=\"list-style-type: disc;\"><li><a href=\"http:\/\/www.weihnachtsmarkt-schwabach.de\/budenstadt.html\" target=\"_blank\" rel=\"noopener\"><span style=\"font-size: 12pt;\">Hier gibt es eine \u00dcbersicht der teilnehmenden H\u00e4ndler, Vereine und Verb\u00e4nde, die in der Budenstadt vertreten sind &#8230;<\/span><\/a><\/li><\/ul><h3>Weiterf\u00fchrende Links:<\/h3><p><span style=\"font-size: 12pt;\"><a href=\"https:\/\/www.schwabach.de\/images\/referate\/referat_3\/downloads\/Tourismus\/SC_Prog_Weihnachtsmarkt_2019_k.pdf\" target=\"_blank\" rel=\"noopener\">Programm des Schwabacher Weihnachtsmarktes zum Download &#8230;<\/a><\/span><\/p><p><span style=\"font-size: 12pt;\"><strong>Fotos (LIM1):<\/strong> Der Schwabacher Weihnachtsmarkt vom Turm der Stadtkirche aus gesehen<\/span><\/p>\t\t\t\t\t\t<\/div>\n\t\t\t\t<\/div>\n\t\t\t\t<section class=\"elementor-section elementor-inner-section elementor-element elementor-element-a1aad1d elementor-section-boxed elementor-section-height-default elementor-section-height-default\" data-id=\"a1aad1d\" data-element_type=\"section\">\n\t\t\t\t\t\t<div class=\"elementor-container elementor-column-gap-default\">\n\t\t\t\t\t<div class=\"elementor-column elementor-col-100 elementor-inner-column elementor-element elementor-element-6b2837d\" data-id=\"6b2837d\" data-element_type=\"column\">\n\t\t\t<div class=\"elementor-widget-wrap elementor-element-populated\">\n\t\t\t\t\t\t<div class=\"elementor-element elementor-element-a8071c8 elementor-widget elementor-widget-html\" data-id=\"a8071c8\" data-element_type=\"widget\" data-widget_type=\"html.default\">\n\t\t\t\t<div class=\"elementor-widget-container\">\n\t\t\t<iframe style=\"width:120px;height:240px;\" marginwidth=\"0\" marginheight=\"0\" scrolling=\"no\" frameborder=\"0\" src=\"\/\/ws-eu.amazon-adsystem.com\/widgets\/q?ServiceVersion=20070822&OneJS=1&Operation=GetAdHtml&MarketPlace=DE&source=ac&ref=qf_sp_asin_til&ad_type=product_link&tracking_id=hlde-21&marketplace=amazon&region=DE&placement=B0757DT4XZ&asins=B0757DT4XZ&linkId=bdaac22404d57ea28fee3c27aeb161b3&show_border=true&link_opens_in_new_window=true&price_color=333333&title_color=0066c0&bg_color=ffffff\"><\/iframe>\n<iframe style=\"width:120px;height:240px;\" marginwidth=\"0\" marginheight=\"0\" scrolling=\"no\" frameborder=\"0\" src=\"\/\/ws-eu.amazon-adsystem.com\/widgets\/q?ServiceVersion=20070822&OneJS=1&Operation=GetAdHtml&MarketPlace=DE&source=ac&ref=qf_sp_asin_til&ad_type=product_link&tracking_id=hlde-21&marketplace=amazon&region=DE&placement=B07GRRCRKC&asins=B07GRRCRKC&linkId=016655dd97206126931a22a427b7b036&show_border=true&link_opens_in_new_window=true&price_color=333333&title_color=0066c0&bg_color=ffffff\"><\/iframe>\n<iframe style=\"width:120px;height:240px;\" marginwidth=\"0\" marginheight=\"0\" scrolling=\"no\" frameborder=\"0\" src=\"\/\/ws-eu.amazon-adsystem.com\/widgets\/q?ServiceVersion=20070822&OneJS=1&Operation=GetAdHtml&MarketPlace=DE&source=ac&ref=qf_sp_asin_til&ad_type=product_link&tracking_id=hlde-21&marketplace=amazon&region=DE&placement=B00NVWR8HW&asins=B00NVWR8HW&linkId=15c7b8e824cc62e13aad433ab4865d3a&show_border=true&link_opens_in_new_window=true&price_color=333333&title_color=0066c0&bg_color=ffffff\"><\/iframe>\n<iframe style=\"width:120px;height:240px;\" marginwidth=\"0\" marginheight=\"0\" scrolling=\"no\" frameborder=\"0\" src=\"\/\/ws-eu.amazon-adsystem.com\/widgets\/q?ServiceVersion=20070822&OneJS=1&Operation=GetAdHtml&MarketPlace=DE&source=ac&ref=qf_sp_asin_til&ad_type=product_link&tracking_id=hlde-21&marketplace=amazon&region=DE&placement=B016MYDIJW&asins=B016MYDIJW&linkId=6ada04c0d39595bb162ff67d4b9aada2&show_border=true&link_opens_in_new_window=true&price_color=333333&title_color=0066c0&bg_color=ffffff\"><\/iframe>\t\t<\/div>\n\t\t\t\t<\/div>\n\t\t\t\t\t<\/div>\n\t\t<\/div>\n\t\t\t\t\t<\/div>\n\t\t<\/section>\n\t\t\t\t<div class=\"elementor-element elementor-element-0c834d7 elementor-widget-divider--view-line elementor-widget elementor-widget-divider\" data-id=\"0c834d7\" data-element_type=\"widget\" data-widget_type=\"divider.default\">\n\t\t\t\t<div class=\"elementor-widget-container\">\n\t\t\t\t\t<div class=\"elementor-divider\">\n\t\t\t<span class=\"elementor-divider-separator\">\n\t\t\t\t\t\t<\/span>\n\t\t<\/div>\n\t\t\t\t<\/div>\n\t\t\t\t<\/div>\n\t\t\t\t<div class=\"elementor-element elementor-element-325f51f elementor-widget elementor-widget-google_maps\" data-id=\"325f51f\" data-element_type=\"widget\" data-widget_type=\"google_maps.default\">\n\t\t\t\t<div class=\"elementor-widget-container\">\n\t\t\t\t\t<div class=\"elementor-custom-embed\">\n\t\t\t<iframe loading=\"lazy\"\n\t\t\t\t\tsrc=\"https:\/\/maps.google.com\/maps?q=K%C3%B6nigsplatz%2C%20Schwabach%2C%20Deutschland&#038;t=m&#038;z=15&#038;output=embed&#038;iwloc=near\"\n\t\t\t\t\ttitle=\"K\u00f6nigsplatz, Schwabach, Deutschland\"\n\t\t\t\t\taria-label=\"K\u00f6nigsplatz, Schwabach, Deutschland\"\n\t\t\t><\/iframe>\n\t\t<\/div>\n\t\t\t\t<\/div>\n\t\t\t\t<\/div>\n\t\t\t\t\t<\/div>\n\t\t<\/div>\n\t\t\t\t<div class=\"elementor-column elementor-col-33 elementor-top-column elementor-element elementor-element-f645137\" data-id=\"f645137\" data-element_type=\"column\">\n\t\t\t<div class=\"elementor-widget-wrap elementor-element-populated\">\n\t\t\t\t\t\t<div class=\"elementor-element elementor-element-bd63a63 elementor-widget elementor-widget-wp-widget-advads_ad_widget\" data-id=\"bd63a63\" data-element_type=\"widget\" data-widget_type=\"wp-widget-advads_ad_widget.default\">\n\t\t\t\t<div class=\"elementor-widget-container\">\n\t\t\t<div id=\"regio-3292163477\"><div class=\"regio-adlabel\">Werbung<\/div><div id=\"regio-1981269038\"><!-- Beginn https:\/\/www.financeads.net\/-Code --><a href=\"https:\/\/www.financeads.net\/tc.php?t=36648C271460142B\" target=\"_blank\"><img decoding=\"async\" src=\"https:\/\/www.financeads.net\/tb.php?t=36648V271460142B&https=1\" alt=\"PETPROTECT_Hund&Katze_Banner\" border=\"0\" width=\"250\" height=\"250\"><\/a><!-- Ende https:\/\/www.financeads.net\/-Code --><\/div><div id=\"regio-4062431470\"><!-- Beginn https:\/\/www.financeads.net\/-Code --><a href=\"https:\/\/www.financeads.net\/tc.php?t=36648C236142529B\" target=\"_blank\"><img decoding=\"async\" src=\"https:\/\/www.financeads.net\/tb.php?t=36648V236142529B&https=1\" alt=\"\" border=\"0\" width=\"300\" height=\"250\"><\/a><!-- Ende https:\/\/www.financeads.net\/-Code --><\/div><div id=\"regio-874070151\"><!-- Beginn https:\/\/www.financeads.net\/-Code --><a href=\"https:\/\/www.financeads.net\/tc.php?t=36648C205040072B\" target=\"_blank\"><img loading=\"lazy\" decoding=\"async\" src=\"https:\/\/www.financeads.net\/tb.php?t=36648V205040072B&https=1\" alt=\"\" border=\"0\" width=\"300\" height=\"250\"><\/a><!-- Ende https:\/\/www.financeads.net\/-Code --><\/div><div id=\"regio-3687131606\"><!-- Beginn https:\/\/www.financeads.net\/-Code --><a href=\"https:\/\/www.financeads.net\/tc.php?t=36648C42614510B\" target=\"_blank\"><img loading=\"lazy\" decoding=\"async\" src=\"https:\/\/www.financeads.net\/tb.php?t=36648V42614510B&https=1\" alt=\"\" border=\"0\" width=\"200\" height=\"300\"><\/a><!-- Ende https:\/\/www.financeads.net\/-Code --><\/div><\/div>\t\t<\/div>\n\t\t\t\t<\/div>\n\t\t\t\t\t<\/div>\n\t\t<\/div>\n\t\t\t\t\t<\/div>\n\t\t<\/section>\n\t\t\t\t<section class=\"elementor-section elementor-top-section elementor-element elementor-element-ff1c861 elementor-section-boxed elementor-section-height-default elementor-section-height-default\" data-id=\"ff1c861\" data-element_type=\"section\">\n\t\t\t\t\t\t<div class=\"elementor-container elementor-column-gap-default\">\n\t\t\t\t\t<div class=\"elementor-column elementor-col-100 elementor-top-column elementor-element elementor-element-6ff525d\" data-id=\"6ff525d\" data-element_type=\"column\">\n\t\t\t<div class=\"elementor-widget-wrap elementor-element-populated\">\n\t\t\t\t\t\t<div class=\"elementor-element elementor-element-600a186 elementor-widget elementor-widget-image\" data-id=\"600a186\" data-element_type=\"widget\" data-widget_type=\"image.default\">\n\t\t\t\t<div class=\"elementor-widget-container\">\n\t\t\t\t\t\t\t\t\t\t<figure class=\"wp-caption\">\n\t\t\t\t\t\t\t\t\t\t<img loading=\"lazy\" decoding=\"async\" width=\"960\" height=\"691\" src=\"https:\/\/www.region-schwabach.de\/wordpress\/wp-content\/uploads\/2018\/12\/PM304_weihnachtsmarkt_von_oben-2-e1544222610232.jpg\" class=\"attachment-full size-full wp-image-68358\" alt=\"\" \/>\t\t\t\t\t\t\t\t\t\t\t<figcaption class=\"widget-image-caption wp-caption-text\">Der Schwabacher Weihnachtsmarkt vom Turm der Stadtkirche aus gesehen<\/figcaption>\n\t\t\t\t\t\t\t\t\t\t<\/figure>\n\t\t\t\t\t\t\t<\/div>\n\t\t\t\t<\/div>\n\t\t\t\t\t<\/div>\n\t\t<\/div>\n\t\t\t\t\t<\/div>\n\t\t<\/section>\n\t\t\t\t<\/div>\n\t\t","protected":false},"excerpt":{"rendered":"<div class=\"mh-excerpt\"><p>Schwabacher Weihnachtsmarkt l\u00e4dt in die Innenstadt ein 6. bis 8. Dezember 2019 und 12. bis 15. Dezember 2018 Lichterschiffchenfahren am 8. Dezember Schwabach &#8211; Der liebenswerte Schwabacher Weihnachtsmarkt mit der besonderen Atmosph\u00e4re l\u00e4dt von Freitag, <a class=\"mh-excerpt-more\" href=\"https:\/\/www.region-schwabach.de\/wordpress\/schwabacher-weihnachtsmarkt-am-2-3-adventswochenende-2\/\" title=\"Schwabacher Weihnachtsmarkt am 2.+3. Adventswochenende\">[&#8230;]<\/a><\/p>\n<\/div>","protected":false},"author":1,"featured_media":68355,"comment_status":"open","ping_status":"open","sticky":false,"template":"","format":"standard","meta":{"_cbd_carousel_blocks":"[]","footnotes":""},"categories":[16,78,4306,231],"tags":[11366,11347,11348,11386,11387,11388,11389,7144,7145,7146,19,3151,7147,7143,7148],"class_list":{"0":"post-104332","1":"post","2":"type-post","3":"status-publish","4":"format-standard","5":"has-post-thumbnail","7":"category-aktuell","8":"category-handel-und-wirtschaft","9":"category-ratgeber","10":"category-veranstaltungsnews","11":"tag-06-12-2019","12":"tag-07-12-2019","13":"tag-08-12-2019","14":"tag-12-12-2019","15":"tag-13-12-2019","16":"tag-14-12-2019","17":"tag-15-12-2019","18":"tag-2-adventswochenende","19":"tag-3-adventswochenende","20":"tag-grosse-runde-der-marktkaufleute","21":"tag-schwabach","22":"tag-stadt-schwabach","23":"tag-verkehrsverein-schwabach","24":"tag-weihnachtsmarkt","25":"tag-werbe-und-stadtgemeinschaft-schwabach"},"_links":{"self":[{"href":"https:\/\/www.region-schwabach.de\/wordpress\/wp-json\/wp\/v2\/posts\/104332","targetHints":{"allow":["GET"]}}],"collection":[{"href":"https:\/\/www.region-schwabach.de\/wordpress\/wp-json\/wp\/v2\/posts"}],"about":[{"href":"https:\/\/www.region-schwabach.de\/wordpress\/wp-json\/wp\/v2\/types\/post"}],"author":[{"embeddable":true,"href":"https:\/\/www.region-schwabach.de\/wordpress\/wp-json\/wp\/v2\/users\/1"}],"replies":[{"embeddable":true,"href":"https:\/\/www.region-schwabach.de\/wordpress\/wp-json\/wp\/v2\/comments?post=104332"}],"version-history":[{"count":0,"href":"https:\/\/www.region-schwabach.de\/wordpress\/wp-json\/wp\/v2\/posts\/104332\/revisions"}],"wp:featuredmedia":[{"embeddable":true,"href":"https:\/\/www.region-schwabach.de\/wordpress\/wp-json\/wp\/v2\/media\/68355"}],"wp:attachment":[{"href":"https:\/\/www.region-schwabach.de\/wordpress\/wp-json\/wp\/v2\/media?parent=104332"}],"wp:term":[{"taxonomy":"category","embeddable":true,"href":"https:\/\/www.region-schwabach.de\/wordpress\/wp-json\/wp\/v2\/categories?post=104332"},{"taxonomy":"post_tag","embeddable":true,"href":"https:\/\/www.region-schwabach.de\/wordpress\/wp-json\/wp\/v2\/tags?post=104332"}],"curies":[{"name":"wp","href":"https:\/\/api.w.org\/{rel}","templated":true}]}}