{"id":105669,"date":"2020-01-06T00:05:00","date_gmt":"2020-01-05T23:05:00","guid":{"rendered":"http:\/\/www.region-schwabach.de\/wordpress\/?p=105669"},"modified":"2020-01-05T23:58:34","modified_gmt":"2020-01-05T22:58:34","slug":"todlicher-unfall-nach-frontalzusammenstoss-bei-wernsbach","status":"publish","type":"post","link":"https:\/\/www.region-schwabach.de\/wordpress\/todlicher-unfall-nach-frontalzusammenstoss-bei-wernsbach\/","title":{"rendered":"T\u00f6dlicher Unfall nach Frontalzusammensto\u00df bei Wernsbach"},"content":{"rendered":"\t\t<div data-elementor-type=\"wp-post\" data-elementor-id=\"105669\" class=\"elementor elementor-105669\">\n\t\t\t\t\t\t<section class=\"elementor-section elementor-top-section elementor-element elementor-element-1cuv9jr elementor-section-boxed elementor-section-height-default elementor-section-height-default\" data-id=\"1cuv9jr\" data-element_type=\"section\">\n\t\t\t\t\t\t<div class=\"elementor-container elementor-column-gap-default\">\n\t\t\t\t\t<div class=\"elementor-column elementor-col-50 elementor-top-column elementor-element elementor-element-q5zak7b\" data-id=\"q5zak7b\" data-element_type=\"column\">\n\t\t\t<div class=\"elementor-widget-wrap elementor-element-populated\">\n\t\t\t\t\t\t<div class=\"elementor-element elementor-element-f3e1a8e elementor-widget elementor-widget-wp-widget-advads_ad_widget\" data-id=\"f3e1a8e\" data-element_type=\"widget\" data-widget_type=\"wp-widget-advads_ad_widget.default\">\n\t\t\t\t<div class=\"elementor-widget-container\">\n\t\t\t<div id=\"regio-962476002\"><div class=\"regio-adlabel\">Werbung<\/div><!-- Beginn https:\/\/www.financeads.net\/-Code --><a href=\"https:\/\/www.financeads.net\/tc.php?t=36648C19118058B\" target=\"_blank\"><img fetchpriority=\"high\" decoding=\"async\" src=\"https:\/\/www.financeads.net\/tb.php?t=36648V19118058B&https=1\" alt=\"\" border=\"0\" width=\"728\" height=\"90\"><\/a><!-- Ende https:\/\/www.financeads.net\/-Code --><\/div>\t\t<\/div>\n\t\t\t\t<\/div>\n\t\t\t\t<div class=\"elementor-element elementor-element-a4daeae elementor-widget elementor-widget-text-editor\" data-id=\"a4daeae\" data-element_type=\"widget\" data-widget_type=\"text-editor.default\">\n\t\t\t\t<div class=\"elementor-widget-container\">\n\t\t\t\t\t\t\t<h3>T\u00f6dlicher Verkehrsunfall auf der Bundesstra\u00dfe 2<\/h3><p><span style=\"font-size: 12pt;\">Roth (ots) &#8211; Am Sonntagnachmittag (05.01.2020) ereignete sich auf der Bundesstra\u00dfe 2 im Landkreis Roth ein tragischer Verkehrsunfall. Eine 35-j\u00e4hrige Frau verstarb noch an der Unfallstelle.<\/span><\/p><p><span style=\"font-size: 12pt;\">Nach bisherigen Erkenntnissen befuhr ein 19-j\u00e4hriger Fahrer eines VW Transporters mit seiner 17-j\u00e4hrigen Beifahrerin gegen 17:30 Uhr die Bundesstra\u00dfe 2 in Fahrtrichtung N\u00fcrnberg. Etwa auf H\u00f6he der Ortschaft Wernsbach geriet das Fahrzeug aus bislang unbekannter Ursache auf die Gegenfahrbahn. Hier kam es zum Frontalzusammensto\u00df mit einem entgegenkommenden Pkw Renault, in dem sich eine f\u00fcnfk\u00f6pfige Familie befand.<\/span><\/p><p><span style=\"font-size: 12pt;\">Ersthelfer und Einsatzkr\u00e4fte der Feuerwehr konnten die Insassen aus den Fahrzeugen bringen. Der Rettungsdienst \u00fcbernahm sofort die medizinische Versorgung der Verletzten.<\/span><\/p><p><span style=\"font-size: 12pt;\">Durch die Wucht des Aufpralls erlitt die 35-j\u00e4hrige Beifahrerin so schwere Verletzungen, dass sie trotz sofort eingeleiteter umfangreicher Reanimationsma\u00dfnahmen noch an der Unfallstelle verstarb. Die im Fond des Fahrzeugs befindlichen Kinder, zwei M\u00e4dchen und ein Junge im Alter zwischen 4 und 12 Jahren, erlitten ebenfalls lebensgef\u00e4hrliche Verletzungen und mussten unter Reanimationsma\u00dfnahmen in Krankenh\u00e4user geflogen bzw. gebracht werden. Auch der 35-j\u00e4hrige Vater des Renault kam mit lebensgef\u00e4hrlichen Verletzungen in ein Krankenhaus.<\/span><\/p><p><span style=\"font-size: 12pt;\">Der 19-j\u00e4hrige Fahrer des Transporters sowie seine 17-j\u00e4hrige Beifahrerin erlitten schwere Verletzungen und wurden ebenfalls durch den Rettungsdienst versorgt und in Krankenh\u00e4user eingeliefert.<\/span><\/p><p><span style=\"font-size: 12pt;\">Zwei Rettungshubschrauber sowie ein Gro\u00dfaufgebot von rund 100 Einsatzkr\u00e4ften des Rettungsdienstes, der Freiwilligen Feuerwehren und des Technischen Hilfswerkes aus den umliegenden Gemeinden waren im Einsatz, darunter f\u00fcnf Not\u00e4rzte, ein Leitender Notarzt sowie ca. zehn Rettungswagen.<\/span><\/p><p><span style=\"font-size: 12pt;\">Notfallseelsorger und Mitarbeiter des Kriseninterventionsteams \u00fcbernahmen noch vor Ort die Betreuung der Ersthelfer sowie der Einsatzkr\u00e4fte.<\/span><\/p><p><span style=\"font-size: 12pt;\">Die Polizeiinspektion Roth ist mit derzeit noch mit der Unfallaufnahme betraut. Die Bundesstra\u00dfe 2 musste im Bereich der Unfallstelle komplett gesperrt werden. Der Verkehr wurde umgeleitet.<\/span><\/p><p><span style=\"font-size: 12pt;\">Auf Anordnung der vor Ort befindlichen Staatsanw\u00e4ltin wurde ein Sachverst\u00e4ndiger zur Kl\u00e4rung der Unfallursache hinzugezogen.<\/span><\/p><p><strong><span style=\"font-size: 12pt;\">Wolfgang Prehl<\/span><\/strong><\/p><p><span style=\"font-size: 12pt;\">Original-Content von: Polizeipr\u00e4sidium Mittelfranken<\/span><\/p>\t\t\t\t\t\t<\/div>\n\t\t\t\t<\/div>\n\t\t\t\t<div class=\"elementor-element elementor-element-ace1283 elementor-widget-divider--view-line elementor-widget elementor-widget-divider\" data-id=\"ace1283\" data-element_type=\"widget\" data-widget_type=\"divider.default\">\n\t\t\t\t<div class=\"elementor-widget-container\">\n\t\t\t\t\t<div class=\"elementor-divider\">\n\t\t\t<span class=\"elementor-divider-separator\">\n\t\t\t\t\t\t<\/span>\n\t\t<\/div>\n\t\t\t\t<\/div>\n\t\t\t\t<\/div>\n\t\t\t\t<div class=\"elementor-element elementor-element-e58f8b1 elementor-widget elementor-widget-google_maps\" data-id=\"e58f8b1\" data-element_type=\"widget\" data-widget_type=\"google_maps.default\">\n\t\t\t\t<div class=\"elementor-widget-container\">\n\t\t\t\t\t<div class=\"elementor-custom-embed\">\n\t\t\t<iframe loading=\"lazy\"\n\t\t\t\t\tsrc=\"https:\/\/maps.google.com\/maps?q=Wernsbach%2C%20Georgensgm%C3%BCnd%2C%20Deutschland&#038;t=m&#038;z=16&#038;output=embed&#038;iwloc=near\"\n\t\t\t\t\ttitle=\"Wernsbach, Georgensgm\u00fcnd, Deutschland\"\n\t\t\t\t\taria-label=\"Wernsbach, Georgensgm\u00fcnd, Deutschland\"\n\t\t\t><\/iframe>\n\t\t<\/div>\n\t\t\t\t<\/div>\n\t\t\t\t<\/div>\n\t\t\t\t\t<\/div>\n\t\t<\/div>\n\t\t\t\t<div class=\"elementor-column elementor-col-50 elementor-top-column elementor-element elementor-element-bca16a1\" data-id=\"bca16a1\" data-element_type=\"column\">\n\t\t\t<div class=\"elementor-widget-wrap elementor-element-populated\">\n\t\t\t\t\t\t<div class=\"elementor-element elementor-element-d99c01b elementor-widget elementor-widget-heading\" data-id=\"d99c01b\" data-element_type=\"widget\" data-widget_type=\"heading.default\">\n\t\t\t\t<div class=\"elementor-widget-container\">\n\t\t\t<h3 class=\"elementor-heading-title elementor-size-default\">Schnell vergleichen und sparen!<\/h3>\t\t<\/div>\n\t\t\t\t<\/div>\n\t\t\t\t<div class=\"elementor-element elementor-element-f8fcb73 elementor-widget elementor-widget-wp-widget-advads_ad_widget\" data-id=\"f8fcb73\" data-element_type=\"widget\" data-widget_type=\"wp-widget-advads_ad_widget.default\">\n\t\t\t\t<div class=\"elementor-widget-container\">\n\t\t\t<div id=\"regio-2598000802\"><div class=\"regio-adlabel\">Werbung<\/div><!-- Beginn https:\/\/www.financeads.net\/-Code --><a href=\"https:\/\/www.financeads.net\/tc.php?t=36648C236142529B\" target=\"_blank\"><img decoding=\"async\" src=\"https:\/\/www.financeads.net\/tb.php?t=36648V236142529B&https=1\" alt=\"\" border=\"0\" width=\"300\" height=\"250\"><\/a><!-- Ende https:\/\/www.financeads.net\/-Code --><\/div>\t\t<\/div>\n\t\t\t\t<\/div>\n\t\t\t\t<div class=\"elementor-element elementor-element-76d498a elementor-widget elementor-widget-wp-widget-advads_ad_widget\" data-id=\"76d498a\" data-element_type=\"widget\" data-widget_type=\"wp-widget-advads_ad_widget.default\">\n\t\t\t\t<div class=\"elementor-widget-container\">\n\t\t\t<div id=\"regio-2049976555\"><div class=\"regio-adlabel\">Werbung<\/div><!-- Beginn https:\/\/www.financeads.net\/-Code --><a href=\"https:\/\/www.financeads.net\/tc.php?t=36648C42614510B\" target=\"_blank\"><img decoding=\"async\" src=\"https:\/\/www.financeads.net\/tb.php?t=36648V42614510B&https=1\" alt=\"\" border=\"0\" width=\"200\" height=\"300\"><\/a><!-- Ende https:\/\/www.financeads.net\/-Code --><\/div>\t\t<\/div>\n\t\t\t\t<\/div>\n\t\t\t\t<div class=\"elementor-element elementor-element-22c1304 elementor-widget elementor-widget-wp-widget-advads_ad_widget\" data-id=\"22c1304\" data-element_type=\"widget\" data-widget_type=\"wp-widget-advads_ad_widget.default\">\n\t\t\t\t<div class=\"elementor-widget-container\">\n\t\t\t<div id=\"regio-2203792007\"><div class=\"regio-adlabel\">Werbung<\/div><!-- Beginn https:\/\/www.financeads.net\/-Code --><a href=\"https:\/\/www.financeads.net\/tc.php?t=36648C205040072B\" target=\"_blank\"><img loading=\"lazy\" decoding=\"async\" src=\"https:\/\/www.financeads.net\/tb.php?t=36648V205040072B&https=1\" alt=\"\" border=\"0\" width=\"300\" height=\"250\"><\/a><!-- Ende https:\/\/www.financeads.net\/-Code --><\/div>\t\t<\/div>\n\t\t\t\t<\/div>\n\t\t\t\t<div class=\"elementor-element elementor-element-a79da85 elementor-widget elementor-widget-wp-widget-advads_ad_widget\" data-id=\"a79da85\" data-element_type=\"widget\" data-widget_type=\"wp-widget-advads_ad_widget.default\">\n\t\t\t\t<div class=\"elementor-widget-container\">\n\t\t\t<div id=\"regio-157103982\"><div class=\"regio-adlabel\">Werbung<\/div><!-- Beginn https:\/\/www.financeads.net\/-Code --><a href=\"https:\/\/www.financeads.net\/tc.php?t=36648C271460142B\" target=\"_blank\"><img loading=\"lazy\" decoding=\"async\" src=\"https:\/\/www.financeads.net\/tb.php?t=36648V271460142B&https=1\" alt=\"PETPROTECT_Hund&Katze_Banner\" border=\"0\" width=\"250\" height=\"250\"><\/a><!-- Ende https:\/\/www.financeads.net\/-Code --><\/div>\t\t<\/div>\n\t\t\t\t<\/div>\n\t\t\t\t\t<\/div>\n\t\t<\/div>\n\t\t\t\t\t<\/div>\n\t\t<\/section>\n\t\t\t\t<\/div>\n\t\t","protected":false},"excerpt":{"rendered":"<div class=\"mh-excerpt\"><p>T\u00f6dlicher Verkehrsunfall auf der Bundesstra\u00dfe 2 Roth (ots) &#8211; Am Sonntagnachmittag (05.01.2020) ereignete sich auf der Bundesstra\u00dfe 2 im Landkreis Roth ein tragischer Verkehrsunfall. Eine 35-j\u00e4hrige Frau verstarb noch an der Unfallstelle. Nach bisherigen Erkenntnissen <a class=\"mh-excerpt-more\" href=\"https:\/\/www.region-schwabach.de\/wordpress\/todlicher-unfall-nach-frontalzusammenstoss-bei-wernsbach\/\" title=\"T\u00f6dlicher Unfall nach Frontalzusammensto\u00df bei Wernsbach\">[&#8230;]<\/a><\/p>\n<\/div>","protected":false},"author":1,"featured_media":105670,"comment_status":"open","ping_status":"open","sticky":false,"template":"","format":"standard","meta":{"_cbd_carousel_blocks":"[]","footnotes":""},"categories":[15],"tags":[11588,9561,541,2102,296,8732,1441,1856,463,981,1421,2103,972,32,1327,6778,3393,334,1541,529],"class_list":{"0":"post-105669","1":"post","2":"type-post","3":"status-publish","4":"format-standard","5":"has-post-thumbnail","7":"category-polizeimeldungen","8":"tag-05-01-2020","9":"tag-b-2","10":"tag-bundesstrasse-2","11":"tag-einsatzkraefte","12":"tag-feuerwehr","13":"tag-frontalzusammenstoss-2","14":"tag-gegenfahrbahn","15":"tag-krankenhaus","16":"tag-pkw","17":"tag-polizei","18":"tag-renault","19":"tag-rettungsdienst","20":"tag-rettungshubschrauber","21":"tag-roth","22":"tag-schwer-verletzt","23":"tag-technisches-hilfswerk","24":"tag-toedlich-verletzt","25":"tag-unfall","26":"tag-vw-transporter","27":"tag-wernsbach"},"_links":{"self":[{"href":"https:\/\/www.region-schwabach.de\/wordpress\/wp-json\/wp\/v2\/posts\/105669","targetHints":{"allow":["GET"]}}],"collection":[{"href":"https:\/\/www.region-schwabach.de\/wordpress\/wp-json\/wp\/v2\/posts"}],"about":[{"href":"https:\/\/www.region-schwabach.de\/wordpress\/wp-json\/wp\/v2\/types\/post"}],"author":[{"embeddable":true,"href":"https:\/\/www.region-schwabach.de\/wordpress\/wp-json\/wp\/v2\/users\/1"}],"replies":[{"embeddable":true,"href":"https:\/\/www.region-schwabach.de\/wordpress\/wp-json\/wp\/v2\/comments?post=105669"}],"version-history":[{"count":0,"href":"https:\/\/www.region-schwabach.de\/wordpress\/wp-json\/wp\/v2\/posts\/105669\/revisions"}],"wp:featuredmedia":[{"embeddable":true,"href":"https:\/\/www.region-schwabach.de\/wordpress\/wp-json\/wp\/v2\/media\/105670"}],"wp:attachment":[{"href":"https:\/\/www.region-schwabach.de\/wordpress\/wp-json\/wp\/v2\/media?parent=105669"}],"wp:term":[{"taxonomy":"category","embeddable":true,"href":"https:\/\/www.region-schwabach.de\/wordpress\/wp-json\/wp\/v2\/categories?post=105669"},{"taxonomy":"post_tag","embeddable":true,"href":"https:\/\/www.region-schwabach.de\/wordpress\/wp-json\/wp\/v2\/tags?post=105669"}],"curies":[{"name":"wp","href":"https:\/\/api.w.org\/{rel}","templated":true}]}}