{"id":107454,"date":"2020-02-11T10:27:08","date_gmt":"2020-02-11T09:27:08","guid":{"rendered":"http:\/\/www.region-schwabach.de\/wordpress\/?p=107454"},"modified":"2020-02-11T10:28:37","modified_gmt":"2020-02-11T09:28:37","slug":"zahlreiche-sturm-einsatze-im-bereich-der-polizeiinspektion-weissenburg","status":"publish","type":"post","link":"https:\/\/www.region-schwabach.de\/wordpress\/zahlreiche-sturm-einsatze-im-bereich-der-polizeiinspektion-weissenburg\/","title":{"rendered":"Zahlreiche \u201eSturm-Eins\u00e4tze&#8220; im Bereich der Polizeiinspektion Wei\u00dfenburg"},"content":{"rendered":"\t\t<div data-elementor-type=\"wp-post\" data-elementor-id=\"107454\" class=\"elementor elementor-107454\">\n\t\t\t\t\t\t<section class=\"elementor-section elementor-top-section elementor-element elementor-element-1cuv9jr elementor-section-boxed elementor-section-height-default elementor-section-height-default\" data-id=\"1cuv9jr\" data-element_type=\"section\">\n\t\t\t\t\t\t<div class=\"elementor-container elementor-column-gap-default\">\n\t\t\t\t\t<div class=\"elementor-column elementor-col-50 elementor-top-column elementor-element elementor-element-q5zak7b\" data-id=\"q5zak7b\" data-element_type=\"column\">\n\t\t\t<div class=\"elementor-widget-wrap elementor-element-populated\">\n\t\t\t\t\t\t<div class=\"elementor-element elementor-element-f3e1a8e elementor-widget elementor-widget-wp-widget-advads_ad_widget\" data-id=\"f3e1a8e\" data-element_type=\"widget\" data-widget_type=\"wp-widget-advads_ad_widget.default\">\n\t\t\t\t<div class=\"elementor-widget-container\">\n\t\t\t<div id=\"regio-2579959926\"><div class=\"regio-adlabel\">Werbung<\/div><!-- Beginn https:\/\/www.financeads.net\/-Code --><a href=\"https:\/\/www.financeads.net\/tc.php?t=36648C19118058B\" target=\"_blank\"><img fetchpriority=\"high\" decoding=\"async\" src=\"https:\/\/www.financeads.net\/tb.php?t=36648V19118058B&https=1\" alt=\"\" border=\"0\" width=\"728\" height=\"90\"><\/a><!-- Ende https:\/\/www.financeads.net\/-Code --><\/div>\t\t<\/div>\n\t\t\t\t<\/div>\n\t\t\t\t<div class=\"elementor-element elementor-element-a4daeae elementor-widget elementor-widget-text-editor\" data-id=\"a4daeae\" data-element_type=\"widget\" data-widget_type=\"text-editor.default\">\n\t\t\t\t<div class=\"elementor-widget-container\">\n\t\t\t\t\t\t\t<h3>Mehrere Eins\u00e4tze aufgrund des Orkans \u201eSabine\u201c<\/h3><p><span style=\"font-size: 12pt;\">Wei\u00dfenburg &#8211; Die Polizeiinspektion Wei\u00dfenburg verzeichnete wegen des Orkantiefs \u201eSabine\u201c bislang eine Vielzahl von Eins\u00e4tzen. Bis dato wurden insgesamt 15 umgest\u00fcrzte B\u00e4ume gemeldet, welche auf die Fahrbahn st\u00fcrzten.<\/span><\/p><p><span style=\"font-size: 12pt;\">Bereits in der Nacht von Sonntag, den 09.02.2020, auf Montag, den 10.02.2020, wurde um Mitternacht ein umgest\u00fcrzter Baum auf der Ortsverbindungsstra\u00dfe von H\u00f6ttingen in Richtung Rohrbach gemeldet.<\/span><\/p><p><span style=\"font-size: 12pt;\">Am Montagmorgen st\u00fcrzten B\u00e4ume auf die Bundesstra\u00dfe 2, zwischen Ellingen und Pleinfeld, sowie auf H\u00f6he von Pleinfeld. Ein weiterer Baum fiel auf die Staatsstra\u00dfe 2224 (Pleinfeld-M\u00fchlstetten), in H\u00f6he von Mackenm\u00fchle auf die Fahrbahn. Auf der Kreisstra\u00dfe 18 zwischen Pleinfeld und Stirn, auf H\u00f6he der Abzweigung Allmannsdorf, hing ein Baum \u00fcber die Fahrbahn. Ein weiterer Baum fiel auf der Bundesstra\u00dfe 13, auf H\u00f6he der Abzweigung Suffersheim\/Heuberg, auf die Fahrbahn. Einen weiteren umgest\u00fcrzten Baum gab es auf der Kreisstra\u00dfe 15, zwischen Ettenstatt und Geyern.<\/span><\/p><p><span style=\"font-size: 12pt;\">In der Richard-St\u00fccklen-Stra\u00dfe in Wei\u00dfenburg st\u00fcrzte durch den Sturm ein Pkw-Anh\u00e4nger um, so da\u00df dieser quer \u00fcber der Fahrbahn lag. Um 10:45 Uhr wurden von einem Geb\u00e4ude herabfallende Ziegel in der Rosenstra\u00dfe in Wei\u00dfenburg gemeldet.<\/span><\/p><p><span style=\"font-size: 12pt;\">Weitere B\u00e4ume fielen in der Zeit zwischen 12:30 Uhr und 13:30 Uhr auf diverse Fahrbahnen (Bundesstra\u00dfe 13, auf H\u00f6he der Abzweigung B\u00e4renloch, Kreisstra\u00dfe 16 zwischen Bergen und Reuth und Neuhaus, Kreisstra\u00dfe 18 zwischen H\u00f6ttingen und Fiegenstall und Ortsverbindungsstra\u00dfe Allmannsdorf-Birklein).<\/span><\/p>\t\t\t\t\t\t<\/div>\n\t\t\t\t<\/div>\n\t\t\t\t<div class=\"elementor-element elementor-element-ace1283 elementor-widget-divider--view-line elementor-widget elementor-widget-divider\" data-id=\"ace1283\" data-element_type=\"widget\" data-widget_type=\"divider.default\">\n\t\t\t\t<div class=\"elementor-widget-container\">\n\t\t\t\t\t<div class=\"elementor-divider\">\n\t\t\t<span class=\"elementor-divider-separator\">\n\t\t\t\t\t\t<\/span>\n\t\t<\/div>\n\t\t\t\t<\/div>\n\t\t\t\t<\/div>\n\t\t\t\t<div class=\"elementor-element elementor-element-e58f8b1 elementor-widget elementor-widget-google_maps\" data-id=\"e58f8b1\" data-element_type=\"widget\" data-widget_type=\"google_maps.default\">\n\t\t\t\t<div class=\"elementor-widget-container\">\n\t\t\t\t\t<div class=\"elementor-custom-embed\">\n\t\t\t<iframe loading=\"lazy\"\n\t\t\t\t\tsrc=\"https:\/\/maps.google.com\/maps?q=Wei%C3%9Fenburg%2C%20Deutschland&#038;t=m&#038;z=11&#038;output=embed&#038;iwloc=near\"\n\t\t\t\t\ttitle=\"Wei\u00dfenburg, Deutschland\"\n\t\t\t\t\taria-label=\"Wei\u00dfenburg, Deutschland\"\n\t\t\t><\/iframe>\n\t\t<\/div>\n\t\t\t\t<\/div>\n\t\t\t\t<\/div>\n\t\t\t\t\t<\/div>\n\t\t<\/div>\n\t\t\t\t<div class=\"elementor-column elementor-col-50 elementor-top-column elementor-element elementor-element-bca16a1\" data-id=\"bca16a1\" data-element_type=\"column\">\n\t\t\t<div class=\"elementor-widget-wrap elementor-element-populated\">\n\t\t\t\t\t\t<div class=\"elementor-element elementor-element-d99c01b elementor-widget elementor-widget-heading\" data-id=\"d99c01b\" data-element_type=\"widget\" data-widget_type=\"heading.default\">\n\t\t\t\t<div class=\"elementor-widget-container\">\n\t\t\t<h3 class=\"elementor-heading-title elementor-size-default\">Schnell vergleichen und sparen!<\/h3>\t\t<\/div>\n\t\t\t\t<\/div>\n\t\t\t\t<div class=\"elementor-element elementor-element-f8fcb73 elementor-widget elementor-widget-wp-widget-advads_ad_widget\" data-id=\"f8fcb73\" data-element_type=\"widget\" data-widget_type=\"wp-widget-advads_ad_widget.default\">\n\t\t\t\t<div class=\"elementor-widget-container\">\n\t\t\t<div id=\"regio-3351398762\"><div class=\"regio-adlabel\">Werbung<\/div><!-- Beginn https:\/\/www.financeads.net\/-Code --><a href=\"https:\/\/www.financeads.net\/tc.php?t=36648C236142529B\" target=\"_blank\"><img decoding=\"async\" src=\"https:\/\/www.financeads.net\/tb.php?t=36648V236142529B&https=1\" alt=\"\" border=\"0\" width=\"300\" height=\"250\"><\/a><!-- Ende https:\/\/www.financeads.net\/-Code --><\/div>\t\t<\/div>\n\t\t\t\t<\/div>\n\t\t\t\t<div class=\"elementor-element elementor-element-76d498a elementor-widget elementor-widget-wp-widget-advads_ad_widget\" data-id=\"76d498a\" data-element_type=\"widget\" data-widget_type=\"wp-widget-advads_ad_widget.default\">\n\t\t\t\t<div class=\"elementor-widget-container\">\n\t\t\t<div id=\"regio-624497806\"><div class=\"regio-adlabel\">Werbung<\/div><!-- Beginn https:\/\/www.financeads.net\/-Code --><a href=\"https:\/\/www.financeads.net\/tc.php?t=36648C42614510B\" target=\"_blank\"><img decoding=\"async\" src=\"https:\/\/www.financeads.net\/tb.php?t=36648V42614510B&https=1\" alt=\"\" border=\"0\" width=\"200\" height=\"300\"><\/a><!-- Ende https:\/\/www.financeads.net\/-Code --><\/div>\t\t<\/div>\n\t\t\t\t<\/div>\n\t\t\t\t<div class=\"elementor-element elementor-element-22c1304 elementor-widget elementor-widget-wp-widget-advads_ad_widget\" data-id=\"22c1304\" data-element_type=\"widget\" data-widget_type=\"wp-widget-advads_ad_widget.default\">\n\t\t\t\t<div class=\"elementor-widget-container\">\n\t\t\t<div id=\"regio-3282181020\"><div class=\"regio-adlabel\">Werbung<\/div><!-- Beginn https:\/\/www.financeads.net\/-Code --><a href=\"https:\/\/www.financeads.net\/tc.php?t=36648C205040072B\" target=\"_blank\"><img loading=\"lazy\" decoding=\"async\" src=\"https:\/\/www.financeads.net\/tb.php?t=36648V205040072B&https=1\" alt=\"\" border=\"0\" width=\"300\" height=\"250\"><\/a><!-- Ende https:\/\/www.financeads.net\/-Code --><\/div>\t\t<\/div>\n\t\t\t\t<\/div>\n\t\t\t\t<div class=\"elementor-element elementor-element-a79da85 elementor-widget elementor-widget-wp-widget-advads_ad_widget\" data-id=\"a79da85\" data-element_type=\"widget\" data-widget_type=\"wp-widget-advads_ad_widget.default\">\n\t\t\t\t<div class=\"elementor-widget-container\">\n\t\t\t<div id=\"regio-757265872\"><div class=\"regio-adlabel\">Werbung<\/div><!-- Beginn https:\/\/www.financeads.net\/-Code --><a href=\"https:\/\/www.financeads.net\/tc.php?t=36648C271460142B\" target=\"_blank\"><img loading=\"lazy\" decoding=\"async\" src=\"https:\/\/www.financeads.net\/tb.php?t=36648V271460142B&https=1\" alt=\"PETPROTECT_Hund&Katze_Banner\" border=\"0\" width=\"250\" height=\"250\"><\/a><!-- Ende https:\/\/www.financeads.net\/-Code --><\/div>\t\t<\/div>\n\t\t\t\t<\/div>\n\t\t\t\t\t<\/div>\n\t\t<\/div>\n\t\t\t\t\t<\/div>\n\t\t<\/section>\n\t\t\t\t<\/div>\n\t\t","protected":false},"excerpt":{"rendered":"<div class=\"mh-excerpt\"><p>Mehrere Eins\u00e4tze aufgrund des Orkans \u201eSabine\u201c Wei\u00dfenburg &#8211; Die Polizeiinspektion Wei\u00dfenburg verzeichnete wegen des Orkantiefs \u201eSabine\u201c bislang eine Vielzahl von Eins\u00e4tzen. Bis dato wurden insgesamt 15 umgest\u00fcrzte B\u00e4ume gemeldet, welche auf die Fahrbahn st\u00fcrzten. Bereits <a class=\"mh-excerpt-more\" href=\"https:\/\/www.region-schwabach.de\/wordpress\/zahlreiche-sturm-einsatze-im-bereich-der-polizeiinspektion-weissenburg\/\" title=\"Zahlreiche \u201eSturm-Eins\u00e4tze&#8220; im Bereich der Polizeiinspektion Wei\u00dfenburg\">[&#8230;]<\/a><\/p>\n<\/div>","protected":false},"author":1,"featured_media":107455,"comment_status":"open","ping_status":"open","sticky":false,"template":"","format":"standard","meta":{"_cbd_carousel_blocks":"[]","footnotes":""},"categories":[15],"tags":[11788,11805,1854,495,9561,707,5768,11820,2003,541,2037,885,1906,1559,3074,1592,11818,1195,11817,5225,11819,1143,11821,11816,1294,820,981,6411,11073,3068,1062,1362,936,586,6050,249,1409],"class_list":{"0":"post-107454","1":"post","2":"type-post","3":"status-publish","4":"format-standard","5":"has-post-thumbnail","7":"category-polizeimeldungen","8":"tag-09-02-2020","9":"tag-10-02-2020","10":"tag-allmannsdorf","11":"tag-anhaenger","12":"tag-b-2","13":"tag-baerenloch","14":"tag-bergen","15":"tag-birklein","16":"tag-bundesstrasse-13","17":"tag-bundesstrasse-2","18":"tag-einsaetze","19":"tag-ettenstatt","20":"tag-fahrbahn","21":"tag-fiegenstall","22":"tag-gebaeude","23":"tag-geyern","24":"tag-heuberg-kreisstrasse-18","25":"tag-hoettingen","26":"tag-kreisstrasse-15","27":"tag-kreisstrasse-16","28":"tag-mackenmuehle","29":"tag-muehlstetten","30":"tag-neuhaus","31":"tag-orkantief-sabine","32":"tag-ortsverbindungsstrasse","33":"tag-pleinfeld","34":"tag-polizei","35":"tag-reuth","36":"tag-richard-stuecklein-strasse","37":"tag-rohrbach","38":"tag-rosenstrasse","39":"tag-staatsstrasse-2224","40":"tag-stirn","41":"tag-suffersheim","42":"tag-umgestuerzte-baeume","43":"tag-weissenburg","44":"tag-ziegel"},"_links":{"self":[{"href":"https:\/\/www.region-schwabach.de\/wordpress\/wp-json\/wp\/v2\/posts\/107454","targetHints":{"allow":["GET"]}}],"collection":[{"href":"https:\/\/www.region-schwabach.de\/wordpress\/wp-json\/wp\/v2\/posts"}],"about":[{"href":"https:\/\/www.region-schwabach.de\/wordpress\/wp-json\/wp\/v2\/types\/post"}],"author":[{"embeddable":true,"href":"https:\/\/www.region-schwabach.de\/wordpress\/wp-json\/wp\/v2\/users\/1"}],"replies":[{"embeddable":true,"href":"https:\/\/www.region-schwabach.de\/wordpress\/wp-json\/wp\/v2\/comments?post=107454"}],"version-history":[{"count":0,"href":"https:\/\/www.region-schwabach.de\/wordpress\/wp-json\/wp\/v2\/posts\/107454\/revisions"}],"wp:featuredmedia":[{"embeddable":true,"href":"https:\/\/www.region-schwabach.de\/wordpress\/wp-json\/wp\/v2\/media\/107455"}],"wp:attachment":[{"href":"https:\/\/www.region-schwabach.de\/wordpress\/wp-json\/wp\/v2\/media?parent=107454"}],"wp:term":[{"taxonomy":"category","embeddable":true,"href":"https:\/\/www.region-schwabach.de\/wordpress\/wp-json\/wp\/v2\/categories?post=107454"},{"taxonomy":"post_tag","embeddable":true,"href":"https:\/\/www.region-schwabach.de\/wordpress\/wp-json\/wp\/v2\/tags?post=107454"}],"curies":[{"name":"wp","href":"https:\/\/api.w.org\/{rel}","templated":true}]}}