{"id":108040,"date":"2020-02-25T09:02:43","date_gmt":"2020-02-25T08:02:43","guid":{"rendered":"http:\/\/www.region-schwabach.de\/wordpress\/?p=108040"},"modified":"2020-04-16T13:55:31","modified_gmt":"2020-04-16T11:55:31","slug":"geanderte-offnungszeiten-am-faschingsdienstag-bei-amtern-und-dienststellen-der-stadtverwaltung","status":"publish","type":"post","link":"https:\/\/www.region-schwabach.de\/wordpress\/geanderte-offnungszeiten-am-faschingsdienstag-bei-amtern-und-dienststellen-der-stadtverwaltung\/","title":{"rendered":"Ge\u00e4nderte \u00d6ffnungszeiten am Faschingsdienstag bei \u00c4mtern und Dienststellen der Stadtverwaltung"},"content":{"rendered":"\t\t<div data-elementor-type=\"wp-post\" data-elementor-id=\"108040\" class=\"elementor elementor-108040\">\n\t\t\t\t\t\t<section class=\"elementor-section elementor-top-section elementor-element elementor-element-1dzeyuh elementor-section-boxed elementor-section-height-default elementor-section-height-default\" data-id=\"1dzeyuh\" data-element_type=\"section\">\n\t\t\t\t\t\t<div class=\"elementor-container elementor-column-gap-default\">\n\t\t\t\t\t<div class=\"elementor-column elementor-col-66 elementor-top-column elementor-element elementor-element-aam59ft\" data-id=\"aam59ft\" data-element_type=\"column\">\n\t\t\t<div class=\"elementor-widget-wrap elementor-element-populated\">\n\t\t\t\t\t\t<div class=\"elementor-element elementor-element-c101c6f elementor-widget elementor-widget-wp-widget-advads_ad_widget\" data-id=\"c101c6f\" data-element_type=\"widget\" data-widget_type=\"wp-widget-advads_ad_widget.default\">\n\t\t\t\t<div class=\"elementor-widget-container\">\n\t\t\t<div id=\"regio-693747698\"><div class=\"regio-adlabel\">Werbung<\/div><!-- Beginn https:\/\/www.financeads.net\/-Code --><a href=\"https:\/\/www.financeads.net\/tc.php?t=36648C19118058B\" target=\"_blank\"><img fetchpriority=\"high\" decoding=\"async\" src=\"https:\/\/www.financeads.net\/tb.php?t=36648V19118058B&https=1\" alt=\"\" border=\"0\" width=\"728\" height=\"90\"><\/a><!-- Ende https:\/\/www.financeads.net\/-Code --><\/div>\t\t<\/div>\n\t\t\t\t<\/div>\n\t\t\t\t<div class=\"elementor-element elementor-element-k9p1oyc elementor-widget elementor-widget-text-editor\" data-id=\"k9p1oyc\" data-element_type=\"widget\" data-widget_type=\"text-editor.default\">\n\t\t\t\t<div class=\"elementor-widget-container\">\n\t\t\t\t\t\t\t<h3>Faschingsdienstag<\/h3><p><span style=\"font-size: 12pt;\">Am Faschingsdienstag, den 25.02.2020 gelten bei \u00c4mtern und Beh\u00f6rden in Schwabach ge\u00e4nderte \u00d6ffnungszeiten, die wie folgt aussehen:<\/span><\/p><ul style=\"list-style-type: disc;\"><li><span style=\"font-size: 12pt;\">Die \u00c4mter und Dienststellen der Stadtverwaltung (einschlie\u00dflich des B\u00fcrgerb\u00fcros) sind am Faschingsdienstag, ab 12 Uhr geschlossen.<\/span><\/li><li><span style=\"font-size: 12pt;\">Die Gesch\u00e4ftsstelle der Volkshochschule Schwabach ist w\u00e4hrend der Faschingsferien von Montag, 25.02.2020, bis Samstag 29.02.20 geschlossen.<\/span><\/li><li><span style=\"font-size: 12pt;\">Der Recyclinghof ist am Faschingsdienstag von 10 bis 17 Uhr ge\u00f6ffnet.<\/span><\/li><li><span style=\"font-size: 12pt;\">Die Stadtbibliothek hat von 10 bis 12 Uhr ge\u00f6ffnet.<\/span><\/li><\/ul>\t\t\t\t\t\t<\/div>\n\t\t\t\t<\/div>\n\t\t\t\t<div class=\"elementor-element elementor-element-cj4lfz2 elementor-widget elementor-widget-google_maps\" data-id=\"cj4lfz2\" data-element_type=\"widget\" data-widget_type=\"google_maps.default\">\n\t\t\t\t<div class=\"elementor-widget-container\">\n\t\t\t\t\t<div class=\"elementor-custom-embed\">\n\t\t\t<iframe loading=\"lazy\"\n\t\t\t\t\tsrc=\"https:\/\/maps.google.com\/maps?q=N%C3%B6rdliche%20Ringstr.%202a-c%2C%20Schwabach%2C%20Deutschland&#038;t=m&#038;z=18&#038;output=embed&#038;iwloc=near\"\n\t\t\t\t\ttitle=\"N\u00f6rdliche Ringstr. 2a-c, Schwabach, Deutschland\"\n\t\t\t\t\taria-label=\"N\u00f6rdliche Ringstr. 2a-c, Schwabach, Deutschland\"\n\t\t\t><\/iframe>\n\t\t<\/div>\n\t\t\t\t<\/div>\n\t\t\t\t<\/div>\n\t\t\t\t\t<\/div>\n\t\t<\/div>\n\t\t\t\t<div class=\"elementor-column elementor-col-33 elementor-top-column elementor-element elementor-element-uferl75\" data-id=\"uferl75\" data-element_type=\"column\">\n\t\t\t<div class=\"elementor-widget-wrap elementor-element-populated\">\n\t\t\t\t\t\t<div class=\"elementor-element elementor-element-901657a elementor-widget elementor-widget-wp-widget-advads_ad_widget\" data-id=\"901657a\" data-element_type=\"widget\" data-widget_type=\"wp-widget-advads_ad_widget.default\">\n\t\t\t\t<div class=\"elementor-widget-container\">\n\t\t\t<div id=\"regio-3484624640\"><div class=\"regio-adlabel\">Werbung<\/div><div id=\"regio-2197492884\"><!-- Beginn https:\/\/www.financeads.net\/-Code --><a href=\"https:\/\/www.financeads.net\/tc.php?t=36648C271460142B\" target=\"_blank\"><img decoding=\"async\" src=\"https:\/\/www.financeads.net\/tb.php?t=36648V271460142B&https=1\" alt=\"PETPROTECT_Hund&Katze_Banner\" border=\"0\" width=\"250\" height=\"250\"><\/a><!-- Ende https:\/\/www.financeads.net\/-Code --><\/div><div id=\"regio-759434925\"><!-- Beginn https:\/\/www.financeads.net\/-Code --><a href=\"https:\/\/www.financeads.net\/tc.php?t=36648C236142529B\" target=\"_blank\"><img decoding=\"async\" src=\"https:\/\/www.financeads.net\/tb.php?t=36648V236142529B&https=1\" alt=\"\" border=\"0\" width=\"300\" height=\"250\"><\/a><!-- Ende https:\/\/www.financeads.net\/-Code --><\/div><div id=\"regio-3613545157\"><!-- Beginn https:\/\/www.financeads.net\/-Code --><a href=\"https:\/\/www.financeads.net\/tc.php?t=36648C205040072B\" target=\"_blank\"><img loading=\"lazy\" decoding=\"async\" src=\"https:\/\/www.financeads.net\/tb.php?t=36648V205040072B&https=1\" alt=\"\" border=\"0\" width=\"300\" height=\"250\"><\/a><!-- Ende https:\/\/www.financeads.net\/-Code --><\/div><div id=\"regio-3592990879\"><!-- Beginn https:\/\/www.financeads.net\/-Code --><a href=\"https:\/\/www.financeads.net\/tc.php?t=36648C42614510B\" target=\"_blank\"><img loading=\"lazy\" decoding=\"async\" src=\"https:\/\/www.financeads.net\/tb.php?t=36648V42614510B&https=1\" alt=\"\" border=\"0\" width=\"200\" height=\"300\"><\/a><!-- Ende https:\/\/www.financeads.net\/-Code --><\/div><\/div>\t\t<\/div>\n\t\t\t\t<\/div>\n\t\t\t\t\t<\/div>\n\t\t<\/div>\n\t\t\t\t\t<\/div>\n\t\t<\/section>\n\t\t\t\t<\/div>\n\t\t","protected":false},"excerpt":{"rendered":"<div class=\"mh-excerpt\"><p>Faschingsdienstag Am Faschingsdienstag, den 25.02.2020 gelten bei \u00c4mtern und Beh\u00f6rden in Schwabach ge\u00e4nderte \u00d6ffnungszeiten, die wie folgt aussehen: Die \u00c4mter und Dienststellen der Stadtverwaltung (einschlie\u00dflich des B\u00fcrgerb\u00fcros) sind am Faschingsdienstag, ab 12 Uhr geschlossen. Die <a class=\"mh-excerpt-more\" href=\"https:\/\/www.region-schwabach.de\/wordpress\/geanderte-offnungszeiten-am-faschingsdienstag-bei-amtern-und-dienststellen-der-stadtverwaltung\/\" title=\"Ge\u00e4nderte \u00d6ffnungszeiten am Faschingsdienstag bei \u00c4mtern und Dienststellen der Stadtverwaltung\">[&#8230;]<\/a><\/p>\n<\/div>","protected":false},"author":1,"featured_media":26862,"comment_status":"open","ping_status":"open","sticky":false,"template":"template-full.php","format":"standard","meta":{"_cbd_carousel_blocks":"[]","footnotes":""},"categories":[16,61],"tags":[11905,76,77,2556,1282,2627,2555,72,2626],"class_list":{"0":"post-108040","1":"post","2":"type-post","3":"status-publish","4":"format-standard","5":"has-post-thumbnail","7":"category-aktuell","8":"category-rathaus","9":"tag-25-02-2020","10":"tag-aemter","11":"tag-dienststellen","12":"tag-faschingsdienstag","13":"tag-geschlossen","14":"tag-recyclinghof","15":"tag-stadtbibliothek","16":"tag-stadtverwaltung","17":"tag-volkshochschule-schwabach"},"_links":{"self":[{"href":"https:\/\/www.region-schwabach.de\/wordpress\/wp-json\/wp\/v2\/posts\/108040","targetHints":{"allow":["GET"]}}],"collection":[{"href":"https:\/\/www.region-schwabach.de\/wordpress\/wp-json\/wp\/v2\/posts"}],"about":[{"href":"https:\/\/www.region-schwabach.de\/wordpress\/wp-json\/wp\/v2\/types\/post"}],"author":[{"embeddable":true,"href":"https:\/\/www.region-schwabach.de\/wordpress\/wp-json\/wp\/v2\/users\/1"}],"replies":[{"embeddable":true,"href":"https:\/\/www.region-schwabach.de\/wordpress\/wp-json\/wp\/v2\/comments?post=108040"}],"version-history":[{"count":0,"href":"https:\/\/www.region-schwabach.de\/wordpress\/wp-json\/wp\/v2\/posts\/108040\/revisions"}],"wp:featuredmedia":[{"embeddable":true,"href":"https:\/\/www.region-schwabach.de\/wordpress\/wp-json\/wp\/v2\/media\/26862"}],"wp:attachment":[{"href":"https:\/\/www.region-schwabach.de\/wordpress\/wp-json\/wp\/v2\/media?parent=108040"}],"wp:term":[{"taxonomy":"category","embeddable":true,"href":"https:\/\/www.region-schwabach.de\/wordpress\/wp-json\/wp\/v2\/categories?post=108040"},{"taxonomy":"post_tag","embeddable":true,"href":"https:\/\/www.region-schwabach.de\/wordpress\/wp-json\/wp\/v2\/tags?post=108040"}],"curies":[{"name":"wp","href":"https:\/\/api.w.org\/{rel}","templated":true}]}}