{"id":10843,"date":"2017-09-12T09:23:43","date_gmt":"2017-09-12T07:23:43","guid":{"rendered":"http:\/\/www.region-schwabach.de\/wordpress\/?p=10843"},"modified":"2017-09-12T16:48:22","modified_gmt":"2017-09-12T14:48:22","slug":"neue-parkplatzregelung-tritt-ab-16-september-in-schwabach-in-kraft","status":"publish","type":"post","link":"https:\/\/www.region-schwabach.de\/wordpress\/neue-parkplatzregelung-tritt-ab-16-september-in-schwabach-in-kraft\/","title":{"rendered":"Neue Parkplatzregelung tritt ab 16. September in Schwabach in Kraft"},"content":{"rendered":"\t\t<div data-elementor-type=\"wp-post\" data-elementor-id=\"10843\" class=\"elementor elementor-10843 elementor-bc-flex-widget\">\n\t\t\t\t\t\t<section class=\"elementor-section elementor-top-section elementor-element elementor-element-1cuv9jr elementor-section-boxed elementor-section-height-default elementor-section-height-default\" data-id=\"1cuv9jr\" data-element_type=\"section\">\n\t\t\t\t\t\t<div class=\"elementor-container elementor-column-gap-default\">\n\t\t\t\t\t<div class=\"elementor-column elementor-col-66 elementor-top-column elementor-element elementor-element-q5zak7b\" data-id=\"q5zak7b\" data-element_type=\"column\">\n\t\t\t<div class=\"elementor-widget-wrap elementor-element-populated\">\n\t\t\t\t\t\t<div class=\"elementor-element elementor-element-86qws23 elementor-widget elementor-widget-text-editor\" data-id=\"86qws23\" data-element_type=\"widget\" data-widget_type=\"text-editor.default\">\n\t\t\t\t<div class=\"elementor-widget-container\">\n\t\t\t\t\t\t\t<h3>Neue Geb\u00fchrenregelung tritt in Kraft<\/h3><p>Ab Samstag, den 16.09.2017, tritt in Schwabach auf vier Gro\u00dfparkpl\u00e4tzen (Markgrafenparkplatz, Reichswaisenhausstra\u00dfe, Schulzentrum an der Bismarckstra\u00dfe und im \u201eAlten Feuerwehrhof\u201c) eine neue Geb\u00fchrenregelung \u00a0in Kraft.<\/p><h3>Bis zu vier Stunden kostenloses Parken m\u00f6glich<\/h3><p>Ab 16. September 2017 k\u00f6nnen Parkplatzsuchende an Samstagen auf diesen Parkpl\u00e4tzen bis zu vier Stunden kostenlos parken.<\/p><p>Um von dieser Regelung Gebrauch zu machen, gen\u00fcgt es, eine Parkscheibe korrekt hinter die Windschutzscheibe zudeponieren oder im Besitz eines g\u00fcltiges Parktickets (Tages-, Monats- oder Jahresparkticket) zu sein.\u00a0Durch diese neue Regelung wird ein entsprechender \u00a0Stadtratsbeschluss umgesetzt.<\/p><h3>Bitte beachten:<\/h3><p>Wer auf diesen Parkpl\u00e4tzen l\u00e4nger als vier Stunden parken m\u00f6chte, muss am Parkscheinautomaten einen entsprechend g\u00fcltigen Parkschein kaufen oder einen diesen per Smartphone aktivieren oder \u00fcber einen Tages-, Monats- oder Jahresparkschein verf\u00fcgen.<\/p><p>Die Parkscheinautomaten auf den vier Parkpl\u00e4tzen bleiben daher auch samstags in Betrieb, um entsprechende Tickets erwerben zu k\u00f6nnen.<\/p><h3>Ziel: Belebung der Innenstadt und h\u00f6here Frequenz im Einzelhandel<\/h3><p>Der Stadtrat erhofft sich von der neuen Regelung, \u00a0Regelung eine Belebung der Innenstadt an Samstagen und gleichzeitig eine h\u00f6here Frequenz f\u00fcr den Einzelhandel.<\/p><h3>\u00c4nderung auch in der Altstadt-Mitte<\/h3><p>Zeitgleich tritt auch in der Altstadt-Mitte (K\u00f6nigsplatz und B\u00fcrgerhof) eine neue Regelung in Kraft: Statt bisher 45 Minuten kann dort ebenfalls ab 16. September k\u00fcnftig t\u00e4glich 60 Minuten kostenlos geparkt werden.<\/p>\t\t\t\t\t\t<\/div>\n\t\t\t\t<\/div>\n\t\t\t\t<div class=\"elementor-element elementor-element-ooppr80 elementor-widget-divider--view-line elementor-widget elementor-widget-divider\" data-id=\"ooppr80\" data-element_type=\"widget\" data-widget_type=\"divider.default\">\n\t\t\t\t<div class=\"elementor-widget-container\">\n\t\t\t\t\t<div class=\"elementor-divider\">\n\t\t\t<span class=\"elementor-divider-separator\">\n\t\t\t\t\t\t<\/span>\n\t\t<\/div>\n\t\t\t\t<\/div>\n\t\t\t\t<\/div>\n\t\t\t\t\t<\/div>\n\t\t<\/div>\n\t\t\t\t<div class=\"elementor-column elementor-col-33 elementor-top-column elementor-element elementor-element-0w0urt1\" data-id=\"0w0urt1\" data-element_type=\"column\">\n\t\t\t<div class=\"elementor-widget-wrap elementor-element-populated\">\n\t\t\t\t\t\t<div class=\"elementor-element elementor-element-mo6nk5i elementor-widget elementor-widget-image\" data-id=\"mo6nk5i\" data-element_type=\"widget\" data-widget_type=\"image.default\">\n\t\t\t\t<div class=\"elementor-widget-container\">\n\t\t\t\t\t\t\t\t\t\t\t\t\t\t<a href=\"http:\/\/www.region-schwabach.de\/wordpress\/werben-auf-region-schwabach\/\" target=\"_blank\">\n\t\t\t\t\t\t\t<img fetchpriority=\"high\" decoding=\"async\" width=\"1024\" height=\"1024\" src=\"https:\/\/www.region-schwabach.de\/wordpress\/wp-content\/uploads\/2017\/06\/werbung8-1024x1024.png\" class=\"attachment-large size-large wp-image-2484\" alt=\"\" srcset=\"https:\/\/www.region-schwabach.de\/wordpress\/wp-content\/uploads\/2017\/06\/werbung8-1024x1024.png 1024w, https:\/\/www.region-schwabach.de\/wordpress\/wp-content\/uploads\/2017\/06\/werbung8-150x150.png 150w, https:\/\/www.region-schwabach.de\/wordpress\/wp-content\/uploads\/2017\/06\/werbung8-300x300.png 300w, https:\/\/www.region-schwabach.de\/wordpress\/wp-content\/uploads\/2017\/06\/werbung8-768x768.png 768w, https:\/\/www.region-schwabach.de\/wordpress\/wp-content\/uploads\/2017\/06\/werbung8-600x600.png 600w, https:\/\/www.region-schwabach.de\/wordpress\/wp-content\/uploads\/2017\/06\/werbung8.png 1200w\" sizes=\"(max-width: 1024px) 100vw, 1024px\" \/>\t\t\t\t\t\t\t\t<\/a>\n\t\t\t\t\t\t\t\t\t\t\t\t\t<\/div>\n\t\t\t\t<\/div>\n\t\t\t\t\t<\/div>\n\t\t<\/div>\n\t\t\t\t\t<\/div>\n\t\t<\/section>\n\t\t\t\t<\/div>\n\t\t","protected":false},"excerpt":{"rendered":"<div class=\"mh-excerpt\"><p>Neue Geb\u00fchrenregelung tritt in Kraft Ab Samstag, den 16.09.2017, tritt in Schwabach auf vier Gro\u00dfparkpl\u00e4tzen (Markgrafenparkplatz, Reichswaisenhausstra\u00dfe, Schulzentrum an der Bismarckstra\u00dfe und im \u201eAlten Feuerwehrhof\u201c) eine neue Geb\u00fchrenregelung \u00a0in Kraft. Bis zu vier Stunden kostenloses <a class=\"mh-excerpt-more\" href=\"https:\/\/www.region-schwabach.de\/wordpress\/neue-parkplatzregelung-tritt-ab-16-september-in-schwabach-in-kraft\/\" title=\"Neue Parkplatzregelung tritt ab 16. September in Schwabach in Kraft\">[&#8230;]<\/a><\/p>\n<\/div>","protected":false},"author":1,"featured_media":10844,"comment_status":"open","ping_status":"open","sticky":false,"template":"","format":"standard","meta":{"_cbd_carousel_blocks":"[]","footnotes":""},"categories":[16,61,14],"tags":[504,508,505,509,506,507,19],"class_list":{"0":"post-10843","1":"post","2":"type-post","3":"status-publish","4":"format-standard","5":"has-post-thumbnail","7":"category-aktuell","8":"category-rathaus","9":"category-verkehrsinfos","10":"tag-ab-16-09-2017","11":"tag-alter-feuerwehrhof","12":"tag-markgrafenparkplatz","13":"tag-neue-gebuehrenregelung","14":"tag-reichswaisenhausstrasse","15":"tag-schulzentrum-bismarckstrasse","16":"tag-schwabach"},"_links":{"self":[{"href":"https:\/\/www.region-schwabach.de\/wordpress\/wp-json\/wp\/v2\/posts\/10843","targetHints":{"allow":["GET"]}}],"collection":[{"href":"https:\/\/www.region-schwabach.de\/wordpress\/wp-json\/wp\/v2\/posts"}],"about":[{"href":"https:\/\/www.region-schwabach.de\/wordpress\/wp-json\/wp\/v2\/types\/post"}],"author":[{"embeddable":true,"href":"https:\/\/www.region-schwabach.de\/wordpress\/wp-json\/wp\/v2\/users\/1"}],"replies":[{"embeddable":true,"href":"https:\/\/www.region-schwabach.de\/wordpress\/wp-json\/wp\/v2\/comments?post=10843"}],"version-history":[{"count":0,"href":"https:\/\/www.region-schwabach.de\/wordpress\/wp-json\/wp\/v2\/posts\/10843\/revisions"}],"wp:featuredmedia":[{"embeddable":true,"href":"https:\/\/www.region-schwabach.de\/wordpress\/wp-json\/wp\/v2\/media\/10844"}],"wp:attachment":[{"href":"https:\/\/www.region-schwabach.de\/wordpress\/wp-json\/wp\/v2\/media?parent=10843"}],"wp:term":[{"taxonomy":"category","embeddable":true,"href":"https:\/\/www.region-schwabach.de\/wordpress\/wp-json\/wp\/v2\/categories?post=10843"},{"taxonomy":"post_tag","embeddable":true,"href":"https:\/\/www.region-schwabach.de\/wordpress\/wp-json\/wp\/v2\/tags?post=10843"}],"curies":[{"name":"wp","href":"https:\/\/api.w.org\/{rel}","templated":true}]}}