{"id":108961,"date":"2020-03-18T10:10:58","date_gmt":"2020-03-18T09:10:58","guid":{"rendered":"http:\/\/www.region-schwabach.de\/wordpress\/?p=108961"},"modified":"2020-03-18T10:15:22","modified_gmt":"2020-03-18T09:15:22","slug":"mehrere-unfalle-im-bereich-der-polizeiinspektion-hilpoltstein","status":"publish","type":"post","link":"https:\/\/www.region-schwabach.de\/wordpress\/mehrere-unfalle-im-bereich-der-polizeiinspektion-hilpoltstein\/","title":{"rendered":"Mehrere Unf\u00e4lle im Bereich der Polizeiinspektion Hilpoltstein"},"content":{"rendered":"\t\t<div data-elementor-type=\"wp-post\" data-elementor-id=\"108961\" class=\"elementor elementor-108961\">\n\t\t\t\t\t\t<section class=\"elementor-section elementor-top-section elementor-element elementor-element-1cuv9jr elementor-section-boxed elementor-section-height-default elementor-section-height-default\" data-id=\"1cuv9jr\" data-element_type=\"section\">\n\t\t\t\t\t\t<div class=\"elementor-container elementor-column-gap-default\">\n\t\t\t\t\t<div class=\"elementor-column elementor-col-50 elementor-top-column elementor-element elementor-element-q5zak7b\" data-id=\"q5zak7b\" data-element_type=\"column\">\n\t\t\t<div class=\"elementor-widget-wrap elementor-element-populated\">\n\t\t\t\t\t\t<div class=\"elementor-element elementor-element-f3e1a8e elementor-widget elementor-widget-wp-widget-advads_ad_widget\" data-id=\"f3e1a8e\" data-element_type=\"widget\" data-widget_type=\"wp-widget-advads_ad_widget.default\">\n\t\t\t\t<div class=\"elementor-widget-container\">\n\t\t\t<div id=\"regio-3431689709\"><div class=\"regio-adlabel\">Werbung<\/div><!-- Beginn https:\/\/www.financeads.net\/-Code --><a href=\"https:\/\/www.financeads.net\/tc.php?t=36648C19118058B\" target=\"_blank\"><img fetchpriority=\"high\" decoding=\"async\" src=\"https:\/\/www.financeads.net\/tb.php?t=36648V19118058B&https=1\" alt=\"\" border=\"0\" width=\"728\" height=\"90\"><\/a><!-- Ende https:\/\/www.financeads.net\/-Code --><\/div>\t\t<\/div>\n\t\t\t\t<\/div>\n\t\t\t\t<div class=\"elementor-element elementor-element-a4daeae elementor-widget elementor-widget-text-editor\" data-id=\"a4daeae\" data-element_type=\"widget\" data-widget_type=\"text-editor.default\">\n\t\t\t\t<div class=\"elementor-widget-container\">\n\t\t\t\t\t\t\t<h3>Mehrere Unf\u00e4lle mit hohem Sachschaden und Verletzten<\/h3><h3>Auffahrunfall mit hohem Sachsschaden bei Greding<\/h3><p><span style=\"font-size: 12pt;\">Greding &#8211; Am Montagmittag, den 16.03.2020, war ein 45-j\u00e4hriger Skoda-Fahrer auf der Stra\u00dfe zwischen Greding und Gro\u00dfh\u00f6bing unterwegs, als er nach links in einen Feldweg einbiegen wollte. Ein hinter ihm fahrender 57-j\u00e4hriger Audi-Fahrer bemerkte jedoch den gesetzten Blinker nicht rechtzeitig, weshalb er trotz Bremsman\u00f6ver auf den Skoda auffuhr. Auch das Fahrzeug eines entgegenkommenden 54-j\u00e4hrigen PKW-Fahrer&#8217;wurde durch Splitter der beiden verunfallten Fahrzeuge besch\u00e4digt. Bei dem Unfall wurden beide Fahrer leicht verletzt und wurden vom Rettungsdienst ins Krankenhaus gebracht. An den beteiligten Fahrzeugen entstand erheblicher Sachschaden in H\u00f6he von jeweils ca. 8.000 Euro, der Schaden am dritten Fahrzeug liegt bei ca. 2.000 Euro.<\/span><\/p><h3>Rettungshubschrauber nach Unfall bei Thalm\u00e4ssing im Einsatz<\/h3><p><span style=\"font-size: 12pt;\">Thalm\u00e4ssing &#8211; Am Montagnachmittag, den 16.03.2020, war ein 42-j\u00e4hriger PKW-Fahrer auf der Stra\u00dfe von Lohen in Richtung Unterm\u00e4ssing unterwegs, als er aus noch ungekl\u00e4rten Gr\u00fcnden auf H\u00f6he der Bahnbr\u00fccke von der Stra\u00dfe abkam und gegen einen Br\u00fcckensockel prallte. Der schwer verletzte Fahrer mu\u00dfte anschlie\u00dfend von der Feuerwehr aus seinem Fahrzeug befreit werden und wurde mit einem Rettungshubschrauber in ein N\u00fcrnberger Krankenhaus gebracht. Am Fahrzeug entstand ein Sachschaden in H\u00f6he von ca. 7.500 Euro.<\/span><\/p><h3>Motorradfahrer bei Hilpoltstein gest\u00fcrzt<\/h3><p><span style=\"font-size: 12pt;\">Hilpoltstein &#8211; Am Montag, den 16.03.2020, verungl\u00fcckte ein 19-j\u00e4hriger Kradfahrer &#8211; vermutlich wegen \u00fcberh\u00f6hter Geschwindigkeit &#8211; auf der Staatsstra\u00dfe 2220. Der junge Mann war dabei mit seiner Ducati auf der Stra\u00dfe von Hilpoltstein in Richtung M\u00f6rlach unterwegs und kam in einer Kurve ins Schlingern und anschlie\u00dfend von der Fahrbahn ab, bevor er im Stra\u00dfengraben liegen blieb und das Zweirad auf die Fahrbahn zur\u00fcckgeschleudert wurde. Der 19 J\u00e4hrige wurde bei dem Sturz leicht verletzt, an seinem Motorrad entstand ein Sachschaden in H\u00f6he von ca. 2.000 Euro, au\u00dferdem entstand ein Schaden in H\u00f6he von insgesamt ca. 250 Euro an einem Verkehrsschild und an einem Kr\u00f6tenr\u00fcckhaltezaun.<\/span><\/p>\t\t\t\t\t\t<\/div>\n\t\t\t\t<\/div>\n\t\t\t\t<div class=\"elementor-element elementor-element-ace1283 elementor-widget-divider--view-line elementor-widget elementor-widget-divider\" data-id=\"ace1283\" data-element_type=\"widget\" data-widget_type=\"divider.default\">\n\t\t\t\t<div class=\"elementor-widget-container\">\n\t\t\t\t\t<div class=\"elementor-divider\">\n\t\t\t<span class=\"elementor-divider-separator\">\n\t\t\t\t\t\t<\/span>\n\t\t<\/div>\n\t\t\t\t<\/div>\n\t\t\t\t<\/div>\n\t\t\t\t<div class=\"elementor-element elementor-element-e58f8b1 elementor-widget elementor-widget-google_maps\" data-id=\"e58f8b1\" data-element_type=\"widget\" data-widget_type=\"google_maps.default\">\n\t\t\t\t<div class=\"elementor-widget-container\">\n\t\t\t\t\t<div class=\"elementor-custom-embed\">\n\t\t\t<iframe loading=\"lazy\"\n\t\t\t\t\tsrc=\"https:\/\/maps.google.com\/maps?q=Hilpoltstein%2C%20Deutschland&#038;t=m&#038;z=11&#038;output=embed&#038;iwloc=near\"\n\t\t\t\t\ttitle=\"Hilpoltstein, Deutschland\"\n\t\t\t\t\taria-label=\"Hilpoltstein, Deutschland\"\n\t\t\t><\/iframe>\n\t\t<\/div>\n\t\t\t\t<\/div>\n\t\t\t\t<\/div>\n\t\t\t\t\t<\/div>\n\t\t<\/div>\n\t\t\t\t<div class=\"elementor-column elementor-col-50 elementor-top-column elementor-element elementor-element-bca16a1\" data-id=\"bca16a1\" data-element_type=\"column\">\n\t\t\t<div class=\"elementor-widget-wrap elementor-element-populated\">\n\t\t\t\t\t\t<div class=\"elementor-element elementor-element-d99c01b elementor-widget elementor-widget-heading\" data-id=\"d99c01b\" data-element_type=\"widget\" data-widget_type=\"heading.default\">\n\t\t\t\t<div class=\"elementor-widget-container\">\n\t\t\t<h3 class=\"elementor-heading-title elementor-size-default\">Schnell vergleichen und sparen!<\/h3>\t\t<\/div>\n\t\t\t\t<\/div>\n\t\t\t\t<div class=\"elementor-element elementor-element-f8fcb73 elementor-widget elementor-widget-wp-widget-advads_ad_widget\" data-id=\"f8fcb73\" data-element_type=\"widget\" data-widget_type=\"wp-widget-advads_ad_widget.default\">\n\t\t\t\t<div class=\"elementor-widget-container\">\n\t\t\t<div id=\"regio-2678769083\"><div class=\"regio-adlabel\">Werbung<\/div><!-- Beginn https:\/\/www.financeads.net\/-Code --><a href=\"https:\/\/www.financeads.net\/tc.php?t=36648C236142529B\" target=\"_blank\"><img decoding=\"async\" src=\"https:\/\/www.financeads.net\/tb.php?t=36648V236142529B&https=1\" alt=\"\" border=\"0\" width=\"300\" height=\"250\"><\/a><!-- Ende https:\/\/www.financeads.net\/-Code --><\/div>\t\t<\/div>\n\t\t\t\t<\/div>\n\t\t\t\t<div class=\"elementor-element elementor-element-76d498a elementor-widget elementor-widget-wp-widget-advads_ad_widget\" data-id=\"76d498a\" data-element_type=\"widget\" data-widget_type=\"wp-widget-advads_ad_widget.default\">\n\t\t\t\t<div class=\"elementor-widget-container\">\n\t\t\t<div id=\"regio-1621825834\"><div class=\"regio-adlabel\">Werbung<\/div><!-- Beginn https:\/\/www.financeads.net\/-Code --><a href=\"https:\/\/www.financeads.net\/tc.php?t=36648C42614510B\" target=\"_blank\"><img decoding=\"async\" src=\"https:\/\/www.financeads.net\/tb.php?t=36648V42614510B&https=1\" alt=\"\" border=\"0\" width=\"200\" height=\"300\"><\/a><!-- Ende https:\/\/www.financeads.net\/-Code --><\/div>\t\t<\/div>\n\t\t\t\t<\/div>\n\t\t\t\t<div class=\"elementor-element elementor-element-22c1304 elementor-widget elementor-widget-wp-widget-advads_ad_widget\" data-id=\"22c1304\" data-element_type=\"widget\" data-widget_type=\"wp-widget-advads_ad_widget.default\">\n\t\t\t\t<div class=\"elementor-widget-container\">\n\t\t\t<div id=\"regio-1608484955\"><div class=\"regio-adlabel\">Werbung<\/div><!-- Beginn https:\/\/www.financeads.net\/-Code --><a href=\"https:\/\/www.financeads.net\/tc.php?t=36648C205040072B\" target=\"_blank\"><img loading=\"lazy\" decoding=\"async\" src=\"https:\/\/www.financeads.net\/tb.php?t=36648V205040072B&https=1\" alt=\"\" border=\"0\" width=\"300\" height=\"250\"><\/a><!-- Ende https:\/\/www.financeads.net\/-Code --><\/div>\t\t<\/div>\n\t\t\t\t<\/div>\n\t\t\t\t<div class=\"elementor-element elementor-element-a79da85 elementor-widget elementor-widget-wp-widget-advads_ad_widget\" data-id=\"a79da85\" data-element_type=\"widget\" data-widget_type=\"wp-widget-advads_ad_widget.default\">\n\t\t\t\t<div class=\"elementor-widget-container\">\n\t\t\t<div id=\"regio-3209705337\"><div class=\"regio-adlabel\">Werbung<\/div><!-- Beginn https:\/\/www.financeads.net\/-Code --><a href=\"https:\/\/www.financeads.net\/tc.php?t=36648C271460142B\" target=\"_blank\"><img loading=\"lazy\" decoding=\"async\" src=\"https:\/\/www.financeads.net\/tb.php?t=36648V271460142B&https=1\" alt=\"PETPROTECT_Hund&Katze_Banner\" border=\"0\" width=\"250\" height=\"250\"><\/a><!-- Ende https:\/\/www.financeads.net\/-Code --><\/div>\t\t<\/div>\n\t\t\t\t<\/div>\n\t\t\t\t\t<\/div>\n\t\t<\/div>\n\t\t\t\t\t<\/div>\n\t\t<\/section>\n\t\t\t\t<\/div>\n\t\t","protected":false},"excerpt":{"rendered":"<div class=\"mh-excerpt\"><p>Mehrere Unf\u00e4lle mit hohem Sachschaden und Verletzten Auffahrunfall mit hohem Sachsschaden bei Greding Greding &#8211; Am Montagmittag, den 16.03.2020, war ein 45-j\u00e4hriger Skoda-Fahrer auf der Stra\u00dfe zwischen Greding und Gro\u00dfh\u00f6bing unterwegs, als er nach links <a class=\"mh-excerpt-more\" href=\"https:\/\/www.region-schwabach.de\/wordpress\/mehrere-unfalle-im-bereich-der-polizeiinspektion-hilpoltstein\/\" title=\"Mehrere Unf\u00e4lle im Bereich der Polizeiinspektion Hilpoltstein\">[&#8230;]<\/a><\/p>\n<\/div>","protected":false},"author":1,"featured_media":108962,"comment_status":"open","ping_status":"open","sticky":false,"template":"","format":"standard","meta":{"_cbd_carousel_blocks":"[]","footnotes":""},"categories":[15],"tags":[12015,296,1354,1487,297,1856,1871,2077,563,981,12034,401,2654,875,1355,334,1745,295],"class_list":{"0":"post-108961","1":"post","2":"type-post","3":"status-publish","4":"format-standard","5":"has-post-thumbnail","7":"category-polizeimeldungen","8":"tag-16-03-2020","9":"tag-feuerwehr","10":"tag-greding","11":"tag-grosshoebing","12":"tag-hilpoltstein","13":"tag-krankenhaus","14":"tag-lohen","15":"tag-moerlach","16":"tag-motorrad","17":"tag-polizei","18":"tag-rettungsdienst-rettungshubschrauber","19":"tag-sachschaden","20":"tag-staatsstrasse-2220","21":"tag-sturz","22":"tag-thalmaessing","23":"tag-unfall","24":"tag-untermaessing","25":"tag-verletzte"},"_links":{"self":[{"href":"https:\/\/www.region-schwabach.de\/wordpress\/wp-json\/wp\/v2\/posts\/108961","targetHints":{"allow":["GET"]}}],"collection":[{"href":"https:\/\/www.region-schwabach.de\/wordpress\/wp-json\/wp\/v2\/posts"}],"about":[{"href":"https:\/\/www.region-schwabach.de\/wordpress\/wp-json\/wp\/v2\/types\/post"}],"author":[{"embeddable":true,"href":"https:\/\/www.region-schwabach.de\/wordpress\/wp-json\/wp\/v2\/users\/1"}],"replies":[{"embeddable":true,"href":"https:\/\/www.region-schwabach.de\/wordpress\/wp-json\/wp\/v2\/comments?post=108961"}],"version-history":[{"count":0,"href":"https:\/\/www.region-schwabach.de\/wordpress\/wp-json\/wp\/v2\/posts\/108961\/revisions"}],"wp:featuredmedia":[{"embeddable":true,"href":"https:\/\/www.region-schwabach.de\/wordpress\/wp-json\/wp\/v2\/media\/108962"}],"wp:attachment":[{"href":"https:\/\/www.region-schwabach.de\/wordpress\/wp-json\/wp\/v2\/media?parent=108961"}],"wp:term":[{"taxonomy":"category","embeddable":true,"href":"https:\/\/www.region-schwabach.de\/wordpress\/wp-json\/wp\/v2\/categories?post=108961"},{"taxonomy":"post_tag","embeddable":true,"href":"https:\/\/www.region-schwabach.de\/wordpress\/wp-json\/wp\/v2\/tags?post=108961"}],"curies":[{"name":"wp","href":"https:\/\/api.w.org\/{rel}","templated":true}]}}