{"id":109373,"date":"2020-04-05T16:45:39","date_gmt":"2020-04-05T14:45:39","guid":{"rendered":"https:\/\/www.region-schwabach.de\/wordpress\/?p=109373"},"modified":"2020-04-11T11:54:50","modified_gmt":"2020-04-11T09:54:50","slug":"unbelehrbarer-zeitgenosse-in-hilpoltstein-unterwegs","status":"publish","type":"post","link":"https:\/\/www.region-schwabach.de\/wordpress\/unbelehrbarer-zeitgenosse-in-hilpoltstein-unterwegs\/","title":{"rendered":"Unbelehrbarer Zeitgenosse in Hilpoltstein unterwegs"},"content":{"rendered":"\t\t<div data-elementor-type=\"wp-post\" data-elementor-id=\"109373\" class=\"elementor elementor-109373\">\n\t\t\t\t\t\t<section class=\"elementor-section elementor-top-section elementor-element elementor-element-1cuv9jr elementor-section-boxed elementor-section-height-default elementor-section-height-default\" data-id=\"1cuv9jr\" data-element_type=\"section\">\n\t\t\t\t\t\t<div class=\"elementor-container elementor-column-gap-default\">\n\t\t\t\t\t<div class=\"elementor-column elementor-col-50 elementor-top-column elementor-element elementor-element-q5zak7b\" data-id=\"q5zak7b\" data-element_type=\"column\">\n\t\t\t<div class=\"elementor-widget-wrap elementor-element-populated\">\n\t\t\t\t\t\t<div class=\"elementor-element elementor-element-a4daeae elementor-widget elementor-widget-text-editor\" data-id=\"a4daeae\" data-element_type=\"widget\" data-widget_type=\"text-editor.default\">\n\t\t\t\t<div class=\"elementor-widget-container\">\n\t\t\t\t\t\t\t<h3>Ausgangsbeschr\u00e4nkungen nicht eingehalten<\/h3><p><span style=\"font-size: 12pt;\">Hilpoltstein &#8211; Am Freitag, den 03.04.2020, wurden -wie auch in den Tagen zuvor &#8211; die uns allen auferlegten Ausgangsbeschr\u00e4nkungen im Zusammenhang mit dem derzeit grassierenden Covid-19 Virus fortgesetzt. Dabei mussten die Beamten wieder mehrere Personen ansprechen, die sich teils bewusst, teils aus vorgegebener Unkenntnis, nicht an die Regeln der Allgemeinverf\u00fcgung der bayerischen Staatsregierung hielten.<\/span><\/p><p><span style=\"font-size: 12pt;\">Ein B\u00fcrger bleibt den Beamten dabei besonders im Ged\u00e4chtnis. Zun\u00e4chst wurde er in seinem PKW kontrolliert. Aufgrund der Umst\u00e4nde wurden er und sein Bruder m\u00fcndlich belehrt und auf die derzeitigen Umst\u00e4nde hingewiesen. Wenige Minuten danach erkundigte er sich telefonisch bei der Polizeiinspektion Hilpoltstein dar\u00fcber, ob das Verhalten der kontrollierenden Beamten korrekt war und was die genauen Vorgaben der Allgemeinverf\u00fcgung seien. Dies alles wurde ihm vom diensthabenden Wachleiter der PI erl\u00e4utert und erkl\u00e4rt. Nichtsdestotrotz wurde er kurze Zeit sp\u00e4ter wieder von den gleichen Beamten gesehen, nur lief er dieses Mal h\u00e4ndchenhaltend mit einer nicht in seinem Haushalt lebenden Person durch die Stra\u00dfen von Hilpoltstein. Die nun laufende Ordnungswidrigkeitenanzeige lie\u00df sich damit beim besten Willen nicht mehr vermeiden.<\/span><\/p>\t\t\t\t\t\t<\/div>\n\t\t\t\t<\/div>\n\t\t\t\t<div class=\"elementor-element elementor-element-ace1283 elementor-widget-divider--view-line elementor-widget elementor-widget-divider\" data-id=\"ace1283\" data-element_type=\"widget\" data-widget_type=\"divider.default\">\n\t\t\t\t<div class=\"elementor-widget-container\">\n\t\t\t\t\t<div class=\"elementor-divider\">\n\t\t\t<span class=\"elementor-divider-separator\">\n\t\t\t\t\t\t<\/span>\n\t\t<\/div>\n\t\t\t\t<\/div>\n\t\t\t\t<\/div>\n\t\t\t\t<div class=\"elementor-element elementor-element-e58f8b1 elementor-widget elementor-widget-google_maps\" data-id=\"e58f8b1\" data-element_type=\"widget\" data-widget_type=\"google_maps.default\">\n\t\t\t\t<div class=\"elementor-widget-container\">\n\t\t\t\t\t<div class=\"elementor-custom-embed\">\n\t\t\t<iframe loading=\"lazy\"\n\t\t\t\t\tsrc=\"https:\/\/maps.google.com\/maps?q=Hilpoltstein%2C%20Deutschland&#038;t=m&#038;z=15&#038;output=embed&#038;iwloc=near\"\n\t\t\t\t\ttitle=\"Hilpoltstein, Deutschland\"\n\t\t\t\t\taria-label=\"Hilpoltstein, Deutschland\"\n\t\t\t><\/iframe>\n\t\t<\/div>\n\t\t\t\t<\/div>\n\t\t\t\t<\/div>\n\t\t\t\t\t<\/div>\n\t\t<\/div>\n\t\t\t\t<div class=\"elementor-column elementor-col-50 elementor-top-column elementor-element elementor-element-bca16a1\" data-id=\"bca16a1\" data-element_type=\"column\">\n\t\t\t<div class=\"elementor-widget-wrap elementor-element-populated\">\n\t\t\t\t\t\t<div class=\"elementor-element elementor-element-d99c01b elementor-widget elementor-widget-heading\" data-id=\"d99c01b\" data-element_type=\"widget\" data-widget_type=\"heading.default\">\n\t\t\t\t<div class=\"elementor-widget-container\">\n\t\t\t<h3 class=\"elementor-heading-title elementor-size-default\">Schnell vergleichen und sparen!<\/h3>\t\t<\/div>\n\t\t\t\t<\/div>\n\t\t\t\t\t<\/div>\n\t\t<\/div>\n\t\t\t\t\t<\/div>\n\t\t<\/section>\n\t\t\t\t<\/div>\n\t\t","protected":false},"excerpt":{"rendered":"<div class=\"mh-excerpt\"><p>Ausgangsbeschr\u00e4nkungen nicht eingehalten Hilpoltstein &#8211; Am Freitag, den 03.04.2020, wurden -wie auch in den Tagen zuvor &#8211; die uns allen auferlegten Ausgangsbeschr\u00e4nkungen im Zusammenhang mit dem derzeit grassierenden Covid-19 Virus fortgesetzt. Dabei mussten die Beamten <a class=\"mh-excerpt-more\" href=\"https:\/\/www.region-schwabach.de\/wordpress\/unbelehrbarer-zeitgenosse-in-hilpoltstein-unterwegs\/\" title=\"Unbelehrbarer Zeitgenosse in Hilpoltstein unterwegs\">[&#8230;]<\/a><\/p>\n<\/div>","protected":false},"author":1,"featured_media":109374,"comment_status":"open","ping_status":"open","sticky":false,"template":"","format":"standard","meta":{"_cbd_carousel_blocks":"[]","footnotes":""},"categories":[15],"tags":[12157,1301,12116,12158,297,2292,3296,463,981,718,1369],"class_list":{"0":"post-109373","1":"post","2":"type-post","3":"status-publish","4":"format-standard","5":"has-post-thumbnail","7":"category-polizeimeldungen","8":"tag-03-04-2020","9":"tag-anzeige","10":"tag-ausgangsbeschraenkung","11":"tag-bruder","12":"tag-hilpoltstein","13":"tag-kontrolle","14":"tag-ordnungswidrigkeitenanzeige","15":"tag-pkw","16":"tag-polizei","17":"tag-spaziergang","18":"tag-verstoss"},"_links":{"self":[{"href":"https:\/\/www.region-schwabach.de\/wordpress\/wp-json\/wp\/v2\/posts\/109373","targetHints":{"allow":["GET"]}}],"collection":[{"href":"https:\/\/www.region-schwabach.de\/wordpress\/wp-json\/wp\/v2\/posts"}],"about":[{"href":"https:\/\/www.region-schwabach.de\/wordpress\/wp-json\/wp\/v2\/types\/post"}],"author":[{"embeddable":true,"href":"https:\/\/www.region-schwabach.de\/wordpress\/wp-json\/wp\/v2\/users\/1"}],"replies":[{"embeddable":true,"href":"https:\/\/www.region-schwabach.de\/wordpress\/wp-json\/wp\/v2\/comments?post=109373"}],"version-history":[{"count":0,"href":"https:\/\/www.region-schwabach.de\/wordpress\/wp-json\/wp\/v2\/posts\/109373\/revisions"}],"wp:featuredmedia":[{"embeddable":true,"href":"https:\/\/www.region-schwabach.de\/wordpress\/wp-json\/wp\/v2\/media\/109374"}],"wp:attachment":[{"href":"https:\/\/www.region-schwabach.de\/wordpress\/wp-json\/wp\/v2\/media?parent=109373"}],"wp:term":[{"taxonomy":"category","embeddable":true,"href":"https:\/\/www.region-schwabach.de\/wordpress\/wp-json\/wp\/v2\/categories?post=109373"},{"taxonomy":"post_tag","embeddable":true,"href":"https:\/\/www.region-schwabach.de\/wordpress\/wp-json\/wp\/v2\/tags?post=109373"}],"curies":[{"name":"wp","href":"https:\/\/api.w.org\/{rel}","templated":true}]}}