{"id":109452,"date":"2020-04-06T14:44:37","date_gmt":"2020-04-06T12:44:37","guid":{"rendered":"https:\/\/www.region-schwabach.de\/wordpress\/?p=109452"},"modified":"2020-04-11T11:53:00","modified_gmt":"2020-04-11T09:53:00","slug":"frau-bei-unfall-in-beerbach-leicht-verletzt","status":"publish","type":"post","link":"https:\/\/www.region-schwabach.de\/wordpress\/frau-bei-unfall-in-beerbach-leicht-verletzt\/","title":{"rendered":"Frau bei Unfall in Beerbach leicht verletzt"},"content":{"rendered":"\t\t<div data-elementor-type=\"wp-post\" data-elementor-id=\"109452\" class=\"elementor elementor-109452\">\n\t\t\t\t\t\t<section class=\"elementor-section elementor-top-section elementor-element elementor-element-1cuv9jr elementor-section-boxed elementor-section-height-default elementor-section-height-default\" data-id=\"1cuv9jr\" data-element_type=\"section\">\n\t\t\t\t\t\t<div class=\"elementor-container elementor-column-gap-default\">\n\t\t\t\t\t<div class=\"elementor-column elementor-col-50 elementor-top-column elementor-element elementor-element-q5zak7b\" data-id=\"q5zak7b\" data-element_type=\"column\">\n\t\t\t<div class=\"elementor-widget-wrap elementor-element-populated\">\n\t\t\t\t\t\t<div class=\"elementor-element elementor-element-a4daeae elementor-widget elementor-widget-text-editor\" data-id=\"a4daeae\" data-element_type=\"widget\" data-widget_type=\"text-editor.default\">\n\t\t\t\t<div class=\"elementor-widget-container\">\n\t\t\t\t\t\t\t<h3>Verkehrsunfall in Beerbach<\/h3><p><span style=\"font-size: 12pt;\">Abenberg &#8211; Am Samstagmorgen, den 04.04.2020, kam es im Ortsteil Beerbach zu einem Unfall, als eine Skoda-Fahrerin auf der Beerbachstra\u00dfe unterwegs war und aus Unachtsamkeit gegen eine Mauer fuhr. Das Fahrzeug wurde dabei ausgehebelt, drehte sich und landete schlie\u00dflich mit der Beifahrerseite wieder auf der Stra\u00dfe. Bei dem Unfall wurde die Frau gl\u00fccklicherweise nur leicht verletzt, an ihrem Fahrzeug entstand jedoch ein Sachschaden in H\u00f6he von ca. 15.000 EUR.<\/span><\/p>\t\t\t\t\t\t<\/div>\n\t\t\t\t<\/div>\n\t\t\t\t<div class=\"elementor-element elementor-element-ace1283 elementor-widget-divider--view-line elementor-widget elementor-widget-divider\" data-id=\"ace1283\" data-element_type=\"widget\" data-widget_type=\"divider.default\">\n\t\t\t\t<div class=\"elementor-widget-container\">\n\t\t\t\t\t<div class=\"elementor-divider\">\n\t\t\t<span class=\"elementor-divider-separator\">\n\t\t\t\t\t\t<\/span>\n\t\t<\/div>\n\t\t\t\t<\/div>\n\t\t\t\t<\/div>\n\t\t\t\t<div class=\"elementor-element elementor-element-e58f8b1 elementor-widget elementor-widget-google_maps\" data-id=\"e58f8b1\" data-element_type=\"widget\" data-widget_type=\"google_maps.default\">\n\t\t\t\t<div class=\"elementor-widget-container\">\n\t\t\t\t\t<div class=\"elementor-custom-embed\">\n\t\t\t<iframe loading=\"lazy\"\n\t\t\t\t\tsrc=\"https:\/\/maps.google.com\/maps?q=Beerbachstra%C3%9Fe%2C%20Abenberg%2C%20Deutschland&#038;t=m&#038;z=16&#038;output=embed&#038;iwloc=near\"\n\t\t\t\t\ttitle=\"Beerbachstra\u00dfe, Abenberg, Deutschland\"\n\t\t\t\t\taria-label=\"Beerbachstra\u00dfe, Abenberg, Deutschland\"\n\t\t\t><\/iframe>\n\t\t<\/div>\n\t\t\t\t<\/div>\n\t\t\t\t<\/div>\n\t\t\t\t\t<\/div>\n\t\t<\/div>\n\t\t\t\t<div class=\"elementor-column elementor-col-50 elementor-top-column elementor-element elementor-element-bca16a1\" data-id=\"bca16a1\" data-element_type=\"column\">\n\t\t\t<div class=\"elementor-widget-wrap elementor-element-populated\">\n\t\t\t\t\t\t<div class=\"elementor-element elementor-element-d99c01b elementor-widget elementor-widget-heading\" data-id=\"d99c01b\" data-element_type=\"widget\" data-widget_type=\"heading.default\">\n\t\t\t\t<div class=\"elementor-widget-container\">\n\t\t\t<h3 class=\"elementor-heading-title elementor-size-default\">Schnell vergleichen und sparen!<\/h3>\t\t<\/div>\n\t\t\t\t<\/div>\n\t\t\t\t\t<\/div>\n\t\t<\/div>\n\t\t\t\t\t<\/div>\n\t\t<\/section>\n\t\t\t\t<\/div>\n\t\t","protected":false},"excerpt":{"rendered":"<div class=\"mh-excerpt\"><p>Verkehrsunfall in Beerbach Abenberg &#8211; Am Samstagmorgen, den 04.04.2020, kam es im Ortsteil Beerbach zu einem Unfall, als eine Skoda-Fahrerin auf der Beerbachstra\u00dfe unterwegs war und aus Unachtsamkeit gegen eine Mauer fuhr. Das Fahrzeug wurde <a class=\"mh-excerpt-more\" href=\"https:\/\/www.region-schwabach.de\/wordpress\/frau-bei-unfall-in-beerbach-leicht-verletzt\/\" title=\"Frau bei Unfall in Beerbach leicht verletzt\">[&#8230;]<\/a><\/p>\n<\/div>","protected":false},"author":1,"featured_media":109453,"comment_status":"open","ping_status":"open","sticky":false,"template":"","format":"standard","meta":{"_cbd_carousel_blocks":"[]","footnotes":""},"categories":[15],"tags":[12163,578,9251,12166,788,1375,874,1455,463,981,32,1677,1385],"class_list":{"0":"post-109452","1":"post","2":"type-post","3":"status-publish","4":"format-standard","5":"has-post-thumbnail","7":"category-polizeimeldungen","8":"tag-04-04-2020","9":"tag-abenberg","10":"tag-beerbach","11":"tag-beerbachstrasse","12":"tag-beifahrerseite","13":"tag-leicht-verletzt","14":"tag-mauer","15":"tag-ortsteil","16":"tag-pkw","17":"tag-polizei","18":"tag-roth","19":"tag-skoda","20":"tag-unachtsamkeit"},"_links":{"self":[{"href":"https:\/\/www.region-schwabach.de\/wordpress\/wp-json\/wp\/v2\/posts\/109452","targetHints":{"allow":["GET"]}}],"collection":[{"href":"https:\/\/www.region-schwabach.de\/wordpress\/wp-json\/wp\/v2\/posts"}],"about":[{"href":"https:\/\/www.region-schwabach.de\/wordpress\/wp-json\/wp\/v2\/types\/post"}],"author":[{"embeddable":true,"href":"https:\/\/www.region-schwabach.de\/wordpress\/wp-json\/wp\/v2\/users\/1"}],"replies":[{"embeddable":true,"href":"https:\/\/www.region-schwabach.de\/wordpress\/wp-json\/wp\/v2\/comments?post=109452"}],"version-history":[{"count":0,"href":"https:\/\/www.region-schwabach.de\/wordpress\/wp-json\/wp\/v2\/posts\/109452\/revisions"}],"wp:featuredmedia":[{"embeddable":true,"href":"https:\/\/www.region-schwabach.de\/wordpress\/wp-json\/wp\/v2\/media\/109453"}],"wp:attachment":[{"href":"https:\/\/www.region-schwabach.de\/wordpress\/wp-json\/wp\/v2\/media?parent=109452"}],"wp:term":[{"taxonomy":"category","embeddable":true,"href":"https:\/\/www.region-schwabach.de\/wordpress\/wp-json\/wp\/v2\/categories?post=109452"},{"taxonomy":"post_tag","embeddable":true,"href":"https:\/\/www.region-schwabach.de\/wordpress\/wp-json\/wp\/v2\/tags?post=109452"}],"curies":[{"name":"wp","href":"https:\/\/api.w.org\/{rel}","templated":true}]}}