{"id":109456,"date":"2020-04-06T14:52:58","date_gmt":"2020-04-06T12:52:58","guid":{"rendered":"https:\/\/www.region-schwabach.de\/wordpress\/?p=109456"},"modified":"2020-04-11T11:52:42","modified_gmt":"2020-04-11T09:52:42","slug":"gesturzter-fahrradfahrer-nach-unfall-in-abenberg-gesucht","status":"publish","type":"post","link":"https:\/\/www.region-schwabach.de\/wordpress\/gesturzter-fahrradfahrer-nach-unfall-in-abenberg-gesucht\/","title":{"rendered":"Gest\u00fcrzter Fahrradfahrer nach Unfall in Abenberg gesucht"},"content":{"rendered":"\t\t<div data-elementor-type=\"wp-post\" data-elementor-id=\"109456\" class=\"elementor elementor-109456\">\n\t\t\t\t\t\t<section class=\"elementor-section elementor-top-section elementor-element elementor-element-1cuv9jr elementor-section-boxed elementor-section-height-default elementor-section-height-default\" data-id=\"1cuv9jr\" data-element_type=\"section\">\n\t\t\t\t\t\t<div class=\"elementor-container elementor-column-gap-default\">\n\t\t\t\t\t<div class=\"elementor-column elementor-col-50 elementor-top-column elementor-element elementor-element-q5zak7b\" data-id=\"q5zak7b\" data-element_type=\"column\">\n\t\t\t<div class=\"elementor-widget-wrap elementor-element-populated\">\n\t\t\t\t\t\t<div class=\"elementor-element elementor-element-a4daeae elementor-widget elementor-widget-text-editor\" data-id=\"a4daeae\" data-element_type=\"widget\" data-widget_type=\"text-editor.default\">\n\t\t\t\t<div class=\"elementor-widget-container\">\n\t\t\t\t\t\t\t<h3>Verkehrsunfallflucht &#8211; Gesch\u00e4digter gesucht<\/h3><p><span style=\"font-size: 12pt;\">Abenberg &#8211; Am Donnerstag, den 02.04.2020, war ein 21-j\u00e4hriger PKW-Fahrer gegen 14.00 Uhr auf der Staatsstra\u00dfe 2220 von Hergersbach kommend in Richtung Abenberg unterwegs, als er kurz vor dem Kreisverkehr am Ortseingang von Abenberg einen anderen PKW \u00fcberholte.<\/span><\/p><p><span style=\"font-size: 12pt;\">In diesem Augenblick beschleunigte jedoch die 41-j\u00e4hrige PKW-Fahrerin des \u00fcberholten Fahrzeugs pl\u00f6tzlich. Auf der Gegenfahrbahn fuhr zum gleichen Zeitpunkt ein bislang unbekannter Radfahrer. Der 21-j\u00e4hrige PKW-Fahrer konnte den \u00dcberholvorgang gl\u00fccklicherweise ohne Kollision mit dem Radfahrer abschlie\u00dfen, allerdings soll der Radfahrer trotzdem gest\u00fcrzt sein, weshalb die Polizeivjetzt dringend den unbekannten gest\u00fcrzten Radfahrer sucht.<\/span><\/p><h3>Polizei bittet um Mithilfe<\/h3><p><span style=\"font-size: 12pt;\">Personen, die verd\u00e4chtige Beobachtungen gemacht haben, werden gebeten, diese der Polizei in Roth unter der Rufnummer 09171-9744-0 mitzuteilen.<\/span><\/p>\t\t\t\t\t\t<\/div>\n\t\t\t\t<\/div>\n\t\t\t\t<div class=\"elementor-element elementor-element-ace1283 elementor-widget-divider--view-line elementor-widget elementor-widget-divider\" data-id=\"ace1283\" data-element_type=\"widget\" data-widget_type=\"divider.default\">\n\t\t\t\t<div class=\"elementor-widget-container\">\n\t\t\t\t\t<div class=\"elementor-divider\">\n\t\t\t<span class=\"elementor-divider-separator\">\n\t\t\t\t\t\t<\/span>\n\t\t<\/div>\n\t\t\t\t<\/div>\n\t\t\t\t<\/div>\n\t\t\t\t<div class=\"elementor-element elementor-element-e58f8b1 elementor-widget elementor-widget-google_maps\" data-id=\"e58f8b1\" data-element_type=\"widget\" data-widget_type=\"google_maps.default\">\n\t\t\t\t<div class=\"elementor-widget-container\">\n\t\t\t\t\t<div class=\"elementor-custom-embed\">\n\t\t\t<iframe loading=\"lazy\"\n\t\t\t\t\tsrc=\"https:\/\/maps.google.com\/maps?q=Abenberg%2C%20Deutschland&#038;t=m&#038;z=14&#038;output=embed&#038;iwloc=near\"\n\t\t\t\t\ttitle=\"Abenberg, Deutschland\"\n\t\t\t\t\taria-label=\"Abenberg, Deutschland\"\n\t\t\t><\/iframe>\n\t\t<\/div>\n\t\t\t\t<\/div>\n\t\t\t\t<\/div>\n\t\t\t\t\t<\/div>\n\t\t<\/div>\n\t\t\t\t<div class=\"elementor-column elementor-col-50 elementor-top-column elementor-element elementor-element-bca16a1\" data-id=\"bca16a1\" data-element_type=\"column\">\n\t\t\t<div class=\"elementor-widget-wrap elementor-element-populated\">\n\t\t\t\t\t\t<div class=\"elementor-element elementor-element-d99c01b elementor-widget elementor-widget-heading\" data-id=\"d99c01b\" data-element_type=\"widget\" data-widget_type=\"heading.default\">\n\t\t\t\t<div class=\"elementor-widget-container\">\n\t\t\t<h3 class=\"elementor-heading-title elementor-size-default\">Schnell vergleichen und sparen!<\/h3>\t\t<\/div>\n\t\t\t\t<\/div>\n\t\t\t\t\t<\/div>\n\t\t<\/div>\n\t\t\t\t\t<\/div>\n\t\t<\/section>\n\t\t\t\t<\/div>\n\t\t","protected":false},"excerpt":{"rendered":"<div class=\"mh-excerpt\"><p>Verkehrsunfallflucht &#8211; Gesch\u00e4digter gesucht Abenberg &#8211; Am Donnerstag, den 02.04.2020, war ein 21-j\u00e4hriger PKW-Fahrer gegen 14.00 Uhr auf der Staatsstra\u00dfe 2220 von Hergersbach kommend in Richtung Abenberg unterwegs, als er kurz vor dem Kreisverkehr am <a class=\"mh-excerpt-more\" href=\"https:\/\/www.region-schwabach.de\/wordpress\/gesturzter-fahrradfahrer-nach-unfall-in-abenberg-gesucht\/\" title=\"Gest\u00fcrzter Fahrradfahrer nach Unfall in Abenberg gesucht\">[&#8230;]<\/a><\/p>\n<\/div>","protected":false},"author":1,"featured_media":109457,"comment_status":"open","ping_status":"open","sticky":false,"template":"","format":"standard","meta":{"_cbd_carousel_blocks":"[]","footnotes":""},"categories":[15],"tags":[12159,578,454,643,1441,2964,397,3452,463,32,12167,875,585,334,457,8685],"class_list":{"0":"post-109456","1":"post","2":"type-post","3":"status-publish","4":"format-standard","5":"has-post-thumbnail","7":"category-polizeimeldungen","8":"tag-02-04-2020","9":"tag-abenberg","10":"tag-fahrerflucht","11":"tag-fahrrad","12":"tag-gegenfahrbahn","13":"tag-hergersbach","14":"tag-kreisverkehr","15":"tag-ortseingang","16":"tag-pkw","17":"tag-roth","18":"tag-staatsstrasse-2230","19":"tag-sturz","20":"tag-ueberholmanoever","21":"tag-unfall","22":"tag-unfallflucht","23":"tag-zeuge-gesucht"},"_links":{"self":[{"href":"https:\/\/www.region-schwabach.de\/wordpress\/wp-json\/wp\/v2\/posts\/109456","targetHints":{"allow":["GET"]}}],"collection":[{"href":"https:\/\/www.region-schwabach.de\/wordpress\/wp-json\/wp\/v2\/posts"}],"about":[{"href":"https:\/\/www.region-schwabach.de\/wordpress\/wp-json\/wp\/v2\/types\/post"}],"author":[{"embeddable":true,"href":"https:\/\/www.region-schwabach.de\/wordpress\/wp-json\/wp\/v2\/users\/1"}],"replies":[{"embeddable":true,"href":"https:\/\/www.region-schwabach.de\/wordpress\/wp-json\/wp\/v2\/comments?post=109456"}],"version-history":[{"count":0,"href":"https:\/\/www.region-schwabach.de\/wordpress\/wp-json\/wp\/v2\/posts\/109456\/revisions"}],"wp:featuredmedia":[{"embeddable":true,"href":"https:\/\/www.region-schwabach.de\/wordpress\/wp-json\/wp\/v2\/media\/109457"}],"wp:attachment":[{"href":"https:\/\/www.region-schwabach.de\/wordpress\/wp-json\/wp\/v2\/media?parent=109456"}],"wp:term":[{"taxonomy":"category","embeddable":true,"href":"https:\/\/www.region-schwabach.de\/wordpress\/wp-json\/wp\/v2\/categories?post=109456"},{"taxonomy":"post_tag","embeddable":true,"href":"https:\/\/www.region-schwabach.de\/wordpress\/wp-json\/wp\/v2\/tags?post=109456"}],"curies":[{"name":"wp","href":"https:\/\/api.w.org\/{rel}","templated":true}]}}