{"id":109510,"date":"2020-04-08T09:30:00","date_gmt":"2020-04-08T07:30:00","guid":{"rendered":"https:\/\/www.region-schwabach.de\/wordpress\/?p=109510"},"modified":"2020-04-11T11:50:15","modified_gmt":"2020-04-11T09:50:15","slug":"cannabis-konsumierende-jugendliche-in-schwanstetten","status":"publish","type":"post","link":"https:\/\/www.region-schwabach.de\/wordpress\/cannabis-konsumierende-jugendliche-in-schwanstetten\/","title":{"rendered":"Cannabis konsumierende Jugendliche in Schwanstetten"},"content":{"rendered":"\t\t<div data-elementor-type=\"wp-post\" data-elementor-id=\"109510\" class=\"elementor elementor-109510\">\n\t\t\t\t\t\t<section class=\"elementor-section elementor-top-section elementor-element elementor-element-1cuv9jr elementor-section-boxed elementor-section-height-default elementor-section-height-default\" data-id=\"1cuv9jr\" data-element_type=\"section\">\n\t\t\t\t\t\t<div class=\"elementor-container elementor-column-gap-default\">\n\t\t\t\t\t<div class=\"elementor-column elementor-col-50 elementor-top-column elementor-element elementor-element-q5zak7b\" data-id=\"q5zak7b\" data-element_type=\"column\">\n\t\t\t<div class=\"elementor-widget-wrap elementor-element-populated\">\n\t\t\t\t\t\t<div class=\"elementor-element elementor-element-a4daeae elementor-widget elementor-widget-text-editor\" data-id=\"a4daeae\" data-element_type=\"widget\" data-widget_type=\"text-editor.default\">\n\t\t\t\t<div class=\"elementor-widget-container\">\n\t\t\t\t\t\t\t<h3>Kifferrunde im Wald<\/h3><p><span style=\"font-size: 12pt;\">Schwanstetten &#8211; Am Montagnachmittag, den 06.04.2020, entdeckte ein aufmerksamer J\u00e4ger am Waldrand in Richtung Furth drei Jugendliche, die Cannabis konsumierten und verst\u00e4ndigte die Polizei, die im Anschluss eine geringe Menge von dem Rauschmittel sowie verschiedene Utensilien zur Zubereitung und f\u00fcr den Konsum bei den Jugendlichen fand. Ein Ermittlungsverfahren wegen eines Versto\u00dfes gegen das Bet\u00e4ubungsmittelgesetzes wurde eingeleitet.<\/span><\/p>\t\t\t\t\t\t<\/div>\n\t\t\t\t<\/div>\n\t\t\t\t<div class=\"elementor-element elementor-element-ace1283 elementor-widget-divider--view-line elementor-widget elementor-widget-divider\" data-id=\"ace1283\" data-element_type=\"widget\" data-widget_type=\"divider.default\">\n\t\t\t\t<div class=\"elementor-widget-container\">\n\t\t\t\t\t<div class=\"elementor-divider\">\n\t\t\t<span class=\"elementor-divider-separator\">\n\t\t\t\t\t\t<\/span>\n\t\t<\/div>\n\t\t\t\t<\/div>\n\t\t\t\t<\/div>\n\t\t\t\t<div class=\"elementor-element elementor-element-e58f8b1 elementor-widget elementor-widget-google_maps\" data-id=\"e58f8b1\" data-element_type=\"widget\" data-widget_type=\"google_maps.default\">\n\t\t\t\t<div class=\"elementor-widget-container\">\n\t\t\t\t\t<div class=\"elementor-custom-embed\">\n\t\t\t<iframe loading=\"lazy\"\n\t\t\t\t\tsrc=\"https:\/\/maps.google.com\/maps?q=Schwanstetten%2C%20Deutschland&#038;t=m&#038;z=14&#038;output=embed&#038;iwloc=near\"\n\t\t\t\t\ttitle=\"Schwanstetten, Deutschland\"\n\t\t\t\t\taria-label=\"Schwanstetten, Deutschland\"\n\t\t\t><\/iframe>\n\t\t<\/div>\n\t\t\t\t<\/div>\n\t\t\t\t<\/div>\n\t\t\t\t\t<\/div>\n\t\t<\/div>\n\t\t\t\t<div class=\"elementor-column elementor-col-50 elementor-top-column elementor-element elementor-element-bca16a1\" data-id=\"bca16a1\" data-element_type=\"column\">\n\t\t\t<div class=\"elementor-widget-wrap elementor-element-populated\">\n\t\t\t\t\t\t<div class=\"elementor-element elementor-element-d99c01b elementor-widget elementor-widget-heading\" data-id=\"d99c01b\" data-element_type=\"widget\" data-widget_type=\"heading.default\">\n\t\t\t\t<div class=\"elementor-widget-container\">\n\t\t\t<h3 class=\"elementor-heading-title elementor-size-default\">Schnell vergleichen und sparen!<\/h3>\t\t<\/div>\n\t\t\t\t<\/div>\n\t\t\t\t\t<\/div>\n\t\t<\/div>\n\t\t\t\t\t<\/div>\n\t\t<\/section>\n\t\t\t\t<\/div>\n\t\t","protected":false},"excerpt":{"rendered":"<div class=\"mh-excerpt\"><p>Kifferrunde im Wald Schwanstetten &#8211; Am Montagnachmittag, den 06.04.2020, entdeckte ein aufmerksamer J\u00e4ger am Waldrand in Richtung Furth drei Jugendliche, die Cannabis konsumierten und verst\u00e4ndigte die Polizei, die im Anschluss eine geringe Menge von dem <a class=\"mh-excerpt-more\" href=\"https:\/\/www.region-schwabach.de\/wordpress\/cannabis-konsumierende-jugendliche-in-schwanstetten\/\" title=\"Cannabis konsumierende Jugendliche in Schwanstetten\">[&#8230;]<\/a><\/p>\n<\/div>","protected":false},"author":1,"featured_media":109511,"comment_status":"open","ping_status":"open","sticky":false,"template":"","format":"standard","meta":{"_cbd_carousel_blocks":"[]","footnotes":""},"categories":[15],"tags":[12169,2384,3111,701,1519,5168,8888,488,12176,6347,981,32,8335,1369,824,814],"class_list":{"0":"post-109510","1":"post","2":"type-post","3":"status-publish","4":"format-standard","5":"has-post-thumbnail","7":"category-polizeimeldungen","8":"tag-06-04-2020","9":"tag-betaeubungsmittelgesetz","10":"tag-cannabis","11":"tag-drogen","12":"tag-ermittlungsverfahren","13":"tag-furth","14":"tag-jaeger","15":"tag-jugendliche","16":"tag-kifferrunde","17":"tag-konsum","18":"tag-polizei","19":"tag-roth","20":"tag-utensilien","21":"tag-verstoss","22":"tag-wald","23":"tag-waldrand"},"_links":{"self":[{"href":"https:\/\/www.region-schwabach.de\/wordpress\/wp-json\/wp\/v2\/posts\/109510","targetHints":{"allow":["GET"]}}],"collection":[{"href":"https:\/\/www.region-schwabach.de\/wordpress\/wp-json\/wp\/v2\/posts"}],"about":[{"href":"https:\/\/www.region-schwabach.de\/wordpress\/wp-json\/wp\/v2\/types\/post"}],"author":[{"embeddable":true,"href":"https:\/\/www.region-schwabach.de\/wordpress\/wp-json\/wp\/v2\/users\/1"}],"replies":[{"embeddable":true,"href":"https:\/\/www.region-schwabach.de\/wordpress\/wp-json\/wp\/v2\/comments?post=109510"}],"version-history":[{"count":0,"href":"https:\/\/www.region-schwabach.de\/wordpress\/wp-json\/wp\/v2\/posts\/109510\/revisions"}],"wp:featuredmedia":[{"embeddable":true,"href":"https:\/\/www.region-schwabach.de\/wordpress\/wp-json\/wp\/v2\/media\/109511"}],"wp:attachment":[{"href":"https:\/\/www.region-schwabach.de\/wordpress\/wp-json\/wp\/v2\/media?parent=109510"}],"wp:term":[{"taxonomy":"category","embeddable":true,"href":"https:\/\/www.region-schwabach.de\/wordpress\/wp-json\/wp\/v2\/categories?post=109510"},{"taxonomy":"post_tag","embeddable":true,"href":"https:\/\/www.region-schwabach.de\/wordpress\/wp-json\/wp\/v2\/tags?post=109510"}],"curies":[{"name":"wp","href":"https:\/\/api.w.org\/{rel}","templated":true}]}}