{"id":109525,"date":"2020-04-09T09:45:43","date_gmt":"2020-04-09T07:45:43","guid":{"rendered":"https:\/\/www.region-schwabach.de\/wordpress\/?p=109525"},"modified":"2020-04-11T11:47:09","modified_gmt":"2020-04-11T09:47:09","slug":"verstosse-gegen-ausgangsbeschrankungen-in-greding-und-allersberg","status":"publish","type":"post","link":"https:\/\/www.region-schwabach.de\/wordpress\/verstosse-gegen-ausgangsbeschrankungen-in-greding-und-allersberg\/","title":{"rendered":"Verst\u00f6\u00dfe gegen Ausgangsbeschr\u00e4nkungen in Greding und Allersberg"},"content":{"rendered":"\t\t<div data-elementor-type=\"wp-post\" data-elementor-id=\"109525\" class=\"elementor elementor-109525\">\n\t\t\t\t\t\t<section class=\"elementor-section elementor-top-section elementor-element elementor-element-1cuv9jr elementor-section-boxed elementor-section-height-default elementor-section-height-default\" data-id=\"1cuv9jr\" data-element_type=\"section\">\n\t\t\t\t\t\t<div class=\"elementor-container elementor-column-gap-default\">\n\t\t\t\t\t<div class=\"elementor-column elementor-col-50 elementor-top-column elementor-element elementor-element-q5zak7b\" data-id=\"q5zak7b\" data-element_type=\"column\">\n\t\t\t<div class=\"elementor-widget-wrap elementor-element-populated\">\n\t\t\t\t\t\t<div class=\"elementor-element elementor-element-a4daeae elementor-widget elementor-widget-text-editor\" data-id=\"a4daeae\" data-element_type=\"widget\" data-widget_type=\"text-editor.default\">\n\t\t\t\t<div class=\"elementor-widget-container\">\n\t\t\t\t\t\t\t<h3>Kontaktverbot missachtet<\/h3><p><span style=\"font-size: 12pt;\">Greding &#8211; Am Dienstag, den 07.04.2020, wurden drei 20-, 37- und j\u00e4hrige 41-j\u00e4hrige Personen, die zusammen eine Autofahrt unternommen hatten, von der Polizei kontrolliert. Aufgrund der Ergebnisse der Kontrolle wurden die drei wegen eines Versto\u00dfes gegen das bestehende Infektionsschutzgesetzes bzw. der Kontaktsperre beanstandet.<\/span><\/p><p><span style=\"font-size: 12pt;\">Allersberg &#8211; Am Dienstag, den 07.04.2020, trafen sich ein 17J\u00e4hriger und sein gleichaltriger Kumpel vor dessen Anwesen. Da die beiden Jugendlichen den Mindestabstand von 1,5 m nicht einhielten, wurden sie deshalb von einer vorbeifahrenden Streife angesprochen. Auch diese beiden jungen M\u00e4nner wurden beanstandet und es ergeht eine Ordnungswidrigkeitsanzeige an das Landratsamt Roth.<\/span><\/p>\t\t\t\t\t\t<\/div>\n\t\t\t\t<\/div>\n\t\t\t\t<div class=\"elementor-element elementor-element-ace1283 elementor-widget-divider--view-line elementor-widget elementor-widget-divider\" data-id=\"ace1283\" data-element_type=\"widget\" data-widget_type=\"divider.default\">\n\t\t\t\t<div class=\"elementor-widget-container\">\n\t\t\t\t\t<div class=\"elementor-divider\">\n\t\t\t<span class=\"elementor-divider-separator\">\n\t\t\t\t\t\t<\/span>\n\t\t<\/div>\n\t\t\t\t<\/div>\n\t\t\t\t<\/div>\n\t\t\t\t<div class=\"elementor-element elementor-element-ac34ac3 elementor-widget elementor-widget-google_maps\" data-id=\"ac34ac3\" data-element_type=\"widget\" data-widget_type=\"google_maps.default\">\n\t\t\t\t<div class=\"elementor-widget-container\">\n\t\t\t\t\t<div class=\"elementor-custom-embed\">\n\t\t\t<iframe loading=\"lazy\"\n\t\t\t\t\tsrc=\"https:\/\/maps.google.com\/maps?q=Greding%2C%20Deutschland&#038;t=m&#038;z=15&#038;output=embed&#038;iwloc=near\"\n\t\t\t\t\ttitle=\"Greding, Deutschland\"\n\t\t\t\t\taria-label=\"Greding, Deutschland\"\n\t\t\t><\/iframe>\n\t\t<\/div>\n\t\t\t\t<\/div>\n\t\t\t\t<\/div>\n\t\t\t\t<div class=\"elementor-element elementor-element-c268d37 elementor-widget elementor-widget-google_maps\" data-id=\"c268d37\" data-element_type=\"widget\" data-widget_type=\"google_maps.default\">\n\t\t\t\t<div class=\"elementor-widget-container\">\n\t\t\t\t\t<div class=\"elementor-custom-embed\">\n\t\t\t<iframe loading=\"lazy\"\n\t\t\t\t\tsrc=\"https:\/\/maps.google.com\/maps?q=Allersberg%2C%20Deutschland&#038;t=m&#038;z=15&#038;output=embed&#038;iwloc=near\"\n\t\t\t\t\ttitle=\"Allersberg, Deutschland\"\n\t\t\t\t\taria-label=\"Allersberg, Deutschland\"\n\t\t\t><\/iframe>\n\t\t<\/div>\n\t\t\t\t<\/div>\n\t\t\t\t<\/div>\n\t\t\t\t\t<\/div>\n\t\t<\/div>\n\t\t\t\t<div class=\"elementor-column elementor-col-50 elementor-top-column elementor-element elementor-element-bca16a1\" data-id=\"bca16a1\" data-element_type=\"column\">\n\t\t\t<div class=\"elementor-widget-wrap elementor-element-populated\">\n\t\t\t\t\t\t<div class=\"elementor-element elementor-element-d99c01b elementor-widget elementor-widget-heading\" data-id=\"d99c01b\" data-element_type=\"widget\" data-widget_type=\"heading.default\">\n\t\t\t\t<div class=\"elementor-widget-container\">\n\t\t\t<h3 class=\"elementor-heading-title elementor-size-default\">Schnell vergleichen und sparen!<\/h3>\t\t<\/div>\n\t\t\t\t<\/div>\n\t\t\t\t\t<\/div>\n\t\t<\/div>\n\t\t\t\t\t<\/div>\n\t\t<\/section>\n\t\t\t\t<\/div>\n\t\t","protected":false},"excerpt":{"rendered":"<div class=\"mh-excerpt\"><p>Kontaktverbot missachtet Greding &#8211; Am Dienstag, den 07.04.2020, wurden drei 20-, 37- und j\u00e4hrige 41-j\u00e4hrige Personen, die zusammen eine Autofahrt unternommen hatten, von der Polizei kontrolliert. Aufgrund der Ergebnisse der Kontrolle wurden die drei wegen <a class=\"mh-excerpt-more\" href=\"https:\/\/www.region-schwabach.de\/wordpress\/verstosse-gegen-ausgangsbeschrankungen-in-greding-und-allersberg\/\" title=\"Verst\u00f6\u00dfe gegen Ausgangsbeschr\u00e4nkungen in Greding und Allersberg\">[&#8230;]<\/a><\/p>\n<\/div>","protected":false},"author":1,"featured_media":109526,"comment_status":"open","ping_status":"open","sticky":false,"template":"","format":"standard","meta":{"_cbd_carousel_blocks":"[]","footnotes":""},"categories":[15],"tags":[12182,556,12116,12183,1354,297,12160,488,10864,2292,895,12184,1742,463,981,1369],"class_list":{"0":"post-109525","1":"post","2":"type-post","3":"status-publish","4":"format-standard","5":"has-post-thumbnail","7":"category-polizeimeldungen","8":"tag-07-04-2020","9":"tag-allersberg","10":"tag-ausgangsbeschraenkung","11":"tag-beanstandung","12":"tag-greding","13":"tag-hilpoltstein","14":"tag-infektionsschutzgesetz","15":"tag-jugendliche","16":"tag-kontaktverbot","17":"tag-kontrolle","18":"tag-landratsamt","19":"tag-mindestabstand","20":"tag-ordnungswidrigkeitenverfahren","21":"tag-pkw","22":"tag-polizei","23":"tag-verstoss"},"_links":{"self":[{"href":"https:\/\/www.region-schwabach.de\/wordpress\/wp-json\/wp\/v2\/posts\/109525","targetHints":{"allow":["GET"]}}],"collection":[{"href":"https:\/\/www.region-schwabach.de\/wordpress\/wp-json\/wp\/v2\/posts"}],"about":[{"href":"https:\/\/www.region-schwabach.de\/wordpress\/wp-json\/wp\/v2\/types\/post"}],"author":[{"embeddable":true,"href":"https:\/\/www.region-schwabach.de\/wordpress\/wp-json\/wp\/v2\/users\/1"}],"replies":[{"embeddable":true,"href":"https:\/\/www.region-schwabach.de\/wordpress\/wp-json\/wp\/v2\/comments?post=109525"}],"version-history":[{"count":0,"href":"https:\/\/www.region-schwabach.de\/wordpress\/wp-json\/wp\/v2\/posts\/109525\/revisions"}],"wp:featuredmedia":[{"embeddable":true,"href":"https:\/\/www.region-schwabach.de\/wordpress\/wp-json\/wp\/v2\/media\/109526"}],"wp:attachment":[{"href":"https:\/\/www.region-schwabach.de\/wordpress\/wp-json\/wp\/v2\/media?parent=109525"}],"wp:term":[{"taxonomy":"category","embeddable":true,"href":"https:\/\/www.region-schwabach.de\/wordpress\/wp-json\/wp\/v2\/categories?post=109525"},{"taxonomy":"post_tag","embeddable":true,"href":"https:\/\/www.region-schwabach.de\/wordpress\/wp-json\/wp\/v2\/tags?post=109525"}],"curies":[{"name":"wp","href":"https:\/\/api.w.org\/{rel}","templated":true}]}}