{"id":109544,"date":"2020-04-09T15:42:36","date_gmt":"2020-04-09T13:42:36","guid":{"rendered":"https:\/\/www.region-schwabach.de\/wordpress\/?p=109544"},"modified":"2020-04-11T11:46:37","modified_gmt":"2020-04-11T09:46:37","slug":"verkehrsunfall-auf-der-bundesstrasse-2-bei-heideck","status":"publish","type":"post","link":"https:\/\/www.region-schwabach.de\/wordpress\/verkehrsunfall-auf-der-bundesstrasse-2-bei-heideck\/","title":{"rendered":"Verkehrsunfall auf der Bundesstra\u00dfe 2 bei Heideck"},"content":{"rendered":"\t\t<div data-elementor-type=\"wp-post\" data-elementor-id=\"109544\" class=\"elementor elementor-109544\">\n\t\t\t\t\t\t<section class=\"elementor-section elementor-top-section elementor-element elementor-element-1cuv9jr elementor-section-boxed elementor-section-height-default elementor-section-height-default\" data-id=\"1cuv9jr\" data-element_type=\"section\">\n\t\t\t\t\t\t<div class=\"elementor-container elementor-column-gap-default\">\n\t\t\t\t\t<div class=\"elementor-column elementor-col-50 elementor-top-column elementor-element elementor-element-q5zak7b\" data-id=\"q5zak7b\" data-element_type=\"column\">\n\t\t\t<div class=\"elementor-widget-wrap elementor-element-populated\">\n\t\t\t\t\t\t<div class=\"elementor-element elementor-element-a4daeae elementor-widget elementor-widget-text-editor\" data-id=\"a4daeae\" data-element_type=\"widget\" data-widget_type=\"text-editor.default\">\n\t\t\t\t<div class=\"elementor-widget-container\">\n\t\t\t\t\t\t\t<h3>Verkehrsunfall mit Sachschaden<\/h3><p><span style=\"font-size: 12pt;\">Pleinfeld &#8211; Am Dienstagvormittag, den 07.04.2020, ereignete sich auf der Bundesstra\u00dfe 2 &#8211; im Bereich der Auffahrt Heideck &#8211; beim Fahrstreifenwechsel einer 54-j\u00e4hrigen PKW-Fahrerin im mehrspurigen Bereich ein Zusammensto\u00df mit einem 25-j\u00e4hrigen PKW-Fahrer. Bei dem Unfall wurde gl\u00fccklicherweise niemand verletzt, an den beteiligten Fahrzeugen entstand ein Sachschaden in H\u00f6he von ca. 6500 Euro. Die Unfallverursacherin erwartet nun ein Ordnungswidrigkeitenverfahren.<\/span><\/p>\t\t\t\t\t\t<\/div>\n\t\t\t\t<\/div>\n\t\t\t\t<div class=\"elementor-element elementor-element-ace1283 elementor-widget-divider--view-line elementor-widget elementor-widget-divider\" data-id=\"ace1283\" data-element_type=\"widget\" data-widget_type=\"divider.default\">\n\t\t\t\t<div class=\"elementor-widget-container\">\n\t\t\t\t\t<div class=\"elementor-divider\">\n\t\t\t<span class=\"elementor-divider-separator\">\n\t\t\t\t\t\t<\/span>\n\t\t<\/div>\n\t\t\t\t<\/div>\n\t\t\t\t<\/div>\n\t\t\t\t<div class=\"elementor-element elementor-element-ac34ac3 elementor-widget elementor-widget-google_maps\" data-id=\"ac34ac3\" data-element_type=\"widget\" data-widget_type=\"google_maps.default\">\n\t\t\t\t<div class=\"elementor-widget-container\">\n\t\t\t\t\t<div class=\"elementor-custom-embed\">\n\t\t\t<iframe loading=\"lazy\"\n\t\t\t\t\tsrc=\"https:\/\/maps.google.com\/maps?q=Heideck%2C%20Deutschland&#038;t=m&#038;z=12&#038;output=embed&#038;iwloc=near\"\n\t\t\t\t\ttitle=\"Heideck, Deutschland\"\n\t\t\t\t\taria-label=\"Heideck, Deutschland\"\n\t\t\t><\/iframe>\n\t\t<\/div>\n\t\t\t\t<\/div>\n\t\t\t\t<\/div>\n\t\t\t\t\t<\/div>\n\t\t<\/div>\n\t\t\t\t<div class=\"elementor-column elementor-col-50 elementor-top-column elementor-element elementor-element-bca16a1\" data-id=\"bca16a1\" data-element_type=\"column\">\n\t\t\t<div class=\"elementor-widget-wrap elementor-element-populated\">\n\t\t\t\t\t\t<div class=\"elementor-element elementor-element-d99c01b elementor-widget elementor-widget-heading\" data-id=\"d99c01b\" data-element_type=\"widget\" data-widget_type=\"heading.default\">\n\t\t\t\t<div class=\"elementor-widget-container\">\n\t\t\t<h3 class=\"elementor-heading-title elementor-size-default\">Schnell vergleichen und sparen!<\/h3>\t\t<\/div>\n\t\t\t\t<\/div>\n\t\t\t\t\t<\/div>\n\t\t<\/div>\n\t\t\t\t\t<\/div>\n\t\t<\/section>\n\t\t\t\t<\/div>\n\t\t","protected":false},"excerpt":{"rendered":"<div class=\"mh-excerpt\"><p>Verkehrsunfall mit Sachschaden Pleinfeld &#8211; Am Dienstagvormittag, den 07.04.2020, ereignete sich auf der Bundesstra\u00dfe 2 &#8211; im Bereich der Auffahrt Heideck &#8211; beim Fahrstreifenwechsel einer 54-j\u00e4hrigen PKW-Fahrerin im mehrspurigen Bereich ein Zusammensto\u00df mit einem 25-j\u00e4hrigen <a class=\"mh-excerpt-more\" href=\"https:\/\/www.region-schwabach.de\/wordpress\/verkehrsunfall-auf-der-bundesstrasse-2-bei-heideck\/\" title=\"Verkehrsunfall auf der Bundesstra\u00dfe 2 bei Heideck\">[&#8230;]<\/a><\/p>\n<\/div>","protected":false},"author":1,"featured_media":109545,"comment_status":"open","ping_status":"open","sticky":false,"template":"","format":"standard","meta":{"_cbd_carousel_blocks":"[]","footnotes":""},"categories":[15],"tags":[12182,3083,9561,541,6064,596,1742,463,820,981,334,249,584],"class_list":{"0":"post-109544","1":"post","2":"type-post","3":"status-publish","4":"format-standard","5":"has-post-thumbnail","7":"category-polizeimeldungen","8":"tag-07-04-2020","9":"tag-auffahrt","10":"tag-b-2","11":"tag-bundesstrasse-2","12":"tag-fahrstreifenwechsel","13":"tag-heideck","14":"tag-ordnungswidrigkeitenverfahren","15":"tag-pkw","16":"tag-pleinfeld","17":"tag-polizei","18":"tag-unfall","19":"tag-weissenburg","20":"tag-zusammenstoss"},"_links":{"self":[{"href":"https:\/\/www.region-schwabach.de\/wordpress\/wp-json\/wp\/v2\/posts\/109544","targetHints":{"allow":["GET"]}}],"collection":[{"href":"https:\/\/www.region-schwabach.de\/wordpress\/wp-json\/wp\/v2\/posts"}],"about":[{"href":"https:\/\/www.region-schwabach.de\/wordpress\/wp-json\/wp\/v2\/types\/post"}],"author":[{"embeddable":true,"href":"https:\/\/www.region-schwabach.de\/wordpress\/wp-json\/wp\/v2\/users\/1"}],"replies":[{"embeddable":true,"href":"https:\/\/www.region-schwabach.de\/wordpress\/wp-json\/wp\/v2\/comments?post=109544"}],"version-history":[{"count":0,"href":"https:\/\/www.region-schwabach.de\/wordpress\/wp-json\/wp\/v2\/posts\/109544\/revisions"}],"wp:featuredmedia":[{"embeddable":true,"href":"https:\/\/www.region-schwabach.de\/wordpress\/wp-json\/wp\/v2\/media\/109545"}],"wp:attachment":[{"href":"https:\/\/www.region-schwabach.de\/wordpress\/wp-json\/wp\/v2\/media?parent=109544"}],"wp:term":[{"taxonomy":"category","embeddable":true,"href":"https:\/\/www.region-schwabach.de\/wordpress\/wp-json\/wp\/v2\/categories?post=109544"},{"taxonomy":"post_tag","embeddable":true,"href":"https:\/\/www.region-schwabach.de\/wordpress\/wp-json\/wp\/v2\/tags?post=109544"}],"curies":[{"name":"wp","href":"https:\/\/api.w.org\/{rel}","templated":true}]}}