{"id":109875,"date":"2020-04-21T00:10:40","date_gmt":"2020-04-20T22:10:40","guid":{"rendered":"https:\/\/www.region-schwabach.de\/wordpress\/?p=109875"},"modified":"2020-04-20T23:43:52","modified_gmt":"2020-04-20T21:43:52","slug":"recyclinghof-in-schwabach-ist-ab-dienstag-den-21-april-2020-wieder-geoffnet","status":"publish","type":"post","link":"https:\/\/www.region-schwabach.de\/wordpress\/recyclinghof-in-schwabach-ist-ab-dienstag-den-21-april-2020-wieder-geoffnet\/","title":{"rendered":"Recyclinghof in Schwabach ist ab Dienstag, den 21. April 2020, wieder ge\u00f6ffnet"},"content":{"rendered":"\t\t<div data-elementor-type=\"wp-post\" data-elementor-id=\"109875\" class=\"elementor elementor-109875\">\n\t\t\t\t\t\t<section class=\"elementor-section elementor-top-section elementor-element elementor-element-1dzeyuh elementor-section-boxed elementor-section-height-default elementor-section-height-default\" data-id=\"1dzeyuh\" data-element_type=\"section\">\n\t\t\t\t\t\t<div class=\"elementor-container elementor-column-gap-default\">\n\t\t\t\t\t<div class=\"elementor-column elementor-col-50 elementor-top-column elementor-element elementor-element-aam59ft\" data-id=\"aam59ft\" data-element_type=\"column\">\n\t\t\t<div class=\"elementor-widget-wrap elementor-element-populated\">\n\t\t\t\t\t\t<div class=\"elementor-element elementor-element-c101c6f elementor-widget elementor-widget-wp-widget-advads_ad_widget\" data-id=\"c101c6f\" data-element_type=\"widget\" data-widget_type=\"wp-widget-advads_ad_widget.default\">\n\t\t\t\t<div class=\"elementor-widget-container\">\n\t\t\t<div id=\"regio-831295285\"><div class=\"regio-adlabel\">Werbung<\/div><!-- Beginn https:\/\/www.financeads.net\/-Code --><a href=\"https:\/\/www.financeads.net\/tc.php?t=36648C195239407B\" target=\"_blank\"><img fetchpriority=\"high\" decoding=\"async\" src=\"https:\/\/www.financeads.net\/tb.php?t=36648V195239407B&https=1\" alt=\"\" border=\"0\" width=\"728\" height=\"90\"><\/a><!-- Ende https:\/\/www.financeads.net\/-Code --><\/div>\t\t<\/div>\n\t\t\t\t<\/div>\n\t\t\t\t<div class=\"elementor-element elementor-element-k9p1oyc elementor-widget elementor-widget-text-editor\" data-id=\"k9p1oyc\" data-element_type=\"widget\" data-widget_type=\"text-editor.default\">\n\t\t\t\t<div class=\"elementor-widget-container\">\n\t\t\t\t\t\t\t<h3>Entsorgungs-Zentrum-Schwabach ab Dienstag, den 21. April 2020 wieder ge\u00f6ffnet<\/h3><p><span style=\"font-size: 12pt;\">Schwabach &#8211; Das Entsorgungs-Zentrum-Schwabach (EZS) mit dem Recyclinghof in der Hirschenholzstra\u00dfe ist ab Dienstag, den 21. April 2020 f\u00fcr die Allgemeinheit \u2013 insbesondere f\u00fcr Anlieferungen am Recyclinghof \u2013 wieder ge\u00f6ffnet.<\/span><\/p><p><span style=\"font-size: 12pt;\">Aufgrund der zu erwartenden hohen Aufkommens gelten in der ersten \u00d6ffnungswoche vom 21. bis 25. April verl\u00e4ngerte \u00d6ffnungszeiten. Um Anlieferungen zus\u00e4tzlich etwas zu entzerren, gelten dabei folgende Regelungen:<\/span><\/p><ul style=\"list-style-type: disc;\"><li><span style=\"font-size: 12pt;\">Privatanlieferungen k\u00f6nnen t\u00e4glich von 10.00 Uhr bis 18.00 Uhr bzw. Samstag von 09.00 Uhr bis 16.00 Uhr erfolgen.<\/span><\/li><li><span style=\"font-size: 12pt;\">Zus\u00e4tzlich k\u00f6nnen Dienstag bis Freitag von 9 bis 10 Uhr sowie Samstag 8 bis 9 Uhr ausschlie\u00dflich Kleingewerbetreibende anliefern.<\/span><\/li><li><span style=\"font-size: 12pt;\">Ab Dienstag den 28. April 2020 gelten dann wieder die regul\u00e4ren \u00d6ffnungszeiten Dienstag bis Freitag von 10.00 Uhr bis 17.00 Uhr und Samstag von 09.00 Uhr bis 15.00 Uhr.<\/span><\/li><\/ul><p><span style=\"font-size: 12pt;\">Es wird darauf hingewiesen, dass es nach der 4-w\u00f6chigen Schlie\u00dfung sowie bestimmter nach wie vor erforderlicher Restriktionen im Betrieb zum Schutz der Kunden und Besch\u00e4ftigten gerade in den ersten Wochen zu erheblichen Wartezeiten kommen kann. Es kann daher auch vorkommen, dass Besucher \u2013 soweit die Wartefl\u00e4chen im Gel\u00e4ndebereich des EZS nicht ausreichen \u2013 auch abgewiesen werden m\u00fcssen, da ein Warten auf der Hirschenholzstra\u00dfe aus Verkehrssicherheitsgr\u00fcnden nicht m\u00f6glich ist.<\/span><\/p><h3>Kompostabholung<\/h3><p><span style=\"font-size: 12pt;\">Kompostabholer werden gebeten direkt auf der Waage zu parken und vorab zu zahlen. Die Abrechnung l\u00e4uft nach Volumen bzw. Anzahl der S\u00e4cke. Es kann keine Beladung von Anh\u00e4ngern durch den Radlader erfolgen.<\/span><\/p><h3>Sicherheitsabstand<\/h3><p><span style=\"font-size: 12pt;\">Um sich selbst und andere zu sch\u00fctzen muss durch Besucher ein erforderlicher Abstand von mindestens 1,5 Meter zu anderen Personen eingehalten werden. Eine Mund-Nase-Schutzmaske ist zwar nicht Pflicht, wird aber &#8211; soweit vorhanden &#8211; dringend angeraten. Soweit Schutzmasken nicht vorhanden sind bieten sich Buffs, T\u00fccher oder dergleichen zur Abdeckung des Mund-Nase-Bereichs an.<\/span><\/p><p><span style=\"font-size: 12pt;\">Die Stadtdienste Schwabach GmbH, die das EZS im Auftrag der Stadt betreibt, bittet um Verst\u00e4ndnis f\u00fcr die erforderlichen Ma\u00dfnahmen und eventuelle Wartezeiten.<\/span><\/p><h3>M\u00fcllabfuhr weiter voll gew\u00e4hrleistet<\/h3><p><span style=\"font-size: 12pt;\">Keine Auswirkungen hat das Corona-Virus \u2013 im Gegensatz zu vielen anderen St\u00e4dten \u2013 bislang weiterhin auf die M\u00fcllabfuhr. Rest- und Biom\u00fcll, Papier, Gelber Sack werden weiterhin planm\u00e4\u00dfig geleert bzw. abgeholt. Auch Gartenabfallcontainer sowie Glas- und Dosencontainer werden regelm\u00e4\u00dfig geleert.<\/span><\/p><p><strong><span style=\"font-size: 14pt;\">Die Stadt bittet auch hier ausdr\u00fccklich das verbindliche Abstandsgebot von mindestens 1,5 Metern zu beachten.<\/span><\/strong><\/p>\t\t\t\t\t\t<\/div>\n\t\t\t\t<\/div>\n\t\t\t\t<div class=\"elementor-element elementor-element-cj4lfz2 elementor-widget elementor-widget-google_maps\" data-id=\"cj4lfz2\" data-element_type=\"widget\" data-widget_type=\"google_maps.default\">\n\t\t\t\t<div class=\"elementor-widget-container\">\n\t\t\t\t\t<div class=\"elementor-custom-embed\">\n\t\t\t<iframe loading=\"lazy\"\n\t\t\t\t\tsrc=\"https:\/\/maps.google.com\/maps?q=Hirschenholzstra%C3%9Fe%2C%20Schwabach%2C%20Deutschland&#038;t=m&#038;z=15&#038;output=embed&#038;iwloc=near\"\n\t\t\t\t\ttitle=\"Hirschenholzstra\u00dfe, Schwabach, Deutschland\"\n\t\t\t\t\taria-label=\"Hirschenholzstra\u00dfe, Schwabach, Deutschland\"\n\t\t\t><\/iframe>\n\t\t<\/div>\n\t\t\t\t<\/div>\n\t\t\t\t<\/div>\n\t\t\t\t\t<\/div>\n\t\t<\/div>\n\t\t\t\t<div class=\"elementor-column elementor-col-50 elementor-top-column elementor-element elementor-element-49d1489\" data-id=\"49d1489\" data-element_type=\"column\">\n\t\t\t<div class=\"elementor-widget-wrap elementor-element-populated\">\n\t\t\t\t\t\t<div class=\"elementor-element elementor-element-65b99da elementor-widget elementor-widget-wp-widget-advads_ad_widget\" data-id=\"65b99da\" data-element_type=\"widget\" data-widget_type=\"wp-widget-advads_ad_widget.default\">\n\t\t\t\t<div class=\"elementor-widget-container\">\n\t\t\t<div id=\"regio-4030497251\"><div class=\"regio-adlabel\">Werbung<\/div><div id=\"regio-2462001436\"><!-- Beginn https:\/\/www.financeads.net\/-Code --><a href=\"https:\/\/www.financeads.net\/tc.php?t=36648C271460142B\" target=\"_blank\"><img decoding=\"async\" src=\"https:\/\/www.financeads.net\/tb.php?t=36648V271460142B&https=1\" alt=\"PETPROTECT_Hund&Katze_Banner\" border=\"0\" width=\"250\" height=\"250\"><\/a><!-- Ende https:\/\/www.financeads.net\/-Code --><\/div><div id=\"regio-3451739389\"><!-- Beginn https:\/\/www.financeads.net\/-Code --><a href=\"https:\/\/www.financeads.net\/tc.php?t=36648C236142529B\" target=\"_blank\"><img decoding=\"async\" src=\"https:\/\/www.financeads.net\/tb.php?t=36648V236142529B&https=1\" alt=\"\" border=\"0\" width=\"300\" height=\"250\"><\/a><!-- Ende https:\/\/www.financeads.net\/-Code --><\/div><div id=\"regio-2778101607\"><!-- Beginn https:\/\/www.financeads.net\/-Code --><a href=\"https:\/\/www.financeads.net\/tc.php?t=36648C205040072B\" target=\"_blank\"><img loading=\"lazy\" decoding=\"async\" src=\"https:\/\/www.financeads.net\/tb.php?t=36648V205040072B&https=1\" alt=\"\" border=\"0\" width=\"300\" height=\"250\"><\/a><!-- Ende https:\/\/www.financeads.net\/-Code --><\/div><div id=\"regio-605910297\"><!-- Beginn https:\/\/www.financeads.net\/-Code --><a href=\"https:\/\/www.financeads.net\/tc.php?t=36648C42614510B\" target=\"_blank\"><img loading=\"lazy\" decoding=\"async\" src=\"https:\/\/www.financeads.net\/tb.php?t=36648V42614510B&https=1\" alt=\"\" border=\"0\" width=\"200\" height=\"300\"><\/a><!-- Ende https:\/\/www.financeads.net\/-Code --><\/div><\/div>\t\t<\/div>\n\t\t\t\t<\/div>\n\t\t\t\t\t<\/div>\n\t\t<\/div>\n\t\t\t\t\t<\/div>\n\t\t<\/section>\n\t\t\t\t<\/div>\n\t\t","protected":false},"excerpt":{"rendered":"<div class=\"mh-excerpt\"><p>Entsorgungs-Zentrum-Schwabach ab Dienstag, den 21. April 2020 wieder ge\u00f6ffnet Schwabach &#8211; Das Entsorgungs-Zentrum-Schwabach (EZS) mit dem Recyclinghof in der Hirschenholzstra\u00dfe ist ab Dienstag, den 21. April 2020 f\u00fcr die Allgemeinheit \u2013 insbesondere f\u00fcr Anlieferungen am <a class=\"mh-excerpt-more\" href=\"https:\/\/www.region-schwabach.de\/wordpress\/recyclinghof-in-schwabach-ist-ab-dienstag-den-21-april-2020-wieder-geoffnet\/\" title=\"Recyclinghof in Schwabach ist ab Dienstag, den 21. April 2020, wieder ge\u00f6ffnet\">[&#8230;]<\/a><\/p>\n<\/div>","protected":false},"author":1,"featured_media":109876,"comment_status":"open","ping_status":"open","sticky":false,"template":"template-full.php","format":"standard","meta":{"_cbd_carousel_blocks":"[]","footnotes":""},"categories":[16,61],"tags":[12235,12236,1553,2627,19,3012,3151,8453],"class_list":{"0":"post-109875","1":"post","2":"type-post","3":"status-publish","4":"format-standard","5":"has-post-thumbnail","7":"category-aktuell","8":"category-rathaus","9":"tag-21-04-2020","10":"tag-entsorgungs-zentrum","11":"tag-hirschenholzstrasse","12":"tag-recyclinghof","13":"tag-schwabach","14":"tag-stadt","15":"tag-stadt-schwabach","16":"tag-wieder-geoeffnet"},"_links":{"self":[{"href":"https:\/\/www.region-schwabach.de\/wordpress\/wp-json\/wp\/v2\/posts\/109875","targetHints":{"allow":["GET"]}}],"collection":[{"href":"https:\/\/www.region-schwabach.de\/wordpress\/wp-json\/wp\/v2\/posts"}],"about":[{"href":"https:\/\/www.region-schwabach.de\/wordpress\/wp-json\/wp\/v2\/types\/post"}],"author":[{"embeddable":true,"href":"https:\/\/www.region-schwabach.de\/wordpress\/wp-json\/wp\/v2\/users\/1"}],"replies":[{"embeddable":true,"href":"https:\/\/www.region-schwabach.de\/wordpress\/wp-json\/wp\/v2\/comments?post=109875"}],"version-history":[{"count":0,"href":"https:\/\/www.region-schwabach.de\/wordpress\/wp-json\/wp\/v2\/posts\/109875\/revisions"}],"wp:featuredmedia":[{"embeddable":true,"href":"https:\/\/www.region-schwabach.de\/wordpress\/wp-json\/wp\/v2\/media\/109876"}],"wp:attachment":[{"href":"https:\/\/www.region-schwabach.de\/wordpress\/wp-json\/wp\/v2\/media?parent=109875"}],"wp:term":[{"taxonomy":"category","embeddable":true,"href":"https:\/\/www.region-schwabach.de\/wordpress\/wp-json\/wp\/v2\/categories?post=109875"},{"taxonomy":"post_tag","embeddable":true,"href":"https:\/\/www.region-schwabach.de\/wordpress\/wp-json\/wp\/v2\/tags?post=109875"}],"curies":[{"name":"wp","href":"https:\/\/api.w.org\/{rel}","templated":true}]}}