{"id":109925,"date":"2020-04-17T00:07:00","date_gmt":"2020-04-16T22:07:00","guid":{"rendered":"https:\/\/www.region-schwabach.de\/wordpress\/?p=109925"},"modified":"2020-04-17T10:39:24","modified_gmt":"2020-04-17T08:39:24","slug":"verbot-von-grossveranstaltungen-in-schwabach-nach-kabinettsbeschluss","status":"publish","type":"post","link":"https:\/\/www.region-schwabach.de\/wordpress\/verbot-von-grossveranstaltungen-in-schwabach-nach-kabinettsbeschluss\/","title":{"rendered":"Verbot von Gro\u00dfveranstaltungen in Schwabach nach Kabinettsbeschluss"},"content":{"rendered":"\t\t<div data-elementor-type=\"wp-post\" data-elementor-id=\"109925\" class=\"elementor elementor-109925\">\n\t\t\t\t\t\t<section class=\"elementor-section elementor-top-section elementor-element elementor-element-1dzeyuh elementor-section-boxed elementor-section-height-default elementor-section-height-default\" data-id=\"1dzeyuh\" data-element_type=\"section\">\n\t\t\t\t\t\t<div class=\"elementor-container elementor-column-gap-default\">\n\t\t\t\t\t<div class=\"elementor-column elementor-col-66 elementor-top-column elementor-element elementor-element-aam59ft\" data-id=\"aam59ft\" data-element_type=\"column\">\n\t\t\t<div class=\"elementor-widget-wrap elementor-element-populated\">\n\t\t\t\t\t\t<div class=\"elementor-element elementor-element-c101c6f elementor-widget elementor-widget-wp-widget-advads_ad_widget\" data-id=\"c101c6f\" data-element_type=\"widget\" data-widget_type=\"wp-widget-advads_ad_widget.default\">\n\t\t\t\t<div class=\"elementor-widget-container\">\n\t\t\t<div id=\"regio-1189476742\"><div class=\"regio-adlabel\">Werbung<\/div><!-- Beginn https:\/\/www.financeads.net\/-Code --><a href=\"https:\/\/www.financeads.net\/tc.php?t=36648C195239407B\" target=\"_blank\"><img fetchpriority=\"high\" decoding=\"async\" src=\"https:\/\/www.financeads.net\/tb.php?t=36648V195239407B&https=1\" alt=\"\" border=\"0\" width=\"728\" height=\"90\"><\/a><!-- Ende https:\/\/www.financeads.net\/-Code --><\/div>\t\t<\/div>\n\t\t\t\t<\/div>\n\t\t\t\t<div class=\"elementor-element elementor-element-k9p1oyc elementor-widget elementor-widget-text-editor\" data-id=\"k9p1oyc\" data-element_type=\"widget\" data-widget_type=\"text-editor.default\">\n\t\t\t\t<div class=\"elementor-widget-container\">\n\t\t\t\t\t\t\t<h3>Nach Bericht aus der bayerischen Kabinettssitzung:<br \/>Kinderkirchweih, goldschl\u00e4ger nacht &amp; Co. fallen aus<\/h3><p><span style=\"font-size: 12pt;\">Nach dem Bericht aus der bayerischen Kabinettssitzung heute ergeben sich ge\u00e4nderte bzw. erweiterte Regelungen zu Veranstaltungen auch in Schwabach. Die Ausgangsbeschr\u00e4nkungen gelten weiterhin bis zum 3. Mai. Gro\u00dfveranstaltungen bleiben mindestens bis zum 31. August 2020 untersagt.<\/span><\/p><p><span style=\"font-size: 12pt;\">Folgende Veranstaltungen in Schwabach sind davon bis Ende August aktuell betroffen:<\/span><\/p><ul style=\"list-style-type: disc;\"><li><span style=\"font-size: 12pt;\">19. April: Autoshow und verkaufsoffener Sonntag (bereits abgesagt)<\/span><\/li><li><span style=\"font-size: 12pt;\">30. April bis 5. Mai: Kinderkirchweih<\/span><\/li><li><span style=\"font-size: 12pt;\">14. Mai: Konzert \u201eMoi et les autres\u201c der Partnerschaftskomitees<\/span><\/li><li><span style=\"font-size: 12pt;\">12. &#8211; 15. Juni: Kirchweih Penzendorf<\/span><\/li><li><span style=\"font-size: 12pt;\">19. &#8211; 21.Juni: Wirtefest<\/span><\/li><li><span style=\"font-size: 12pt;\">21. Juni: Hinterhoftag<\/span><\/li><li><span style=\"font-size: 12pt;\">26.- 28. Juni: Ritmos Latinos<\/span><\/li><li><span style=\"font-size: 12pt;\">26. &#8211; 29. Juni: Kirchweih Wolkersdorf<\/span><\/li><li><span style=\"font-size: 12pt;\">27. Juni: Tag der Jugendverb\u00e4nde<\/span><\/li><li><span style=\"font-size: 12pt;\">28. Juni: Kindertrempelmarkt<\/span><\/li><li><span style=\"font-size: 12pt;\">3. &#8211; 6. Juli: Kirchweih Dietersdorf<\/span><\/li><li><span style=\"font-size: 12pt;\">10. Juli: Open Air der Musikschule<\/span><\/li><li><span style=\"font-size: 12pt;\">17.-19. Juli: B\u00fcrgerfest<\/span><\/li><li><span style=\"font-size: 12pt;\">24. &#8211; 27. Juli: Kirchweih Unterreichenbach<\/span><\/li><li><span style=\"font-size: 12pt;\">31. Juli &#8211; 3. August: Kirchweih Limbach<\/span><\/li><li><span style=\"font-size: 12pt;\">8. August: goldschl\u00e4ger nacht<\/span><\/li><\/ul><p><strong><span style=\"font-size: 12pt;\">Bei weiteren Veranstaltungen, die im genannten Zeitraum stattfinden w\u00fcrden, wird zur Zeit noch gepr\u00fcft.<\/span><\/strong><\/p>\t\t\t\t\t\t<\/div>\n\t\t\t\t<\/div>\n\t\t\t\t<div class=\"elementor-element elementor-element-cj4lfz2 elementor-widget elementor-widget-google_maps\" data-id=\"cj4lfz2\" data-element_type=\"widget\" data-widget_type=\"google_maps.default\">\n\t\t\t\t<div class=\"elementor-widget-container\">\n\t\t\t\t\t<div class=\"elementor-custom-embed\">\n\t\t\t<iframe loading=\"lazy\"\n\t\t\t\t\tsrc=\"https:\/\/maps.google.com\/maps?q=Schwabach%2C%20Deutschland&#038;t=m&#038;z=15&#038;output=embed&#038;iwloc=near\"\n\t\t\t\t\ttitle=\"Schwabach, Deutschland\"\n\t\t\t\t\taria-label=\"Schwabach, Deutschland\"\n\t\t\t><\/iframe>\n\t\t<\/div>\n\t\t\t\t<\/div>\n\t\t\t\t<\/div>\n\t\t\t\t\t<\/div>\n\t\t<\/div>\n\t\t\t\t<div class=\"elementor-column elementor-col-33 elementor-top-column elementor-element elementor-element-uferl75\" data-id=\"uferl75\" data-element_type=\"column\">\n\t\t\t<div class=\"elementor-widget-wrap elementor-element-populated\">\n\t\t\t\t\t\t<div class=\"elementor-element elementor-element-901657a elementor-widget elementor-widget-wp-widget-advads_ad_widget\" data-id=\"901657a\" data-element_type=\"widget\" data-widget_type=\"wp-widget-advads_ad_widget.default\">\n\t\t\t\t<div class=\"elementor-widget-container\">\n\t\t\t<div id=\"regio-226975943\"><div class=\"regio-adlabel\">Werbung<\/div><div id=\"regio-1610858314\"><!-- Beginn https:\/\/www.financeads.net\/-Code --><a href=\"https:\/\/www.financeads.net\/tc.php?t=36648C271460142B\" target=\"_blank\"><img decoding=\"async\" src=\"https:\/\/www.financeads.net\/tb.php?t=36648V271460142B&https=1\" alt=\"PETPROTECT_Hund&Katze_Banner\" border=\"0\" width=\"250\" height=\"250\"><\/a><!-- Ende https:\/\/www.financeads.net\/-Code --><\/div><div id=\"regio-1494851443\"><!-- Beginn https:\/\/www.financeads.net\/-Code --><a href=\"https:\/\/www.financeads.net\/tc.php?t=36648C236142529B\" target=\"_blank\"><img decoding=\"async\" src=\"https:\/\/www.financeads.net\/tb.php?t=36648V236142529B&https=1\" alt=\"\" border=\"0\" width=\"300\" height=\"250\"><\/a><!-- Ende https:\/\/www.financeads.net\/-Code --><\/div><div id=\"regio-928653809\"><!-- Beginn https:\/\/www.financeads.net\/-Code --><a href=\"https:\/\/www.financeads.net\/tc.php?t=36648C205040072B\" target=\"_blank\"><img loading=\"lazy\" decoding=\"async\" src=\"https:\/\/www.financeads.net\/tb.php?t=36648V205040072B&https=1\" alt=\"\" border=\"0\" width=\"300\" height=\"250\"><\/a><!-- Ende https:\/\/www.financeads.net\/-Code --><\/div><div id=\"regio-2659856313\"><!-- Beginn https:\/\/www.financeads.net\/-Code --><a href=\"https:\/\/www.financeads.net\/tc.php?t=36648C42614510B\" target=\"_blank\"><img loading=\"lazy\" decoding=\"async\" src=\"https:\/\/www.financeads.net\/tb.php?t=36648V42614510B&https=1\" alt=\"\" border=\"0\" width=\"200\" height=\"300\"><\/a><!-- Ende https:\/\/www.financeads.net\/-Code --><\/div><\/div>\t\t<\/div>\n\t\t\t\t<\/div>\n\t\t\t\t\t<\/div>\n\t\t<\/div>\n\t\t\t\t\t<\/div>\n\t\t<\/section>\n\t\t\t\t<\/div>\n\t\t","protected":false},"excerpt":{"rendered":"<div class=\"mh-excerpt\"><p>Nach Bericht aus der bayerischen Kabinettssitzung:Kinderkirchweih, goldschl\u00e4ger nacht &amp; Co. fallen aus Nach dem Bericht aus der bayerischen Kabinettssitzung heute ergeben sich ge\u00e4nderte bzw. erweiterte Regelungen zu Veranstaltungen auch in Schwabach. Die Ausgangsbeschr\u00e4nkungen gelten weiterhin <a class=\"mh-excerpt-more\" href=\"https:\/\/www.region-schwabach.de\/wordpress\/verbot-von-grossveranstaltungen-in-schwabach-nach-kabinettsbeschluss\/\" title=\"Verbot von Gro\u00dfveranstaltungen in Schwabach nach Kabinettsbeschluss\">[&#8230;]<\/a><\/p>\n<\/div>","protected":false},"author":1,"featured_media":109926,"comment_status":"open","ping_status":"open","sticky":false,"template":"template-full.php","format":"standard","meta":{"_cbd_carousel_blocks":"[]","footnotes":""},"categories":[16,61],"tags":[12230,26,177,12246,12242,4181,12243,12245,18,4602,7308,12244,1480,4391,19,3012,3151,6431],"class_list":{"0":"post-109925","1":"post","2":"type-post","3":"status-publish","4":"format-standard","5":"has-post-thumbnail","7":"category-aktuell","8":"category-rathaus","9":"tag-16-04-2020","10":"tag-autoshow","11":"tag-buergerfest","12":"tag-goldschlaegernacht","13":"tag-grossveranstaltungen","14":"tag-hinterhoftag","15":"tag-kabinettssitzung","16":"tag-kichweihen","17":"tag-kinderkirchweih","18":"tag-kindertrempelmarkt","19":"tag-konzerte","20":"tag-open-air-musikschule","21":"tag-rathaus","22":"tag-ritmos-latinos","23":"tag-schwabach","24":"tag-stadt","25":"tag-stadt-schwabach","26":"tag-veranstaltungen"},"_links":{"self":[{"href":"https:\/\/www.region-schwabach.de\/wordpress\/wp-json\/wp\/v2\/posts\/109925","targetHints":{"allow":["GET"]}}],"collection":[{"href":"https:\/\/www.region-schwabach.de\/wordpress\/wp-json\/wp\/v2\/posts"}],"about":[{"href":"https:\/\/www.region-schwabach.de\/wordpress\/wp-json\/wp\/v2\/types\/post"}],"author":[{"embeddable":true,"href":"https:\/\/www.region-schwabach.de\/wordpress\/wp-json\/wp\/v2\/users\/1"}],"replies":[{"embeddable":true,"href":"https:\/\/www.region-schwabach.de\/wordpress\/wp-json\/wp\/v2\/comments?post=109925"}],"version-history":[{"count":0,"href":"https:\/\/www.region-schwabach.de\/wordpress\/wp-json\/wp\/v2\/posts\/109925\/revisions"}],"wp:featuredmedia":[{"embeddable":true,"href":"https:\/\/www.region-schwabach.de\/wordpress\/wp-json\/wp\/v2\/media\/109926"}],"wp:attachment":[{"href":"https:\/\/www.region-schwabach.de\/wordpress\/wp-json\/wp\/v2\/media?parent=109925"}],"wp:term":[{"taxonomy":"category","embeddable":true,"href":"https:\/\/www.region-schwabach.de\/wordpress\/wp-json\/wp\/v2\/categories?post=109925"},{"taxonomy":"post_tag","embeddable":true,"href":"https:\/\/www.region-schwabach.de\/wordpress\/wp-json\/wp\/v2\/tags?post=109925"}],"curies":[{"name":"wp","href":"https:\/\/api.w.org\/{rel}","templated":true}]}}