{"id":109976,"date":"2020-04-19T00:08:00","date_gmt":"2020-04-18T22:08:00","guid":{"rendered":"https:\/\/www.region-schwabach.de\/wordpress\/?p=109976"},"modified":"2020-04-18T20:49:09","modified_gmt":"2020-04-18T18:49:09","slug":"arbeitskreis-netzwerk-bietet-hilfe-an-unterstutzung-bei-personlichen-krisen-durch-corona","status":"publish","type":"post","link":"https:\/\/www.region-schwabach.de\/wordpress\/arbeitskreis-netzwerk-bietet-hilfe-an-unterstutzung-bei-personlichen-krisen-durch-corona\/","title":{"rendered":"Arbeitskreis Netzwerk bietet Hilfe an: Unterst\u00fctzung bei pers\u00f6nlichen Krisen durch Corona"},"content":{"rendered":"\t\t<div data-elementor-type=\"wp-post\" data-elementor-id=\"109976\" class=\"elementor elementor-109976\">\n\t\t\t\t\t\t<section class=\"elementor-section elementor-top-section elementor-element elementor-element-1cuv9jr elementor-section-boxed elementor-section-height-default elementor-section-height-default\" data-id=\"1cuv9jr\" data-element_type=\"section\">\n\t\t\t\t\t\t<div class=\"elementor-container elementor-column-gap-default\">\n\t\t\t\t\t<div class=\"elementor-column elementor-col-50 elementor-top-column elementor-element elementor-element-q5zak7b\" data-id=\"q5zak7b\" data-element_type=\"column\">\n\t\t\t<div class=\"elementor-widget-wrap elementor-element-populated\">\n\t\t\t\t\t\t<div class=\"elementor-element elementor-element-dcef279 elementor-widget elementor-widget-wp-widget-advads_ad_widget\" data-id=\"dcef279\" data-element_type=\"widget\" data-widget_type=\"wp-widget-advads_ad_widget.default\">\n\t\t\t\t<div class=\"elementor-widget-container\">\n\t\t\t<div id=\"regio-2598150881\"><div class=\"regio-adlabel\">Werbung<\/div><!-- Beginn https:\/\/www.financeads.net\/-Code --><a href=\"https:\/\/www.financeads.net\/tc.php?t=36648C195239407B\" target=\"_blank\"><img fetchpriority=\"high\" decoding=\"async\" src=\"https:\/\/www.financeads.net\/tb.php?t=36648V195239407B&https=1\" alt=\"\" border=\"0\" width=\"728\" height=\"90\"><\/a><!-- Ende https:\/\/www.financeads.net\/-Code --><\/div>\t\t<\/div>\n\t\t\t\t<\/div>\n\t\t\t\t<div class=\"elementor-element elementor-element-a4daeae elementor-widget elementor-widget-text-editor\" data-id=\"a4daeae\" data-element_type=\"widget\" data-widget_type=\"text-editor.default\">\n\t\t\t\t<div class=\"elementor-widget-container\">\n\t\t\t\t\t\t\t<h3>Hilfsangebote per E-Mail und per Telefon bei pers\u00f6nlichen Krisen<\/h3><p><span style=\"font-size: 12pt;\">Hilfsangebote per E-Mail und per Telefon bei pers\u00f6nlichen Krisen, verursacht durch den durch die Corona-Pandemie bedingten Alltag, bieten Mitarbeitende des Arbeitskreises Netzwerk.\u00a0<\/span><\/p><p><strong><span style=\"font-size: 12pt;\">In Ausnahmef\u00e4llen k\u00f6nnen nach telefonischer R\u00fccksprache auch pers\u00f6nliche Gespr\u00e4che angeboten werden.<\/span> <\/strong><\/p><p><span style=\"font-size: 12pt;\">Besonders beim Auftreten von \u00c4ngsten, Partnerschaftskonflikten, Trennungen, Trauer, Schulden, Sucht und allgemeine Lebensfragen stehen kompetente Gespr\u00e4chspartnerinnen und \u2013partner aus Beratungsstellen und Einrichtungen des psychosozialen Versorgungssystems in Schwabach zur Verf\u00fcgung. Seit \u00fcber 15 Jahren koordiniert die st\u00e4dtische Gleichstellungsbeauftrage diese Einrichtungen im sogenannten \u201eArbeitskreis Netzwerk\u201c. <\/span><\/p><table style=\"border-collapse: collapse; width: 100%;\"><tbody><tr><td style=\"width: 75.2512%; text-align: center;\" colspan=\"3\"><strong><span style=\"font-size: 12pt;\">AWO Kreisverband Mittelfranken-S\u00fcd e.V.<\/span><\/strong><\/td><\/tr><tr><td style=\"width: 28.8526%;\"><span style=\"font-size: 12pt;\">Familienpflege \/ Kur- und Erholungsma\u00dfnahmen<\/span><\/td><td style=\"width: 8.04015%;\"><span style=\"font-size: 12pt;\">Telefon:<br \/>eMail:<br \/>Intenet:<\/span><\/td><td style=\"width: 38.3585%;\"><span style=\"font-size: 12pt;\">09122 9341-910<br \/><a style=\"font-family: inherit; font-size: inherit;\" href=\"mailto:e.klein@awo-mfrs.de\" target=\"_blank\" rel=\"noopener\">e.klein@awo-mfrs.de<\/a><br \/><a href=\"http:\/\/www.awo-roth-schwabach.de\/de\/kinder-jugend-und-familie\/kuren-und-erholung\/?F=oyqetnzhgh\" target=\"_blank\" rel=\"noopener\"><span style=\"font-family: inherit; font-size: inherit;\">Homepage<\/span><\/a><\/span><\/td><\/tr><tr><td style=\"width: 28.8526%;\"><span style=\"font-size: 12pt;\">Berufsbegleitender Dienst Schwabach<br \/><\/span><\/td><td style=\"width: 8.04015%;\"><span style=\"font-size: 12pt;\">Telefon:<br \/>eMail:<br \/>Intenet:<\/span><\/td><td style=\"width: 38.3585%;\"><span style=\"font-size: 12pt;\">09122 9341-888<\/span><br \/><span style=\"font-size: 12pt;\"><a href=\"mailto:g.kittel@awo-mfrs.de\" target=\"_blank\" rel=\"noopener\">g.kittel@awo-mfrs.de<\/a><\/span><br \/><a href=\"http:\/\/www.awo-roth-schwabach.de\/nc\/de\/beratung-begleitung\/berufsbegleitender-dienst\/?sword_list[0]=berufsbegleitender&amp;amp;sword_list[1]=dienst\" target=\"_blank\" rel=\"noopener\"><span style=\"font-size: 12pt;\">Homepage<\/span><\/a><\/td><\/tr><tr><td style=\"width: 28.8526%;\"><span style=\"font-size: 12pt;\">Schuldnerberatung \/ Insolvenzberatung Schwabach<\/span><\/td><td style=\"width: 8.04015%;\"><span style=\"font-size: 12pt;\">Telefon:<br \/>eMail:<br \/>Intenet:<\/span><\/td><td style=\"width: 38.3585%;\"><span style=\"font-size: 12pt;\">09122 9341-800<\/span><br \/><span style=\"font-size: 12pt;\"><a href=\"mailto:s.albuscheit@awo-mfrs.de\" target=\"_blank\" rel=\"noopener\">s.albuscheit@awo-mfrs.de<\/a><\/span><br \/><a href=\"http:\/\/www.awo-roth-schwabach.de\/de\/beratung-begleitung\/schuldnerberatung\/\" target=\"_blank\" rel=\"noopener\"><span style=\"font-size: 12pt;\">Homepage<\/span><\/a><\/td><\/tr><tr><td style=\"width: 28.8526%;\"><span style=\"font-size: 12pt;\">Sozialpsychiatrischer Dienst<br \/><\/span><\/td><td style=\"width: 8.04015%;\"><span style=\"font-size: 12pt;\">Telefon:<br \/><span style=\"font-size: 12pt;\">eMail:<\/span><br \/><span style=\"font-size: 12pt;\">Intenet:<\/span><br \/><\/span><\/td><td style=\"width: 38.3585%;\"><span style=\"font-size: 12pt;\">09122 9341-700\u00a0<br \/><span style=\"font-size: 12pt;\"><a style=\"font-family: inherit;\" href=\"mailto:spdi.schwabach@awo-mfrs.de\" target=\"_blank\" rel=\"noopener\">spdi.schwabach@awo-mfrs.de<\/a>\u00a0<\/span><br \/><span style=\"font-size: 12pt;\"><a style=\"font-family: inherit;\" href=\"http:\/\/www.awo-roth-schwabach.de\/beratung-begleitung\/sozialpsychiatrischer-dienst\/\" target=\"_blank\" rel=\"noopener\">Homepage<\/a><\/span><br \/><\/span><\/td><\/tr><tr><td style=\"width: 28.8526%;\" colspan=\"3\">\u00a0<\/td><\/tr><tr><td style=\"width: 75.2512%; text-align: center;\" colspan=\"3\"><strong><span style=\"font-size: 12pt;\">Caritas Kreisstelle Roth,\u00a0Au\u00dfenstelle Schwabach<\/span><\/strong><\/td><\/tr><tr><td style=\"width: 28.8526%;\"><span style=\"font-size: 12pt;\">Allgemeine Sozialberatung, Schuldnerberatung, Gesetzliche Betreuungen<\/span><\/td><td style=\"width: 8.04015%;\"><span style=\"font-size: 12pt;\">Telefon:<br \/>eMail:<br \/>Intenet:<\/span><\/td><td style=\"width: 38.3585%;\"><span style=\"font-size: 12pt;\">09122 879341 <\/span><br \/><span style=\"font-size: 12pt;\"><a href=\"mailto:kreisstelle@caritas-roth.de\" target=\"_blank\" rel=\"noopener\">kreisstelle@caritas-roth.de<\/a><\/span><br \/><span style=\"font-size: 12pt;\"><a href=\"https:\/\/www.caritas.de\/startseite\" target=\"_blank\" rel=\"noopener\">Homepage<\/a><\/span><\/td><\/tr><tr><td style=\"width: 28.8526%;\" colspan=\"3\"><span style=\"font-size: 12pt;\">\u00a0<\/span><\/td><\/tr><tr><td style=\"width: 75.2512%; text-align: center;\" colspan=\"3\"><strong><span style=\"font-size: 12pt;\">Diakonie Roth-Schwabach<\/span><\/strong><\/td><\/tr><tr><td style=\"width: 28.8526%; vertical-align: top;\"><span style=\"font-size: 12pt;\">Fl\u00fcchtlings- und Integrationsberatung<\/span><\/td><td style=\"width: 8.04015%; vertical-align: top;\"><span style=\"font-size: 12pt;\">Telefon:<br \/>eMail:<br \/><br \/><br \/>Intenet:<\/span><\/td><td style=\"width: 38.3585%; vertical-align: top;\"><span style=\"font-size: 12pt;\">09122 1816446<\/span><br \/><span style=\"font-size: 12pt;\"><a href=\"mailto:constantin.zakkas@diakonie-roth-schwabach.de\" target=\"_blank\" rel=\"noopener\">constantin.zakkas@diakonie-roth-schwabach.de<\/a><\/span><br \/><span style=\"font-size: 12pt;\"><a href=\"mailto:susanne.gradner@diakonie-roth-schwabach.de\" target=\"_blank\" rel=\"noopener\">susanne.gradner@diakonie-roth-schwabach.de<\/a><\/span><br \/><span style=\"font-size: 12pt;\"><a href=\"mailto:anca.amare@diakonie-roth-schwabach.de\" target=\"_blank\" rel=\"noopener\">anca.amare@diakonie-roth-schwabach.de<\/a><\/span><br \/><span style=\"font-size: 12pt;\"><a href=\"http:\/\/www.diakonie-roth-schwabach.de\/unsere-angebote\/unterstuetzung-beratung\/migration-und-asyl\/\" target=\"_blank\" rel=\"noopener\">Homepage<\/a><\/span><\/td><\/tr><tr><td style=\"width: 28.8526%; vertical-align: top;\"><p><span style=\"font-size: 12pt;\">Projekt Wegweiser:\u00a0<\/span><br \/><span style=\"font-size: 12pt;\">Schnelle Hilfe f\u00fcr Neuzugewanderte aus der EU<\/span><\/p><span style=\"font-size: 12pt;\"><br \/><\/span><\/td><td style=\"width: 8.04015%; vertical-align: top;\"><span style=\"font-size: 12pt;\">Telefon:<br \/>eMail:<br \/>Telefon:<br \/>eMail:<br \/><\/span><\/td><td style=\"width: 38.3585%; vertical-align: top;\"><span style=\"font-size: 12pt;\">015904389186 (rum\u00e4nisch, ungarisch, deutsch)<br \/><a href=\"mailto:szidonia.kicsi@diakonie-roth-schwabach.de\" target=\"_blank\" rel=\"noopener\">szidonia.kicsi@diakonie-roth-schwabach.de<\/a><br \/>017616359009 (bulgarisch, deutsch)<br \/><a href=\"mailto:lilyana.stoyanova@diakonie-roth-schwabach.de\" target=\"_blank\" rel=\"noopener\">lilyana.stoyanova@diakonie-roth-schwabach.de<\/a><br \/><a href=\"http:\/\/www.diakonie-roth-schwabach.de\/unsere-angebote\/unterstuetzung-beratung\/migration-und-asyl\/\" target=\"_blank\" rel=\"noopener\">Homepage<\/a><br \/><\/span><\/td><\/tr><tr><td style=\"width: 28.8526%; vertical-align: top;\"><span style=\"font-size: 12pt;\">Migrationsberatung f\u00fcr erwachsene Zuwanderer<\/span><\/td><td style=\"width: 8.04015%; vertical-align: top;\"><span style=\"font-size: 12pt;\">Telefon:<br \/>eMail:<br \/>Intenet:<\/span><\/td><td style=\"width: 38.3585%; vertical-align: top;\"><span style=\"font-size: 12pt;\">09122 1816351<br \/><a href=\"mailto:christa.hoefler@diakonie-roth-schwabach.de\" target=\"_blank\" rel=\"noopener\">christa.hoefler@diakonie-roth-schwabach.de<\/a><br \/><a href=\"http:\/\/www.diakonie-roth-schwabach.de\/unsere-angebote\/unterstuetzung-beratung\/migration-und-asyl\/\" target=\"_blank\" rel=\"noopener\">Homepage<\/a><br \/><\/span><\/td><\/tr><tr><td style=\"width: 28.8526%; vertical-align: top;\"><span style=\"font-size: 12pt;\">Suchtberatungsstelle <br \/><\/span><\/td><td style=\"width: 8.04015%; vertical-align: top;\"><span style=\"font-size: 12pt;\">Telefon:<br \/>eMail:<br \/>Intenet:<\/span><\/td><td style=\"width: 38.3585%; vertical-align: top;\"><span style=\"font-size: 12pt;\">09171 9627-0<br \/><a href=\"mailto:suchtberatung@diakonie-roth-schwabach.de\" target=\"_blank\" rel=\"noopener\">suchtberatung@diakonie-roth-schwabach.de<\/a><br \/><a href=\"http:\/\/www.suchtberatung-roth-schwabach.de\/\" target=\"_blank\" rel=\"noopener\">Homepage<\/a><br \/><\/span><\/td><\/tr><tr><td style=\"width: 28.8526%; vertical-align: top;\"><span style=\"font-size: 12pt;\">Betreutes Wohnen f\u00fcr Suchtkranke IMPULS<br \/><\/span><\/td><td style=\"width: 8.04015%; vertical-align: top;\"><span style=\"font-size: 12pt;\">Telefon:<br \/>eMail:<br \/>Intenet:<\/span><\/td><td style=\"width: 38.3585%; vertical-align: top;\"><span style=\"font-size: 12pt;\">09122 9256-362<br \/><a href=\"mailto:suchtberatung@diakonie-roth-schwabach.de\" target=\"_blank\" rel=\"noopener\">suchtberatung@diakonie-roth-schwabach.de<\/a><br \/><a href=\"http:\/\/www.suchtberatung-roth-schwabach.de\/\" target=\"_blank\" rel=\"noopener\">Homepage<\/a><br \/><\/span><\/td><\/tr><tr><td style=\"width: 28.8526%; vertical-align: top;\"><span style=\"font-size: 12pt;\">Kirchliche Allgemeine Sozialarbeit (KASA)<\/span><br \/><span style=\"font-size: 12pt;\">Familienpatenprojekt<\/span><br \/><span style=\"font-size: 12pt;\">Betreuungsverein<\/span><\/td><td style=\"width: 8.04015%; vertical-align: top;\"><span style=\"font-size: 12pt;\">Telefon:<br \/>eMail:<br \/>Intenet:<\/span><\/td><td style=\"width: 38.3585%; vertical-align: top;\"><span style=\"font-size: 12pt;\">09122 9256 &#8211; 335<br \/><a href=\"mailto:kasa@diakonie-roth-schwabach.de\">kasa@diakonie-roth-schwabach.de<\/a><br \/><a href=\"http:\/\/www.diakonie-roth-schwabach.de\/unsere-angebote\/unterstuetzung-beratung\/kasa\/\" target=\"_blank\" rel=\"noopener\">Homepage<\/a><\/span><\/td><\/tr><tr><td style=\"width: 28.8526%; vertical-align: top;\" colspan=\"3\"><span style=\"font-size: 12pt;\">\u00a0<\/span><\/td><\/tr><tr><td style=\"width: 28.8526%; vertical-align: top; text-align: center;\" colspan=\"3\"><strong><span style=\"font-size: 12pt;\">DONUM VITAE in Bayern e.V.<\/span><\/strong><\/td><\/tr><tr><td style=\"width: 28.8526%; vertical-align: top;\"><span style=\"font-size: 12pt;\">Schwangerenberatung<\/span><\/td><td style=\"width: 8.04015%; vertical-align: top;\"><span style=\"font-size: 12pt;\">Telefon:<br \/>eMail:<br \/>Intenet:<\/span><\/td><td style=\"width: 38.3585%; vertical-align: top;\"><span style=\"font-size: 12pt;\">0911 9928400<br \/><a href=\"mailto:nuernberg@donum-vitae-bayern.de\" target=\"_blank\" rel=\"noopener\">nuernberg@donum-vitae-bayern.de<\/a><br \/><a href=\"https:\/\/nuernberg.donum-vitae-bayern.de\/beratung-hilfe\/allgemeine-schwangerenberatung\" target=\"_blank\" rel=\"noopener\">Homepage<\/a><\/span><\/td><\/tr><tr><td style=\"width: 28.8526%; vertical-align: top;\" colspan=\"3\"><span style=\"font-size: 12pt;\">\u00a0<\/span><\/td><\/tr><tr><td style=\"width: 28.8526%; vertical-align: top; text-align: center;\" colspan=\"3\"><strong><span style=\"font-size: 12pt;\">Erziehungs- und Familienberatungsstelle Roth-Schwabach<\/span><\/strong><\/td><\/tr><tr><td style=\"width: 28.8526%; vertical-align: top;\">\u00a0<\/td><td style=\"width: 8.04015%; vertical-align: top;\"><span style=\"font-size: 12pt;\">Telefon:<br \/>eMail:<br \/>Intenet:<\/span><\/td><td style=\"width: 38.3585%; vertical-align: top;\"><span style=\"font-size: 12pt;\">09122 92500 <br \/>\u00fcber die Homepage<br \/><a href=\"http:\/\/www.roth-schwabach-efl.lagbw.net\/\" target=\"_blank\" rel=\"noopener\">Homepage<\/a><\/span><\/td><\/tr><tr><td style=\"width: 28.8526%; vertical-align: top;\" colspan=\"3\"><span style=\"font-size: 12pt;\">\u00a0<\/span><\/td><\/tr><tr><td style=\"width: 28.8526%; vertical-align: top; text-align: center;\" colspan=\"3\"><strong><span style=\"font-size: 12pt;\">EUTB- erg\u00e4nzende unabh\u00e4ngige Teilhabeberatung Mittelfranken \u2013S\u00fcd<\/span><\/strong><\/td><\/tr><tr><td style=\"width: 28.8526%; vertical-align: top;\">\u00a0<\/td><td style=\"width: 8.04015%; vertical-align: top;\"><span style=\"font-size: 12pt;\">Telefon:<br \/>eMail:<br \/>Intenet:<\/span><\/td><td style=\"width: 38.3585%; vertical-align: top;\"><span style=\"font-size: 12pt;\">09171 9664-46<br \/><a href=\"mailto:j.linnert@eutb-mfrs.de\" target=\"_blank\" rel=\"noopener\">j.linnert@eutb-mfrs.de<\/a><br \/><a href=\"http:\/\/www.eutb-mfrs.de\/\" target=\"_blank\" rel=\"noopener\">Homepage<\/a><\/span><\/td><\/tr><tr><td style=\"width: 28.8526%; vertical-align: top;\" colspan=\"3\"><span style=\"font-size: 12pt;\">\u00a0<\/span><\/td><\/tr><tr><td style=\"width: 28.8526%; vertical-align: top; text-align: center;\" colspan=\"3\"><strong><span style=\"font-size: 12pt;\">Frauenhaus Schwabach<\/span><\/strong><\/td><\/tr><tr><td style=\"width: 28.8526%; vertical-align: top;\"><span style=\"font-size: 12pt;\">Beratung und Hilfe bei h\u00e4uslicher Gewalt<\/span><\/td><td style=\"width: 8.04015%; vertical-align: top;\"><span style=\"font-size: 12pt;\">Telefon:<br \/>eMail:<br \/>Intenet:<\/span><\/td><td style=\"width: 38.3585%; vertical-align: top;\"><span style=\"font-size: 12pt;\">09122 982080<\/span><br \/><span style=\"font-size: 12pt;\"><a href=\"mailto:info@frauenhaus-schwabach.de\" target=\"_blank\" rel=\"noopener\">info@frauenhaus-schwabach.de<\/a><\/span><br \/><span style=\"font-size: 12pt;\"><a href=\"http:\/\/www.frauenhaus-schwabach.de\/\" target=\"_blank\" rel=\"noopener\">Homepage<\/a><\/span><\/td><\/tr><tr><td style=\"width: 28.8526%; vertical-align: top;\" colspan=\"3\"><span style=\"font-size: 12pt;\">\u00a0<\/span><\/td><\/tr><tr><td style=\"width: 28.8526%; vertical-align: top; text-align: center;\" colspan=\"3\"><strong><span style=\"font-size: 12pt;\">GEWOBAU der Stadt Schwabach GmbH<\/span><\/strong><\/td><\/tr><tr><td style=\"width: 28.8526%; vertical-align: top;\"><span style=\"font-size: 12pt;\">Wohnberatung und Seniorenservice &amp; Sorgentelefon <\/span><\/td><td style=\"width: 8.04015%; vertical-align: top;\"><span style=\"font-size: 12pt;\">Telefon:<br \/>eMail:<br \/>Intenet:<\/span><\/td><td style=\"width: 38.3585%; vertical-align: top;\"><span style=\"font-size: 12pt;\">09122 9259-58<\/span><br \/><span style=\"font-size: 12pt;\"><a href=\"mailto:thamm@gewobau-schwabach.de\" target=\"_blank\" rel=\"noopener\">thamm@gewobau-schwabach.de<\/a><\/span><br \/><span style=\"font-size: 12pt;\"><a href=\"https:\/\/www.gewobau-schwabach.de\/\" target=\"_blank\" rel=\"noopener\">Homepage<\/a><\/span><\/td><\/tr><tr><td style=\"width: 28.8526%; vertical-align: top;\" colspan=\"3\"><span style=\"font-size: 12pt;\">\u00a0<\/span><\/td><\/tr><tr><td style=\"width: 28.8526%; vertical-align: top; text-align: center;\" colspan=\"3\"><strong><span style=\"font-size: 12pt;\">Krisendienst Mittelfranken<br \/><\/span><\/strong><span style=\"font-size: 12pt;\">Online-Beratung unter: <\/span><span style=\"font-size: 12pt;\"><a href=\"http:\/\/www.krisendienst-beratung.de\/\" target=\"_blank\" rel=\"noopener\">www.krisendienst-beratung.de<\/a><\/span><\/td><\/tr><tr><td style=\"width: 28.8526%; vertical-align: top;\"><span style=\"font-size: 12pt;\">Hilfe f\u00fcr Menschen in seelischen Notlagen<\/span><\/td><td style=\"width: 8.04015%; vertical-align: top;\"><span style=\"font-size: 12pt;\">Telefon:<br \/>eMail:<br \/>Intenet:<\/span><\/td><td style=\"width: 38.3585%; vertical-align: top;\"><span style=\"font-size: 12pt;\"><span class=\"lrzxr\">0911 4248550<br \/><a href=\"mailto:info@krisendienst-mittelfranken.de\" target=\"_blank\" rel=\"noopener\">info@krisendienst-mittelfranken.de<\/a><br \/><a href=\"https:\/\/krisendienst-mittelfranken.de\/\" target=\"_blank\" rel=\"noopener\">Homepage<\/a><\/span><\/span><\/td><\/tr><tr><td style=\"width: 28.8526%; vertical-align: top;\"><span style=\"font-size: 12pt;\">Krisenhilfe in russischer Sprache<br \/><\/span><\/td><td style=\"width: 8.04015%; vertical-align: top;\"><span style=\"font-size: 12pt;\">Telefon:<br \/>eMail:<br \/>Intenet:<\/span><\/td><td style=\"width: 38.3585%; vertical-align: top;\"><span style=\"font-size: 12pt;\"><span class=\"lrzxr\">0911 42485520<br \/><a href=\"mailto:info@krisendienst-mittelfranken.de\" target=\"_blank\" rel=\"noopener\">info@krisendienst-mittelfranken.de<\/a><br \/><a href=\"https:\/\/krisendienst-mittelfranken.de\/\" target=\"_blank\" rel=\"noopener\">Homepage<\/a><br \/><\/span><\/span><\/td><\/tr><tr><td style=\"width: 28.8526%; vertical-align: top;\"><span style=\"font-size: 12pt;\">Krisenhilfe in t\u00fcrkischer Sprache<br \/><\/span><\/td><td style=\"width: 8.04015%; vertical-align: top;\"><span style=\"font-size: 12pt;\">Telefon:<br \/>eMail:<br \/>Intenet:<\/span><\/td><td style=\"width: 38.3585%; vertical-align: top;\"><span style=\"font-size: 12pt;\"><span class=\"lrzxr\">0911 42485560<br \/><a href=\"mailto:info@krisendienst-mittelfranken.de\" target=\"_blank\" rel=\"noopener\">info@krisendienst-mittelfranken.de<\/a><br \/><a href=\"https:\/\/krisendienst-mittelfranken.de\/\" target=\"_blank\" rel=\"noopener\">Homepage<\/a><br \/><\/span><\/span><\/td><\/tr><tr><td style=\"width: 28.8526%; vertical-align: top;\" colspan=\"3\"><span style=\"font-size: 12pt;\"><span class=\"lrzxr\">\u00a0<\/span><\/span><\/td><\/tr><tr><td style=\"width: 28.8526%; vertical-align: top; text-align: center;\" colspan=\"3\"><strong><span style=\"font-size: 12pt;\">Pflegest\u00fctzpunkt Schwabach<\/span><\/strong><\/td><\/tr><tr><td style=\"width: 28.8526%; vertical-align: top;\"><span style=\"font-size: 12pt;\">Fachstelle f\u00fcr pflegende Angeh\u00f6rige &amp; Sorgentelefon <\/span><\/td><td style=\"width: 8.04015%; vertical-align: top;\"><span style=\"font-size: 12pt;\">Telefon:<br \/>eMail:<br \/>Intenet:<\/span><\/td><td style=\"width: 38.3585%; vertical-align: top;\"><span style=\"font-size: 12pt;\"><span class=\"lrzxr\">09122 860-595<br \/><a href=\"mailto:pflegestuetzpunkt@schwabach.de\" target=\"_blank\" rel=\"noopener\">pflegestuetzpunkt@schwabach.de<\/a><br \/><a href=\"https:\/\/www.schwabach.de\/de\/stadtverwaltung\/referat-2-recht-soziales-und-umwelt\/547-amt-fuer-senioren-und-soziales\/551-einrichtungen-und-sachgebiete-des-amts-fuer-senioren-und-soziales\/483-pflegestuetzpunkt-schwabach\/720-pflegestuetzpunkt-schwabach.html\" target=\"_blank\" rel=\"noopener\">Homepage<\/a><\/span><\/span><\/td><\/tr><tr><td style=\"width: 28.8526%; vertical-align: top;\" colspan=\"3\"><span style=\"font-size: 12pt;\"><span class=\"lrzxr\">\u00a0<\/span><\/span><\/td><\/tr><tr><td style=\"width: 28.8526%; vertical-align: top; text-align: center;\" colspan=\"3\"><strong><span style=\"font-size: 12pt;\"><span class=\"lrzxr\">Psychologische Beratungsstelle f\u00fcr Ehe-, Familien- und Lebensberatung der Di\u00f6zese Eichst\u00e4tt (Kd\u00f6R)<\/span><\/span><\/strong><\/td><\/tr><tr><td style=\"width: 28.8526%; vertical-align: top;\"><span style=\"font-size: 12pt;\">\u00a0<\/span><\/td><td style=\"width: 8.04015%; vertical-align: top;\"><span style=\"font-size: 12pt;\">Telefon:<br \/>eMail:<br \/>Intenet:<\/span><\/td><td style=\"width: 38.3585%; vertical-align: top;\"><span style=\"font-size: 12pt;\"><span class=\"lrzxr\">09122 6313833<br \/><a href=\"mailto:Efl.schwabach@bistum-eichst\u00e4tt.de\" target=\"_blank\" rel=\"noopener\">Efl.schwabach@bistum-eichst\u00e4tt.de<\/a><br \/><a href=\"https:\/\/www.bistum-eichstaett.de\/ehe-familien-und-lebensberatung\/schwabach\/\" target=\"_blank\" rel=\"noopener\">Homepage<\/a><\/span><\/span><\/td><\/tr><tr><td style=\"width: 28.8526%; vertical-align: top;\" colspan=\"3\"><span style=\"font-size: 12pt;\"><span class=\"lrzxr\">\u00a0<\/span><\/span><\/td><\/tr><tr><td style=\"width: 28.8526%; vertical-align: top; text-align: center;\" colspan=\"3\"><strong><span style=\"font-size: 12pt;\">Stadt Schwabach<\/span><\/strong><\/td><\/tr><tr><td style=\"width: 28.8526%; vertical-align: top;\"><span style=\"font-size: 12pt;\">Erzieherische Hilfen<\/span><br \/><span style=\"font-size: 12pt;\">Gef\u00e4hrdung von Kindern<\/span><\/td><td style=\"width: 8.04015%; vertical-align: top;\"><span style=\"font-size: 12pt;\">Telefon:<br \/>eMail:<br \/>Intenet:<\/span><\/td><td style=\"width: 38.3585%; vertical-align: top;\"><span style=\"font-size: 12pt;\"><span class=\"lrzxr\">09122 860-364<br \/><a href=\"mailto:jugendamt@schwabach.de\" target=\"_blank\" rel=\"noopener\">jugendamt@schwabach.de<\/a><br \/><a href=\"https:\/\/www.schwabach.de\/de\/zuhause-in-schwabach\/familien\/familienunterstuetzung.html\" target=\"_blank\" rel=\"noopener\">Homepage<\/a><\/span><\/span><\/td><\/tr><tr><td style=\"width: 28.8526%; vertical-align: top;\"><span style=\"font-size: 12pt;\">Erzieherische Hilfen im Jugendbereich<\/span><\/td><td style=\"width: 8.04015%; vertical-align: top;\"><span style=\"font-size: 12pt;\">Telefon:<br \/>eMail:<br \/>Intenet:<\/span><\/td><td style=\"width: 38.3585%; vertical-align: top;\"><span style=\"font-size: 12pt;\"><span class=\"lrzxr\">09122 860-467<br \/><a href=\"mailto:jugendamt@schwabach.de\" target=\"_blank\" rel=\"noopener\">jugendamt@schwabach.de<\/a><br \/><a href=\"https:\/\/www.schwabach.de\/de\/zuhause-in-schwabach\/familien\/familienunterstuetzung.html\" target=\"_blank\" rel=\"noopener\">Homepage<\/a><br \/><\/span><\/span><\/td><\/tr><tr><td style=\"width: 28.8526%; vertical-align: top;\"><span style=\"font-size: 12pt;\">KITA-Geb\u00fchren\u00fcbernahme und Tagespflege<\/span><\/td><td style=\"width: 8.04015%; vertical-align: top;\"><span style=\"font-size: 12pt;\">Telefon:<br \/>eMail:<br \/>Intenet:<\/span><\/td><td style=\"width: 38.3585%; vertical-align: top;\"><span style=\"font-size: 12pt;\"><span class=\"lrzxr\">09122 860-406<br \/><a href=\"mailto:jugendhilfeverwaltung@schwabach.de\" target=\"_blank\" rel=\"noopener\">jugendhilfeverwaltung@schwabach.de<\/a><br \/><a href=\"https:\/\/www.schwabach.de\/de\/stadtverwaltung\/referat-2-recht-soziales-und-umwelt\/156-amt-fuer-jugend-und-familie\/160-einrichtungen-und-sachgebiete-vom-amt-fuer-jugend-und-familie\/401-jugendhilfeverwaltung\/1834-wirtschaftliche-jugendhilfe.html\" target=\"_blank\" rel=\"noopener\">Homepage<\/a><\/span><\/span><\/td><\/tr><tr><td style=\"width: 28.8526%; vertical-align: top;\"><span style=\"font-size: 12pt;\">Unterhaltsvorschuss<\/span><\/td><td style=\"width: 8.04015%; vertical-align: top;\"><span style=\"font-size: 12pt;\">Telefon:<br \/>eMail:<br \/>Intenet:<\/span><\/td><td style=\"width: 38.3585%; vertical-align: top;\"><span style=\"font-size: 12pt;\"><span class=\"lrzxr\">09122 860-203<br \/><a href=\"mailto:jugendhilfeverwaltung@schwabach.de\" target=\"_blank\" rel=\"noopener\">jugendhilfeverwaltung@schwabach.de<\/a><br \/><a href=\"https:\/\/www.schwabach.de\/de\/stadtverwaltung\/referat-2-recht-soziales-und-umwelt\/156-amt-fuer-jugend-und-familie\/160-einrichtungen-und-sachgebiete-vom-amt-fuer-jugend-und-familie\/401-jugendhilfeverwaltung\/1846-unterhaltsvorschussgesetz.html\" target=\"_blank\" rel=\"noopener\">Homepage<\/a><\/span><\/span><\/td><\/tr><tr><td style=\"width: 28.8526%; vertical-align: top;\"><span style=\"font-size: 12pt;\">Beistandschaften \/ Vormundschaften<\/span><\/td><td style=\"width: 8.04015%; vertical-align: top;\"><span style=\"font-size: 12pt;\">Telefon:<br \/>eMail:<br \/>Intenet:<\/span><\/td><td style=\"width: 38.3585%; vertical-align: top;\"><span style=\"font-size: 12pt;\"><span class=\"lrzxr\">09122 860-256<br \/><a href=\"mailto:jugendhilfeverwaltung@schwabach.de\" target=\"_blank\" rel=\"noopener\">jugendhilfeverwaltung@schwabach.de<\/a><br \/><a href=\"https:\/\/www.schwabach.de\/de\/stadtverwaltung\/referat-2-recht-soziales-und-umwelt\/156-amt-fuer-jugend-und-familie\/160-einrichtungen-und-sachgebiete-vom-amt-fuer-jugend-und-familie\/401-jugendhilfeverwaltung\/1841-vormundschaften-pflegschaften-beistandschaften.html\" target=\"_blank\" rel=\"noopener\">Homepage<\/a><\/span><\/span><\/td><\/tr><tr><td style=\"width: 28.8526%; vertical-align: top;\"><span style=\"font-size: 12pt;\">Wirtschaftliche Jugendhilfe<\/span><\/td><td style=\"width: 8.04015%; vertical-align: top;\"><span style=\"font-size: 12pt;\">Telefon:<br \/>eMail:<br \/>Intenet:<\/span><\/td><td style=\"width: 38.3585%; vertical-align: top;\"><span style=\"font-size: 12pt;\"><span class=\"lrzxr\">09122 860-428<br \/><a href=\"mailto:jugendhilfeverwaltung@schwabach.de\" target=\"_blank\" rel=\"noopener\">jugendhilfeverwaltung@schwabach.de<\/a><br \/><a href=\"https:\/\/www.schwabach.de\/de\/stadtverwaltung\/referat-2-recht-soziales-und-umwelt\/156-amt-fuer-jugend-und-familie\/160-einrichtungen-und-sachgebiete-vom-amt-fuer-jugend-und-familie\/401-jugendhilfeverwaltung\/1834-wirtschaftliche-jugendhilfe.html\" target=\"_blank\" rel=\"noopener\">Homepage<\/a><\/span><\/span><\/td><\/tr><tr><td style=\"width: 28.8526%; vertical-align: top;\"><span style=\"font-size: 12pt;\">Kommunale Jugendarbeit<\/span><\/td><td style=\"width: 8.04015%; vertical-align: top;\"><span style=\"font-size: 12pt;\">Telefon:<br \/>eMail:<br \/>Intenet:<\/span><\/td><td style=\"width: 38.3585%; vertical-align: top;\"><span style=\"font-size: 12pt;\"><span class=\"lrzxr\">09122 860-368<br \/><a href=\"mailto:kommunale-jugendarbeit@schwabach.de\" target=\"_blank\" rel=\"noopener\">kommunale-jugendarbeit@schwabach.de<\/a><br \/><a href=\"https:\/\/www.schwabach.de\/de\/zuhause-in-schwabach\/jung-in-schwabach\/kommunale-jugendarbeit.html\" target=\"_blank\" rel=\"noopener\">Homepage<\/a><\/span><\/span><\/td><\/tr><tr><td style=\"width: 28.8526%; vertical-align: top;\"><span style=\"font-size: 12pt;\">Kindergartenverwaltung<\/span><\/td><td style=\"width: 8.04015%; vertical-align: top;\"><span style=\"font-size: 12pt;\">Telefon:<br \/>eMail:<br \/>Intenet:<\/span><\/td><td style=\"width: 38.3585%; vertical-align: top;\"><span style=\"font-size: 12pt;\"><span class=\"lrzxr\">09122 860-332<br \/><a href=\"mailto:kindergartenverwaltung@schwabach.de\" target=\"_blank\" rel=\"noopener\">kindergartenverwaltung@schwabach.de<\/a><br \/><a href=\"https:\/\/www.schwabach.de\/de\/stadtverwaltung\/referat-2-recht-soziales-und-umwelt\/156-amt-fuer-jugend-und-familie\/160-einrichtungen-und-sachgebiete-vom-amt-fuer-jugend-und-familie\/224-kindergartenverwaltung\/2552-kindergartenverwaltung.html\" target=\"_blank\" rel=\"noopener\">Homepage<\/a><\/span><\/span><\/td><\/tr><tr><td style=\"width: 28.8526%; vertical-align: top;\"><span style=\"font-size: 12pt;\">Servicestelle Kindertagesbetreuung<\/span><\/td><td style=\"width: 8.04015%; vertical-align: top;\"><span style=\"font-size: 12pt;\">Telefon:<br \/>eMail:<br \/>Intenet:<\/span><\/td><td style=\"width: 38.3585%; vertical-align: top;\"><span style=\"font-size: 12pt;\"><span class=\"lrzxr\">09122 860-335<br \/><a href=\"mailto:servicestelle-kinderbetreuung@schwabach.de\" target=\"_blank\" rel=\"noopener\">servicestelle-kinderbetreuung@schwabach.de<\/a><br \/><a href=\"https:\/\/www.schwabach.de\/de\/stadtverwaltung\/referat-2-recht-soziales-und-umwelt\/156-amt-fuer-jugend-und-familie\/160-einrichtungen-und-sachgebiete-vom-amt-fuer-jugend-und-familie\/7180-servicestelle-kindertagesbetreuung.html\" target=\"_blank\" rel=\"noopener\">Homepage<\/a><\/span><\/span><\/td><\/tr><tr><td style=\"width: 28.8526%; vertical-align: top;\"><span style=\"font-size: 12pt;\">Gleichstellungsstelle &amp; Inklusion<\/span><\/td><td style=\"width: 8.04015%; vertical-align: top;\"><span style=\"font-size: 12pt;\">Telefon:<br \/>eMail:<br \/>Intenet:<\/span><\/td><td style=\"width: 38.3585%; vertical-align: top;\"><span style=\"font-size: 12pt;\"><span class=\"lrzxr\">09122 860-279 <br \/><a href=\"mailto:gleichstellungsstelle@schwabach.de\" target=\"_blank\" rel=\"noopener\">gleichstellungsstelle@schwabach.de<\/a><br \/><a href=\"https:\/\/www.schwabach.de\/de\/zuhause-in-schwabach\/soziales\/gleichstellung.html\" target=\"_blank\" rel=\"noopener\">Homepage<\/a><\/span><\/span><\/td><\/tr><\/tbody><\/table><p>\u00a0<\/p>\t\t\t\t\t\t<\/div>\n\t\t\t\t<\/div>\n\t\t\t\t<div class=\"elementor-element elementor-element-ace1283 elementor-widget-divider--view-line elementor-widget elementor-widget-divider\" data-id=\"ace1283\" data-element_type=\"widget\" data-widget_type=\"divider.default\">\n\t\t\t\t<div class=\"elementor-widget-container\">\n\t\t\t\t\t<div class=\"elementor-divider\">\n\t\t\t<span class=\"elementor-divider-separator\">\n\t\t\t\t\t\t<\/span>\n\t\t<\/div>\n\t\t\t\t<\/div>\n\t\t\t\t<\/div>\n\t\t\t\t<div class=\"elementor-element elementor-element-ac34ac3 elementor-widget elementor-widget-google_maps\" data-id=\"ac34ac3\" data-element_type=\"widget\" data-widget_type=\"google_maps.default\">\n\t\t\t\t<div class=\"elementor-widget-container\">\n\t\t\t\t\t<div class=\"elementor-custom-embed\">\n\t\t\t<iframe loading=\"lazy\"\n\t\t\t\t\tsrc=\"https:\/\/maps.google.com\/maps?q=Schwabach%2C%20Deutschland&#038;t=m&#038;z=15&#038;output=embed&#038;iwloc=near\"\n\t\t\t\t\ttitle=\"Schwabach, Deutschland\"\n\t\t\t\t\taria-label=\"Schwabach, Deutschland\"\n\t\t\t><\/iframe>\n\t\t<\/div>\n\t\t\t\t<\/div>\n\t\t\t\t<\/div>\n\t\t\t\t\t<\/div>\n\t\t<\/div>\n\t\t\t\t<div class=\"elementor-column elementor-col-50 elementor-top-column elementor-element elementor-element-06d28a1\" data-id=\"06d28a1\" data-element_type=\"column\">\n\t\t\t<div class=\"elementor-widget-wrap elementor-element-populated\">\n\t\t\t\t\t\t<div class=\"elementor-element elementor-element-5539bc6 elementor-widget elementor-widget-heading\" data-id=\"5539bc6\" data-element_type=\"widget\" data-widget_type=\"heading.default\">\n\t\t\t\t<div class=\"elementor-widget-container\">\n\t\t\t<h3 class=\"elementor-heading-title elementor-size-default\">Schnell vergleichen und sparen!<\/h3>\t\t<\/div>\n\t\t\t\t<\/div>\n\t\t\t\t<div class=\"elementor-element elementor-element-ab0991f elementor-widget elementor-widget-wp-widget-advads_ad_widget\" data-id=\"ab0991f\" data-element_type=\"widget\" data-widget_type=\"wp-widget-advads_ad_widget.default\">\n\t\t\t\t<div class=\"elementor-widget-container\">\n\t\t\t<div id=\"regio-2944200575\"><div class=\"regio-adlabel\">Werbung<\/div><!-- Beginn https:\/\/www.financeads.net\/-Code --><a href=\"https:\/\/www.financeads.net\/tc.php?t=36648C236142529B\" target=\"_blank\"><img decoding=\"async\" src=\"https:\/\/www.financeads.net\/tb.php?t=36648V236142529B&https=1\" alt=\"\" border=\"0\" width=\"300\" height=\"250\"><\/a><!-- Ende https:\/\/www.financeads.net\/-Code --><\/div>\t\t<\/div>\n\t\t\t\t<\/div>\n\t\t\t\t<div class=\"elementor-element elementor-element-fd89b80 elementor-widget elementor-widget-wp-widget-advads_ad_widget\" data-id=\"fd89b80\" data-element_type=\"widget\" data-widget_type=\"wp-widget-advads_ad_widget.default\">\n\t\t\t\t<div class=\"elementor-widget-container\">\n\t\t\t<div id=\"regio-1798216433\"><div class=\"regio-adlabel\">Werbung<\/div><!-- Beginn https:\/\/www.financeads.net\/-Code --><a href=\"https:\/\/www.financeads.net\/tc.php?t=36648C42614510B\" target=\"_blank\"><img decoding=\"async\" src=\"https:\/\/www.financeads.net\/tb.php?t=36648V42614510B&https=1\" alt=\"\" border=\"0\" width=\"200\" height=\"300\"><\/a><!-- Ende https:\/\/www.financeads.net\/-Code --><\/div>\t\t<\/div>\n\t\t\t\t<\/div>\n\t\t\t\t<div class=\"elementor-element elementor-element-cafeb33 elementor-widget elementor-widget-wp-widget-advads_ad_widget\" data-id=\"cafeb33\" data-element_type=\"widget\" data-widget_type=\"wp-widget-advads_ad_widget.default\">\n\t\t\t\t<div class=\"elementor-widget-container\">\n\t\t\t<div id=\"regio-1288001888\"><div class=\"regio-adlabel\">Werbung<\/div><!-- Beginn https:\/\/www.financeads.net\/-Code --><a href=\"https:\/\/www.financeads.net\/tc.php?t=36648C205040072B\" target=\"_blank\"><img loading=\"lazy\" decoding=\"async\" src=\"https:\/\/www.financeads.net\/tb.php?t=36648V205040072B&https=1\" alt=\"\" border=\"0\" width=\"300\" height=\"250\"><\/a><!-- Ende https:\/\/www.financeads.net\/-Code --><\/div>\t\t<\/div>\n\t\t\t\t<\/div>\n\t\t\t\t<div class=\"elementor-element elementor-element-0205306 elementor-widget elementor-widget-wp-widget-advads_ad_widget\" data-id=\"0205306\" data-element_type=\"widget\" data-widget_type=\"wp-widget-advads_ad_widget.default\">\n\t\t\t\t<div class=\"elementor-widget-container\">\n\t\t\t<div id=\"regio-2791786336\"><div class=\"regio-adlabel\">Werbung<\/div><!-- Beginn https:\/\/www.financeads.net\/-Code --><a href=\"https:\/\/www.financeads.net\/tc.php?t=36648C271460142B\" target=\"_blank\"><img loading=\"lazy\" decoding=\"async\" src=\"https:\/\/www.financeads.net\/tb.php?t=36648V271460142B&https=1\" alt=\"PETPROTECT_Hund&Katze_Banner\" border=\"0\" width=\"250\" height=\"250\"><\/a><!-- Ende https:\/\/www.financeads.net\/-Code --><\/div>\t\t<\/div>\n\t\t\t\t<\/div>\n\t\t\t\t\t<\/div>\n\t\t<\/div>\n\t\t\t\t\t<\/div>\n\t\t<\/section>\n\t\t\t\t<\/div>\n\t\t","protected":false},"excerpt":{"rendered":"<div class=\"mh-excerpt\"><p>Hilfsangebote per E-Mail und per Telefon bei pers\u00f6nlichen Krisen Hilfsangebote per E-Mail und per Telefon bei pers\u00f6nlichen Krisen, verursacht durch den durch die Corona-Pandemie bedingten Alltag, bieten Mitarbeitende des Arbeitskreises Netzwerk.&nbsp; In Ausnahmef\u00e4llen k\u00f6nnen nach <a class=\"mh-excerpt-more\" href=\"https:\/\/www.region-schwabach.de\/wordpress\/arbeitskreis-netzwerk-bietet-hilfe-an-unterstutzung-bei-personlichen-krisen-durch-corona\/\" title=\"Arbeitskreis Netzwerk bietet Hilfe an: Unterst\u00fctzung bei pers\u00f6nlichen Krisen durch Corona\">[&#8230;]<\/a><\/p>\n<\/div>","protected":false},"author":1,"featured_media":109977,"comment_status":"open","ping_status":"open","sticky":false,"template":"","format":"standard","meta":{"_cbd_carousel_blocks":"[]","footnotes":""},"categories":[16],"tags":[12191,12271,12265,12263,12084,4730,12248,12085,12262,12266,12264,1480,12269,19,3012,3151,12270,1217,12268,12267],"class_list":{"0":"post-109976","1":"post","2":"type-post","3":"status-publish","4":"format-standard","5":"has-post-thumbnail","7":"category-aktuell","8":"tag-08-04-2020","9":"tag-allgemeine-lebensfragen","10":"tag-aengste","11":"tag-arbeitskreis","12":"tag-corona","13":"tag-email","14":"tag-hilfsangebot","15":"tag-krise","16":"tag-netzwerk","17":"tag-partnerschaftskonflikte","18":"tag-persoenliches-gespraech","19":"tag-rathaus","20":"tag-schulden","21":"tag-schwabach","22":"tag-stadt","23":"tag-stadt-schwabach","24":"tag-sucht","25":"tag-telefon","26":"tag-trauer","27":"tag-trennungen"},"_links":{"self":[{"href":"https:\/\/www.region-schwabach.de\/wordpress\/wp-json\/wp\/v2\/posts\/109976","targetHints":{"allow":["GET"]}}],"collection":[{"href":"https:\/\/www.region-schwabach.de\/wordpress\/wp-json\/wp\/v2\/posts"}],"about":[{"href":"https:\/\/www.region-schwabach.de\/wordpress\/wp-json\/wp\/v2\/types\/post"}],"author":[{"embeddable":true,"href":"https:\/\/www.region-schwabach.de\/wordpress\/wp-json\/wp\/v2\/users\/1"}],"replies":[{"embeddable":true,"href":"https:\/\/www.region-schwabach.de\/wordpress\/wp-json\/wp\/v2\/comments?post=109976"}],"version-history":[{"count":0,"href":"https:\/\/www.region-schwabach.de\/wordpress\/wp-json\/wp\/v2\/posts\/109976\/revisions"}],"wp:featuredmedia":[{"embeddable":true,"href":"https:\/\/www.region-schwabach.de\/wordpress\/wp-json\/wp\/v2\/media\/109977"}],"wp:attachment":[{"href":"https:\/\/www.region-schwabach.de\/wordpress\/wp-json\/wp\/v2\/media?parent=109976"}],"wp:term":[{"taxonomy":"category","embeddable":true,"href":"https:\/\/www.region-schwabach.de\/wordpress\/wp-json\/wp\/v2\/categories?post=109976"},{"taxonomy":"post_tag","embeddable":true,"href":"https:\/\/www.region-schwabach.de\/wordpress\/wp-json\/wp\/v2\/tags?post=109976"}],"curies":[{"name":"wp","href":"https:\/\/api.w.org\/{rel}","templated":true}]}}