{"id":110039,"date":"2020-04-20T00:05:56","date_gmt":"2020-04-19T22:05:56","guid":{"rendered":"https:\/\/www.region-schwabach.de\/wordpress\/?p=110039"},"modified":"2020-04-20T23:41:24","modified_gmt":"2020-04-20T21:41:24","slug":"ausgabe-von-vliesstoff-zum-selbstnahen-von-behelfsmasken-ab-montag-den-20-april-2020","status":"publish","type":"post","link":"https:\/\/www.region-schwabach.de\/wordpress\/ausgabe-von-vliesstoff-zum-selbstnahen-von-behelfsmasken-ab-montag-den-20-april-2020\/","title":{"rendered":"Ausgabe von Vliesstoff zum Selbstn\u00e4hen von Behelfsmasken ab Montag, den 20. April 2020"},"content":{"rendered":"\t\t<div data-elementor-type=\"wp-post\" data-elementor-id=\"110039\" class=\"elementor elementor-110039\">\n\t\t\t\t\t\t<section class=\"elementor-section elementor-top-section elementor-element elementor-element-1cuv9jr elementor-section-boxed elementor-section-height-default elementor-section-height-default\" data-id=\"1cuv9jr\" data-element_type=\"section\">\n\t\t\t\t\t\t<div class=\"elementor-container elementor-column-gap-default\">\n\t\t\t\t\t<div class=\"elementor-column elementor-col-50 elementor-top-column elementor-element elementor-element-q5zak7b\" data-id=\"q5zak7b\" data-element_type=\"column\">\n\t\t\t<div class=\"elementor-widget-wrap elementor-element-populated\">\n\t\t\t\t\t\t<div class=\"elementor-element elementor-element-dcef279 elementor-widget elementor-widget-wp-widget-advads_ad_widget\" data-id=\"dcef279\" data-element_type=\"widget\" data-widget_type=\"wp-widget-advads_ad_widget.default\">\n\t\t\t\t<div class=\"elementor-widget-container\">\n\t\t\t<div id=\"regio-590743098\"><div class=\"regio-adlabel\">Werbung<\/div><!-- Beginn https:\/\/www.financeads.net\/-Code --><a href=\"https:\/\/www.financeads.net\/tc.php?t=36648C195239407B\" target=\"_blank\"><img fetchpriority=\"high\" decoding=\"async\" src=\"https:\/\/www.financeads.net\/tb.php?t=36648V195239407B&https=1\" alt=\"\" border=\"0\" width=\"728\" height=\"90\"><\/a><!-- Ende https:\/\/www.financeads.net\/-Code --><\/div>\t\t<\/div>\n\t\t\t\t<\/div>\n\t\t\t\t<div class=\"elementor-element elementor-element-a4daeae elementor-widget elementor-widget-text-editor\" data-id=\"a4daeae\" data-element_type=\"widget\" data-widget_type=\"text-editor.default\">\n\t\t\t\t<div class=\"elementor-widget-container\">\n\t\t\t\t\t\t\t<h3>Ab Montag, den 20. April 2020, am Schwabacher Rathaus:<br \/>Ausgabe von Vliesstoff zum Selbstn\u00e4hen von Behelfsmasken<\/h3><p><span style=\"font-size: 12pt;\">Ab Montag, den 20. April 2020, k\u00f6nnen B\u00fcrgerinnen und B\u00fcrger Vliesstoff zum Selbstn\u00e4hen von Behelfsmasken am Rathaus abholen. Pro Person werden 2 Meter Stoff kostenlos abgegeben. Die Ausgabe erfolgt \u00fcber ein Fenster am Rathaus links neben der Eingangst\u00fcre zwischen 8 und 16 Uhr.<\/span><\/p><h3>Keine Reservierungen m\u00f6glich<\/h3><p><span style=\"font-size: 12pt;\">Interessierte werden gebeten sich von au\u00dfen am Fenster im Erdgeschoss des Rathauses zu melden, die Ausgabe erfolgt durch Mitarbeiterinnen und Mitarbeiter der Stadtverwaltung. Es gilt das \u201eWindhundverfahren\u201c. Das hei\u00dft, dass keine Reservierungen vorgenommen werden k\u00f6nnen. Es wird genau ein Abschnitt pro Person abgegeben, solange der Vorrat reicht.<\/span><\/p><h3>Oberb\u00fcrgermeister Matthias Th\u00fcrauf appeliert an das Gemeinschaftsempfinden<\/h3><p><span style=\"font-size: 12pt;\">\u201eWenn Sie \u00e4ltere Menschen oder Menschen mit Vorerkrankungen in Ihrer Nachbarschaft haben, die zur Risikogruppe z\u00e4hlen und vielleicht selbst nicht n\u00e4hen k\u00f6nnen, teilen Sie ein paar Masken gerne mit diesen\u201c, appelliert Oberb\u00fcrgermeister Matthias Th\u00fcrauf an das Gemeinschaftsempfinden der Schwabacherinnen und Schwabacher, das bislang in Schwabach schon sehr viel zur Eind\u00e4mmung des Coronavirus beigetragen habe.<\/span><\/p><h3>Stoff kann auch als Filtereinlage f\u00fcr Mund-Nase-Masken verwendet werden<\/h3><p><span style=\"font-size: 12pt;\">Aus einem zwei Meter langen Stoffabschnitt k\u00f6nnen rund 14 Behelfsmasken geschneidert werden. Sie sind nicht waschbar. Au\u00dferdem kann der Stoff auch als Filtereinlage f\u00fcr Mund-Nase-Masken aus Kunststoff genutzt werden, in die ein Filter eingelegt werden kann. Die Behelfsmasken sollen gem\u00e4\u00df des Maskengebots der Bayerischen Staatsregierung k\u00fcnftig beim Betreten von Ladengesch\u00e4ften sowie in Bussen und Bahnen genutzt werden.<\/span><\/p><h3>Stoff stammt vom Bayerischen Wirtschaftsministerium und wurde vom Schwabacher Gardinenhaus Kastner zugeschnitten<\/h3><p><span style=\"font-size: 12pt;\">Der Stoff stammt aus den acht Rollen Vliesstoff, die das Bayerische Wirtschaftsministerium den Kommunen in Bayern j\u00fcngst zur Verf\u00fcgung gestellt hat. Zugeschnitten wurden die Rollen vom Schwabacher Gardinenhaus Kastner.<\/span><\/p>\t\t\t\t\t\t<\/div>\n\t\t\t\t<\/div>\n\t\t\t\t<div class=\"elementor-element elementor-element-ace1283 elementor-widget-divider--view-line elementor-widget elementor-widget-divider\" data-id=\"ace1283\" data-element_type=\"widget\" data-widget_type=\"divider.default\">\n\t\t\t\t<div class=\"elementor-widget-container\">\n\t\t\t\t\t<div class=\"elementor-divider\">\n\t\t\t<span class=\"elementor-divider-separator\">\n\t\t\t\t\t\t<\/span>\n\t\t<\/div>\n\t\t\t\t<\/div>\n\t\t\t\t<\/div>\n\t\t\t\t<div class=\"elementor-element elementor-element-ac34ac3 elementor-widget elementor-widget-google_maps\" data-id=\"ac34ac3\" data-element_type=\"widget\" data-widget_type=\"google_maps.default\">\n\t\t\t\t<div class=\"elementor-widget-container\">\n\t\t\t\t\t<div class=\"elementor-custom-embed\">\n\t\t\t<iframe loading=\"lazy\"\n\t\t\t\t\tsrc=\"https:\/\/maps.google.com\/maps?q=K%C3%B6nigsplatz%201%2C%20Schwabach%2C%20Deutschland&#038;t=m&#038;z=17&#038;output=embed&#038;iwloc=near\"\n\t\t\t\t\ttitle=\"K\u00f6nigsplatz 1, Schwabach, Deutschland\"\n\t\t\t\t\taria-label=\"K\u00f6nigsplatz 1, Schwabach, Deutschland\"\n\t\t\t><\/iframe>\n\t\t<\/div>\n\t\t\t\t<\/div>\n\t\t\t\t<\/div>\n\t\t\t\t\t<\/div>\n\t\t<\/div>\n\t\t\t\t<div class=\"elementor-column elementor-col-50 elementor-top-column elementor-element elementor-element-06d28a1\" data-id=\"06d28a1\" data-element_type=\"column\">\n\t\t\t<div class=\"elementor-widget-wrap elementor-element-populated\">\n\t\t\t\t\t\t<div class=\"elementor-element elementor-element-5539bc6 elementor-widget elementor-widget-heading\" data-id=\"5539bc6\" data-element_type=\"widget\" data-widget_type=\"heading.default\">\n\t\t\t\t<div class=\"elementor-widget-container\">\n\t\t\t<h3 class=\"elementor-heading-title elementor-size-default\">Schnell vergleichen und sparen!<\/h3>\t\t<\/div>\n\t\t\t\t<\/div>\n\t\t\t\t<div class=\"elementor-element elementor-element-ab0991f elementor-widget elementor-widget-wp-widget-advads_ad_widget\" data-id=\"ab0991f\" data-element_type=\"widget\" data-widget_type=\"wp-widget-advads_ad_widget.default\">\n\t\t\t\t<div class=\"elementor-widget-container\">\n\t\t\t<div id=\"regio-3338242822\"><div class=\"regio-adlabel\">Werbung<\/div><!-- Beginn https:\/\/www.financeads.net\/-Code --><a href=\"https:\/\/www.financeads.net\/tc.php?t=36648C236142529B\" target=\"_blank\"><img decoding=\"async\" src=\"https:\/\/www.financeads.net\/tb.php?t=36648V236142529B&https=1\" alt=\"\" border=\"0\" width=\"300\" height=\"250\"><\/a><!-- Ende https:\/\/www.financeads.net\/-Code --><\/div>\t\t<\/div>\n\t\t\t\t<\/div>\n\t\t\t\t<div class=\"elementor-element elementor-element-fd89b80 elementor-widget elementor-widget-wp-widget-advads_ad_widget\" data-id=\"fd89b80\" data-element_type=\"widget\" data-widget_type=\"wp-widget-advads_ad_widget.default\">\n\t\t\t\t<div class=\"elementor-widget-container\">\n\t\t\t<div id=\"regio-2789210865\"><div class=\"regio-adlabel\">Werbung<\/div><!-- Beginn https:\/\/www.financeads.net\/-Code --><a href=\"https:\/\/www.financeads.net\/tc.php?t=36648C42614510B\" target=\"_blank\"><img decoding=\"async\" src=\"https:\/\/www.financeads.net\/tb.php?t=36648V42614510B&https=1\" alt=\"\" border=\"0\" width=\"200\" height=\"300\"><\/a><!-- Ende https:\/\/www.financeads.net\/-Code --><\/div>\t\t<\/div>\n\t\t\t\t<\/div>\n\t\t\t\t<div class=\"elementor-element elementor-element-cafeb33 elementor-widget elementor-widget-wp-widget-advads_ad_widget\" data-id=\"cafeb33\" data-element_type=\"widget\" data-widget_type=\"wp-widget-advads_ad_widget.default\">\n\t\t\t\t<div class=\"elementor-widget-container\">\n\t\t\t<div id=\"regio-85340325\"><div class=\"regio-adlabel\">Werbung<\/div><!-- Beginn https:\/\/www.financeads.net\/-Code --><a href=\"https:\/\/www.financeads.net\/tc.php?t=36648C205040072B\" target=\"_blank\"><img loading=\"lazy\" decoding=\"async\" src=\"https:\/\/www.financeads.net\/tb.php?t=36648V205040072B&https=1\" alt=\"\" border=\"0\" width=\"300\" height=\"250\"><\/a><!-- Ende https:\/\/www.financeads.net\/-Code --><\/div>\t\t<\/div>\n\t\t\t\t<\/div>\n\t\t\t\t<div class=\"elementor-element elementor-element-0205306 elementor-widget elementor-widget-wp-widget-advads_ad_widget\" data-id=\"0205306\" data-element_type=\"widget\" data-widget_type=\"wp-widget-advads_ad_widget.default\">\n\t\t\t\t<div class=\"elementor-widget-container\">\n\t\t\t<div id=\"regio-3898272045\"><div class=\"regio-adlabel\">Werbung<\/div><!-- Beginn https:\/\/www.financeads.net\/-Code --><a href=\"https:\/\/www.financeads.net\/tc.php?t=36648C271460142B\" target=\"_blank\"><img loading=\"lazy\" decoding=\"async\" src=\"https:\/\/www.financeads.net\/tb.php?t=36648V271460142B&https=1\" alt=\"PETPROTECT_Hund&Katze_Banner\" border=\"0\" width=\"250\" height=\"250\"><\/a><!-- Ende https:\/\/www.financeads.net\/-Code --><\/div>\t\t<\/div>\n\t\t\t\t<\/div>\n\t\t\t\t\t<\/div>\n\t\t<\/div>\n\t\t\t\t\t<\/div>\n\t\t<\/section>\n\t\t\t\t<\/div>\n\t\t","protected":false},"excerpt":{"rendered":"<div class=\"mh-excerpt\"><p>Ab Montag, den 20. April 2020, am Schwabacher Rathaus: Ausgabe von Vliesstoff zum Selbstn\u00e4hen von Behelfsmasken Ab Montag, den 20. April 2020, k\u00f6nnen B\u00fcrgerinnen und B\u00fcrger Vliesstoff zum Selbstn\u00e4hen von Behelfsmasken am Rathaus abholen. Pro <a class=\"mh-excerpt-more\" href=\"https:\/\/www.region-schwabach.de\/wordpress\/ausgabe-von-vliesstoff-zum-selbstnahen-von-behelfsmasken-ab-montag-den-20-april-2020\/\" title=\"Ausgabe von Vliesstoff zum Selbstn\u00e4hen von Behelfsmasken ab Montag, den 20. April 2020\">[&#8230;]<\/a><\/p>\n<\/div>","protected":false},"author":1,"featured_media":110040,"comment_status":"open","ping_status":"open","sticky":false,"template":"","format":"standard","meta":{"_cbd_carousel_blocks":"[]","footnotes":""},"categories":[16],"tags":[12272,12278,12084,12276,12277,573,12275,522,5420,5269,1480,19,12273,3012,3151,72,12274],"class_list":{"0":"post-110039","1":"post","2":"type-post","3":"status-publish","4":"format-standard","5":"has-post-thumbnail","7":"category-aktuell","8":"tag-20-04-2020","9":"tag-behelfsmasken","10":"tag-corona","11":"tag-coronavirus","12":"tag-eindaemmung","13":"tag-fenster","14":"tag-gardinenhaus-kastner","15":"tag-koenigsplatz","16":"tag-matthias-thuerauf","17":"tag-oberbuergermeister","18":"tag-rathaus","19":"tag-schwabach","20":"tag-selbernaehen","21":"tag-stadt","22":"tag-stadt-schwabach","23":"tag-stadtverwaltung","24":"tag-vliesstoff"},"_links":{"self":[{"href":"https:\/\/www.region-schwabach.de\/wordpress\/wp-json\/wp\/v2\/posts\/110039","targetHints":{"allow":["GET"]}}],"collection":[{"href":"https:\/\/www.region-schwabach.de\/wordpress\/wp-json\/wp\/v2\/posts"}],"about":[{"href":"https:\/\/www.region-schwabach.de\/wordpress\/wp-json\/wp\/v2\/types\/post"}],"author":[{"embeddable":true,"href":"https:\/\/www.region-schwabach.de\/wordpress\/wp-json\/wp\/v2\/users\/1"}],"replies":[{"embeddable":true,"href":"https:\/\/www.region-schwabach.de\/wordpress\/wp-json\/wp\/v2\/comments?post=110039"}],"version-history":[{"count":0,"href":"https:\/\/www.region-schwabach.de\/wordpress\/wp-json\/wp\/v2\/posts\/110039\/revisions"}],"wp:featuredmedia":[{"embeddable":true,"href":"https:\/\/www.region-schwabach.de\/wordpress\/wp-json\/wp\/v2\/media\/110040"}],"wp:attachment":[{"href":"https:\/\/www.region-schwabach.de\/wordpress\/wp-json\/wp\/v2\/media?parent=110039"}],"wp:term":[{"taxonomy":"category","embeddable":true,"href":"https:\/\/www.region-schwabach.de\/wordpress\/wp-json\/wp\/v2\/categories?post=110039"},{"taxonomy":"post_tag","embeddable":true,"href":"https:\/\/www.region-schwabach.de\/wordpress\/wp-json\/wp\/v2\/tags?post=110039"}],"curies":[{"name":"wp","href":"https:\/\/api.w.org\/{rel}","templated":true}]}}