{"id":110894,"date":"2020-05-02T00:20:00","date_gmt":"2020-05-01T22:20:00","guid":{"rendered":"https:\/\/www.region-schwabach.de\/wordpress\/?p=110894"},"modified":"2020-05-02T00:08:15","modified_gmt":"2020-05-01T22:08:15","slug":"qualm-steigt-bei-roth-aus-motorraum-von-pkw-auf","status":"publish","type":"post","link":"https:\/\/www.region-schwabach.de\/wordpress\/qualm-steigt-bei-roth-aus-motorraum-von-pkw-auf\/","title":{"rendered":"Qualm steigt bei Roth aus Motorraum von PKW auf"},"content":{"rendered":"\t\t<div data-elementor-type=\"wp-post\" data-elementor-id=\"110894\" class=\"elementor elementor-110894\">\n\t\t\t\t\t\t<section class=\"elementor-section elementor-top-section elementor-element elementor-element-1cuv9jr elementor-section-boxed elementor-section-height-default elementor-section-height-default\" data-id=\"1cuv9jr\" data-element_type=\"section\">\n\t\t\t\t\t\t<div class=\"elementor-container elementor-column-gap-default\">\n\t\t\t\t\t<div class=\"elementor-column elementor-col-50 elementor-top-column elementor-element elementor-element-q5zak7b\" data-id=\"q5zak7b\" data-element_type=\"column\">\n\t\t\t<div class=\"elementor-widget-wrap elementor-element-populated\">\n\t\t\t\t\t\t<div class=\"elementor-element elementor-element-dcef279 elementor-widget elementor-widget-wp-widget-advads_ad_widget\" data-id=\"dcef279\" data-element_type=\"widget\" data-widget_type=\"wp-widget-advads_ad_widget.default\">\n\t\t\t\t<div class=\"elementor-widget-container\">\n\t\t\t<div id=\"regio-1361626856\"><div class=\"regio-adlabel\">Werbung<\/div><!-- Beginn https:\/\/www.financeads.net\/-Code --><a href=\"https:\/\/www.financeads.net\/tc.php?t=36648C195239407B\" target=\"_blank\"><img fetchpriority=\"high\" decoding=\"async\" src=\"https:\/\/www.financeads.net\/tb.php?t=36648V195239407B&https=1\" alt=\"\" border=\"0\" width=\"728\" height=\"90\"><\/a><!-- Ende https:\/\/www.financeads.net\/-Code --><\/div>\t\t<\/div>\n\t\t\t\t<\/div>\n\t\t\t\t<div class=\"elementor-element elementor-element-a4daeae elementor-widget elementor-widget-text-editor\" data-id=\"a4daeae\" data-element_type=\"widget\" data-widget_type=\"text-editor.default\">\n\t\t\t\t<div class=\"elementor-widget-container\">\n\t\t\t\t\t\t\t<h3>Motor von PKW \u00fcberhitzt<\/h3><p><span style=\"font-size: 12pt;\">Roth &#8211; Am Donnerstagnachmittag, den 30.04.2020, wurde die Rother Feuerwehr zu einem qualmenden PKW auf der Bundesstra\u00dfe 2 gerufen. Ein 25-j\u00e4hriger Audi-Fahrer war hierbei mit in Richtung A6 unterwegs, als er kurz nach Roth bemerkte, da\u00df der Motor \u00fcberhitzte und bereits qualmte. Deshalb hielt er auf dem Standstreifen an und stieg aus dem Fahrzeug aus, von dem der Motor noch lief. Wegen eines technischen Defekts verriegelten sich dann auch noch automatisch die T\u00fcren.<\/span><\/p><p><span style=\"font-size: 12pt;\">Da jetzt jedoch die Gefahr bestand, da\u00df der Audi zu brennen beginnt, schlugen die zu Hilfe gerufenen Beamten die Scheibe der Beifahrert\u00fcre ein und stellten den Motor ab, so da\u00df dieser im Anschlu\u00df abk\u00fchlt, so da\u00df ein Abl\u00f6schen durch die Feuerwehr nicht mehr erforderlich war. Allerdings mu\u00dften durch die Feuerwehr ausgelaufene Betriebsstoffe abgebunden werden. Der nicht mehr fahrbereite PKW mu\u00dfte von einem Abschleppdienst abgeschleppt werden, die H\u00f6he des entstandenen Schadens ist noch nicht bekannt.<\/span><\/p>\t\t\t\t\t\t<\/div>\n\t\t\t\t<\/div>\n\t\t\t\t<div class=\"elementor-element elementor-element-1d7490b elementor-widget elementor-widget-shortcode\" data-id=\"1d7490b\" data-element_type=\"widget\" data-widget_type=\"shortcode.default\">\n\t\t\t\t<div class=\"elementor-widget-container\">\n\t\t\t\t\t<div class=\"elementor-shortcode\"><!-- Beginn https:\/\/www.financeads.net\/-Code --><a href=\"https:\/\/www.financeads.net\/tc.php?t=36648C38513858B\" target=\"_blank\"><center><img decoding=\"async\" src=\"https:\/\/www.financeads.net\/tb.php?t=36648V38513858B&https=1\" alt=\"\" border=\"0\" width=\"468\" height=\"60\"><\/a><!-- Ende https:\/\/www.financeads.net\/-Code --><\/div>\n\t\t\t\t<\/div>\n\t\t\t\t<\/div>\n\t\t\t\t<div class=\"elementor-element elementor-element-ace1283 elementor-widget-divider--view-line elementor-widget elementor-widget-divider\" data-id=\"ace1283\" data-element_type=\"widget\" data-widget_type=\"divider.default\">\n\t\t\t\t<div class=\"elementor-widget-container\">\n\t\t\t\t\t<div class=\"elementor-divider\">\n\t\t\t<span class=\"elementor-divider-separator\">\n\t\t\t\t\t\t<\/span>\n\t\t<\/div>\n\t\t\t\t<\/div>\n\t\t\t\t<\/div>\n\t\t\t\t<div class=\"elementor-element elementor-element-ac34ac3 elementor-widget elementor-widget-google_maps\" data-id=\"ac34ac3\" data-element_type=\"widget\" data-widget_type=\"google_maps.default\">\n\t\t\t\t<div class=\"elementor-widget-container\">\n\t\t\t\t\t<div class=\"elementor-custom-embed\">\n\t\t\t<iframe loading=\"lazy\"\n\t\t\t\t\tsrc=\"https:\/\/maps.google.com\/maps?q=Bundesstra%C3%9Fe%202%2C%20Roth%2C%20Deutschland&#038;t=m&#038;z=15&#038;output=embed&#038;iwloc=near\"\n\t\t\t\t\ttitle=\"Bundesstra\u00dfe 2, Roth, Deutschland\"\n\t\t\t\t\taria-label=\"Bundesstra\u00dfe 2, Roth, Deutschland\"\n\t\t\t><\/iframe>\n\t\t<\/div>\n\t\t\t\t<\/div>\n\t\t\t\t<\/div>\n\t\t\t\t\t<\/div>\n\t\t<\/div>\n\t\t\t\t<div class=\"elementor-column elementor-col-50 elementor-top-column elementor-element elementor-element-06d28a1\" data-id=\"06d28a1\" data-element_type=\"column\">\n\t\t\t<div class=\"elementor-widget-wrap elementor-element-populated\">\n\t\t\t\t\t\t<div class=\"elementor-element elementor-element-5539bc6 elementor-widget elementor-widget-heading\" data-id=\"5539bc6\" data-element_type=\"widget\" data-widget_type=\"heading.default\">\n\t\t\t\t<div class=\"elementor-widget-container\">\n\t\t\t<h3 class=\"elementor-heading-title elementor-size-default\">Schnell vergleichen und sparen!<\/h3>\t\t<\/div>\n\t\t\t\t<\/div>\n\t\t\t\t<div class=\"elementor-element elementor-element-ab0991f elementor-widget elementor-widget-wp-widget-advads_ad_widget\" data-id=\"ab0991f\" data-element_type=\"widget\" data-widget_type=\"wp-widget-advads_ad_widget.default\">\n\t\t\t\t<div class=\"elementor-widget-container\">\n\t\t\t<div id=\"regio-1150990790\"><div class=\"regio-adlabel\">Werbung<\/div><!-- Beginn https:\/\/www.financeads.net\/-Code --><a href=\"https:\/\/www.financeads.net\/tc.php?t=36648C236142529B\" target=\"_blank\"><img decoding=\"async\" src=\"https:\/\/www.financeads.net\/tb.php?t=36648V236142529B&https=1\" alt=\"\" border=\"0\" width=\"300\" height=\"250\"><\/a><!-- Ende https:\/\/www.financeads.net\/-Code --><\/div>\t\t<\/div>\n\t\t\t\t<\/div>\n\t\t\t\t<div class=\"elementor-element elementor-element-fd89b80 elementor-widget elementor-widget-wp-widget-advads_ad_widget\" data-id=\"fd89b80\" data-element_type=\"widget\" data-widget_type=\"wp-widget-advads_ad_widget.default\">\n\t\t\t\t<div class=\"elementor-widget-container\">\n\t\t\t<div id=\"regio-4078405214\"><div class=\"regio-adlabel\">Werbung<\/div><!-- Beginn https:\/\/www.financeads.net\/-Code --><a href=\"https:\/\/www.financeads.net\/tc.php?t=36648C42614510B\" target=\"_blank\"><img loading=\"lazy\" decoding=\"async\" src=\"https:\/\/www.financeads.net\/tb.php?t=36648V42614510B&https=1\" alt=\"\" border=\"0\" width=\"200\" height=\"300\"><\/a><!-- Ende https:\/\/www.financeads.net\/-Code --><\/div>\t\t<\/div>\n\t\t\t\t<\/div>\n\t\t\t\t<div class=\"elementor-element elementor-element-cafeb33 elementor-widget elementor-widget-wp-widget-advads_ad_widget\" data-id=\"cafeb33\" data-element_type=\"widget\" data-widget_type=\"wp-widget-advads_ad_widget.default\">\n\t\t\t\t<div class=\"elementor-widget-container\">\n\t\t\t<div id=\"regio-580831828\"><div class=\"regio-adlabel\">Werbung<\/div><!-- Beginn https:\/\/www.financeads.net\/-Code --><a href=\"https:\/\/www.financeads.net\/tc.php?t=36648C205040072B\" target=\"_blank\"><img loading=\"lazy\" decoding=\"async\" src=\"https:\/\/www.financeads.net\/tb.php?t=36648V205040072B&https=1\" alt=\"\" border=\"0\" width=\"300\" height=\"250\"><\/a><!-- Ende https:\/\/www.financeads.net\/-Code --><\/div>\t\t<\/div>\n\t\t\t\t<\/div>\n\t\t\t\t<div class=\"elementor-element elementor-element-0205306 elementor-widget elementor-widget-wp-widget-advads_ad_widget\" data-id=\"0205306\" data-element_type=\"widget\" data-widget_type=\"wp-widget-advads_ad_widget.default\">\n\t\t\t\t<div class=\"elementor-widget-container\">\n\t\t\t<div id=\"regio-3233119488\"><div class=\"regio-adlabel\">Werbung<\/div><!-- Beginn https:\/\/www.financeads.net\/-Code --><a href=\"https:\/\/www.financeads.net\/tc.php?t=36648C271460142B\" target=\"_blank\"><img loading=\"lazy\" decoding=\"async\" src=\"https:\/\/www.financeads.net\/tb.php?t=36648V271460142B&https=1\" alt=\"PETPROTECT_Hund&Katze_Banner\" border=\"0\" width=\"250\" height=\"250\"><\/a><!-- Ende https:\/\/www.financeads.net\/-Code --><\/div>\t\t<\/div>\n\t\t\t\t<\/div>\n\t\t\t\t\t<\/div>\n\t\t<\/div>\n\t\t\t\t\t<\/div>\n\t\t<\/section>\n\t\t\t\t<\/div>\n\t\t","protected":false},"excerpt":{"rendered":"<div class=\"mh-excerpt\"><p>Motor von PKW \u00fcberhitzt Roth &#8211; Am Donnerstagnachmittag, den 30.04.2020, wurde die Rother Feuerwehr zu einem qualmenden PKW auf der Bundesstra\u00dfe 2 gerufen. Ein 25-j\u00e4hriger Audi-Fahrer war hierbei mit in Richtung A6 unterwegs, als er <a class=\"mh-excerpt-more\" href=\"https:\/\/www.region-schwabach.de\/wordpress\/qualm-steigt-bei-roth-aus-motorraum-von-pkw-auf\/\" title=\"Qualm steigt bei Roth aus Motorraum von PKW auf\">[&#8230;]<\/a><\/p>\n<\/div>","protected":false},"author":1,"featured_media":110895,"comment_status":"open","ping_status":"open","sticky":false,"template":"","format":"standard","meta":{"_cbd_carousel_blocks":"[]","footnotes":""},"categories":[15],"tags":[12387,613,1555,961,9561,623,3389,541,3173,296,9409,981,5123,32,1781,10917,2083,12390],"class_list":{"0":"post-110894","1":"post","2":"type-post","3":"status-publish","4":"format-standard","5":"has-post-thumbnail","7":"category-polizeimeldungen","8":"tag-30-04-2020","9":"tag-a6","10":"tag-abschleppdienst","11":"tag-audi","12":"tag-b-2","13":"tag-beifahrertuer","14":"tag-betriebsstoffe","15":"tag-bundesstrasse-2","16":"tag-fahrzeugtuer","17":"tag-feuerwehr","18":"tag-motor","19":"tag-polizei","20":"tag-qualm","21":"tag-roth","22":"tag-scheibe","23":"tag-standstreifen","24":"tag-technischer-defekt","25":"tag-ueberhitzung"},"_links":{"self":[{"href":"https:\/\/www.region-schwabach.de\/wordpress\/wp-json\/wp\/v2\/posts\/110894","targetHints":{"allow":["GET"]}}],"collection":[{"href":"https:\/\/www.region-schwabach.de\/wordpress\/wp-json\/wp\/v2\/posts"}],"about":[{"href":"https:\/\/www.region-schwabach.de\/wordpress\/wp-json\/wp\/v2\/types\/post"}],"author":[{"embeddable":true,"href":"https:\/\/www.region-schwabach.de\/wordpress\/wp-json\/wp\/v2\/users\/1"}],"replies":[{"embeddable":true,"href":"https:\/\/www.region-schwabach.de\/wordpress\/wp-json\/wp\/v2\/comments?post=110894"}],"version-history":[{"count":0,"href":"https:\/\/www.region-schwabach.de\/wordpress\/wp-json\/wp\/v2\/posts\/110894\/revisions"}],"wp:featuredmedia":[{"embeddable":true,"href":"https:\/\/www.region-schwabach.de\/wordpress\/wp-json\/wp\/v2\/media\/110895"}],"wp:attachment":[{"href":"https:\/\/www.region-schwabach.de\/wordpress\/wp-json\/wp\/v2\/media?parent=110894"}],"wp:term":[{"taxonomy":"category","embeddable":true,"href":"https:\/\/www.region-schwabach.de\/wordpress\/wp-json\/wp\/v2\/categories?post=110894"},{"taxonomy":"post_tag","embeddable":true,"href":"https:\/\/www.region-schwabach.de\/wordpress\/wp-json\/wp\/v2\/tags?post=110894"}],"curies":[{"name":"wp","href":"https:\/\/api.w.org\/{rel}","templated":true}]}}