{"id":111503,"date":"2020-05-14T00:05:00","date_gmt":"2020-05-13T22:05:00","guid":{"rendered":"https:\/\/www.region-schwabach.de\/wordpress\/?p=111503"},"modified":"2020-05-13T23:00:09","modified_gmt":"2020-05-13T21:00:09","slug":"kultureinrichtungen-in-schwabach-offnen-ab-11-mai-2020-in-kleinen-schritten","status":"publish","type":"post","link":"https:\/\/www.region-schwabach.de\/wordpress\/kultureinrichtungen-in-schwabach-offnen-ab-11-mai-2020-in-kleinen-schritten\/","title":{"rendered":"Kultureinrichtungen in Schwabach \u00f6ffnen ab 11.. Mai 2020 in kleinen Schritten"},"content":{"rendered":"\t\t<div data-elementor-type=\"wp-post\" data-elementor-id=\"111503\" class=\"elementor elementor-111503\">\n\t\t\t\t\t\t<section class=\"elementor-section elementor-top-section elementor-element elementor-element-678181b elementor-section-boxed elementor-section-height-default elementor-section-height-default\" data-id=\"678181b\" data-element_type=\"section\">\n\t\t\t\t\t\t<div class=\"elementor-container elementor-column-gap-default\">\n\t\t\t\t\t<div class=\"elementor-column elementor-col-50 elementor-top-column elementor-element elementor-element-6b34026\" data-id=\"6b34026\" data-element_type=\"column\">\n\t\t\t<div class=\"elementor-widget-wrap elementor-element-populated\">\n\t\t\t\t\t\t<div class=\"elementor-element elementor-element-4e38fb7 elementor-widget elementor-widget-wp-widget-advads_ad_widget\" data-id=\"4e38fb7\" data-element_type=\"widget\" data-widget_type=\"wp-widget-advads_ad_widget.default\">\n\t\t\t\t<div class=\"elementor-widget-container\">\n\t\t\t<div id=\"regio-2931564063\"><div class=\"regio-adlabel\">Werbung<\/div><center><a href=\"https:\/\/a.partner-versicherung.de\/click.php?partner_id=19992&ad_id=1578&deep=kreditkarten\"  target=\"_blank\"><img decoding=\"async\" src=\"https:\/\/a.partner-versicherung.de\/view.php?partner_id=19992&ad_id=1578\" ><\/a><\/center><\/div>\t\t<\/div>\n\t\t\t\t<\/div>\n\t\t\t\t<div class=\"elementor-element elementor-element-443ab98 elementor-widget elementor-widget-text-editor\" data-id=\"443ab98\" data-element_type=\"widget\" data-widget_type=\"text-editor.default\">\n\t\t\t\t<div class=\"elementor-widget-container\">\n\t\t\t\t\t\t\t<h3>Kultureinrichtungen in Schwabach \u00f6ffnen ab Montag, den 11. Mai 2020 wieder schrittweise<\/h3><h3>Adolph-von-Henselt-Musikschule startet ab Montag, den 11. Mai 2020, in Teilbereichen<\/h3><p><span style=\"font-size: 12pt;\">Nach der Aufhebung der Ausgangsbeschr\u00e4nkungen in Bayern und den neu gefassten Beschl\u00fcssen des Kabinetts startet die Adolph von Henselt-Musikschule ab Montag, 11. Mai 2020, den Betrieb in Teilen. Gruppenunterricht ist nach wie vor untersagt. Die Sch\u00fclerinnen und Sch\u00fcler, die zum Einzelunterricht kommen d\u00fcrfen, wurden \u00fcber ihre Lehrkr\u00e4fte informiert. Alle anderen erhalten \u2013 soweit sie dem zugestimmt haben \u2013 weiterhin online Unterricht.<\/span><\/p><h3>Stadtbibibliothek \u00f6ffnet ab Dienstag, den 12. Mai 2020 wieder ihre Pforten<\/h3><p><span style=\"font-size: 12pt;\">Die Stadtbibliothek \u00f6ffnet am Dienstag, 12. Mai. Ein- und Ausgang im Foyer werden getrennt und es wird ein Zwei-Wege-System in den 1. und 2. Stock geben. Dies wird \u00fcber den Fahrstuhl nach oben und \u00fcber die Treppen nach unten gef\u00fchrt. Es wird zun\u00e4chst einen Sicherheitsdienst geben, der im Foyer und der Bibliothek selbst auf die Einhaltung der Hygiene- und Abstandsregeln sowie auf die zul\u00e4ssige Personenzahl achtet. Spielbereiche und Caf\u00e9-Betrieb bleiben geschlossen.<\/span><\/p><h3>St\u00e4dtische Galerie nimmt ab Donnerstag, den 14. Mai 2020, wieder den Betrieb auf<\/h3><p><span style=\"font-size: 12pt;\">Die st\u00e4dtische Galerie am K\u00f6nigsplatz in Schwabach \u00f6ffnet ab Donnerstag, den 14. Mai 2020, wieder f\u00fcr Besucher.<\/span><\/p><h3>Stadtmuseum ist ab Samstag, den 16. Mai 2020, wieder f\u00fcr die \u00d6ffentlichkeit zug\u00e4nglich<\/h3><p><span style=\"font-size: 12pt;\">Das Stadtmuseum ist ab Samstag, den 16. Mai 2020, wieder f\u00fcr die \u00d6ffentlichkeit zug\u00e4nglich. Ins Museum in der Museumsstra\u00dfe in Schwabach werden ca. 40 Personen gleichzeitig eingelassen.<\/span><\/p>\t\t\t\t\t\t<\/div>\n\t\t\t\t<\/div>\n\t\t\t\t<div class=\"elementor-element elementor-element-c59289a elementor-widget elementor-widget-shortcode\" data-id=\"c59289a\" data-element_type=\"widget\" data-widget_type=\"shortcode.default\">\n\t\t\t\t<div class=\"elementor-widget-container\">\n\t\t\t\t\t<div class=\"elementor-shortcode\"><!-- Beginn https:\/\/www.financeads.net\/-Code --><a href=\"https:\/\/www.financeads.net\/tc.php?t=36648C38513858B\" target=\"_blank\"><center><img decoding=\"async\" src=\"https:\/\/www.financeads.net\/tb.php?t=36648V38513858B&https=1\" alt=\"\" border=\"0\" width=\"468\" height=\"60\"><\/a><!-- Ende https:\/\/www.financeads.net\/-Code --><\/div>\n\t\t\t\t<\/div>\n\t\t\t\t<\/div>\n\t\t\t\t<div class=\"elementor-element elementor-element-21c3450 elementor-widget-divider--view-line elementor-widget elementor-widget-divider\" data-id=\"21c3450\" data-element_type=\"widget\" data-widget_type=\"divider.default\">\n\t\t\t\t<div class=\"elementor-widget-container\">\n\t\t\t\t\t<div class=\"elementor-divider\">\n\t\t\t<span class=\"elementor-divider-separator\">\n\t\t\t\t\t\t<\/span>\n\t\t<\/div>\n\t\t\t\t<\/div>\n\t\t\t\t<\/div>\n\t\t\t\t<div class=\"elementor-element elementor-element-f4c690c elementor-widget elementor-widget-google_maps\" data-id=\"f4c690c\" data-element_type=\"widget\" data-widget_type=\"google_maps.default\">\n\t\t\t\t<div class=\"elementor-widget-container\">\n\t\t\t\t\t<div class=\"elementor-custom-embed\">\n\t\t\t<iframe loading=\"lazy\"\n\t\t\t\t\tsrc=\"https:\/\/maps.google.com\/maps?q=Schwabach%2C%20Deutschland&#038;t=m&#038;z=15&#038;output=embed&#038;iwloc=near\"\n\t\t\t\t\ttitle=\"Schwabach, Deutschland\"\n\t\t\t\t\taria-label=\"Schwabach, Deutschland\"\n\t\t\t><\/iframe>\n\t\t<\/div>\n\t\t\t\t<\/div>\n\t\t\t\t<\/div>\n\t\t\t\t\t<\/div>\n\t\t<\/div>\n\t\t\t\t<div class=\"elementor-column elementor-col-50 elementor-top-column elementor-element elementor-element-5907a18\" data-id=\"5907a18\" data-element_type=\"column\">\n\t\t\t<div class=\"elementor-widget-wrap elementor-element-populated\">\n\t\t\t\t\t\t<div class=\"elementor-element elementor-element-540377b elementor-widget elementor-widget-heading\" data-id=\"540377b\" data-element_type=\"widget\" data-widget_type=\"heading.default\">\n\t\t\t\t<div class=\"elementor-widget-container\">\n\t\t\t<h3 class=\"elementor-heading-title elementor-size-default\">Schnell vergleichen und sparen!<\/h3>\t\t<\/div>\n\t\t\t\t<\/div>\n\t\t\t\t<div class=\"elementor-element elementor-element-ffc551e elementor-widget elementor-widget-wp-widget-advads_ad_widget\" data-id=\"ffc551e\" data-element_type=\"widget\" data-widget_type=\"wp-widget-advads_ad_widget.default\">\n\t\t\t\t<div class=\"elementor-widget-container\">\n\t\t\t<div id=\"regio-2132724315\"><div class=\"regio-adlabel\">Werbung<\/div><!-- Beginn https:\/\/www.financeads.net\/-Code --><a href=\"https:\/\/www.financeads.net\/tc.php?t=36648C236142529B\" target=\"_blank\"><img fetchpriority=\"high\" decoding=\"async\" src=\"https:\/\/www.financeads.net\/tb.php?t=36648V236142529B&https=1\" alt=\"\" border=\"0\" width=\"300\" height=\"250\"><\/a><!-- Ende https:\/\/www.financeads.net\/-Code --><\/div>\t\t<\/div>\n\t\t\t\t<\/div>\n\t\t\t\t<div class=\"elementor-element elementor-element-deae22e elementor-widget elementor-widget-wp-widget-advads_ad_widget\" data-id=\"deae22e\" data-element_type=\"widget\" data-widget_type=\"wp-widget-advads_ad_widget.default\">\n\t\t\t\t<div class=\"elementor-widget-container\">\n\t\t\t<div id=\"regio-3780855311\"><div class=\"regio-adlabel\">Werbung<\/div><!-- Beginn https:\/\/www.financeads.net\/-Code --><a href=\"https:\/\/www.financeads.net\/tc.php?t=36648C42614510B\" target=\"_blank\"><img decoding=\"async\" src=\"https:\/\/www.financeads.net\/tb.php?t=36648V42614510B&https=1\" alt=\"\" border=\"0\" width=\"200\" height=\"300\"><\/a><!-- Ende https:\/\/www.financeads.net\/-Code --><\/div>\t\t<\/div>\n\t\t\t\t<\/div>\n\t\t\t\t<div class=\"elementor-element elementor-element-8bae3ed elementor-widget elementor-widget-wp-widget-advads_ad_widget\" data-id=\"8bae3ed\" data-element_type=\"widget\" data-widget_type=\"wp-widget-advads_ad_widget.default\">\n\t\t\t\t<div class=\"elementor-widget-container\">\n\t\t\t<div id=\"regio-2475110280\"><div class=\"regio-adlabel\">Werbung<\/div><!-- Beginn https:\/\/www.financeads.net\/-Code --><a href=\"https:\/\/www.financeads.net\/tc.php?t=36648C205040072B\" target=\"_blank\"><img loading=\"lazy\" decoding=\"async\" src=\"https:\/\/www.financeads.net\/tb.php?t=36648V205040072B&https=1\" alt=\"\" border=\"0\" width=\"300\" height=\"250\"><\/a><!-- Ende https:\/\/www.financeads.net\/-Code --><\/div>\t\t<\/div>\n\t\t\t\t<\/div>\n\t\t\t\t<div class=\"elementor-element elementor-element-b62ee55 elementor-widget elementor-widget-wp-widget-advads_ad_widget\" data-id=\"b62ee55\" data-element_type=\"widget\" data-widget_type=\"wp-widget-advads_ad_widget.default\">\n\t\t\t\t<div class=\"elementor-widget-container\">\n\t\t\t<div id=\"regio-3931429171\"><div class=\"regio-adlabel\">Werbung<\/div><!-- Beginn https:\/\/www.financeads.net\/-Code --><a href=\"https:\/\/www.financeads.net\/tc.php?t=36648C271460142B\" target=\"_blank\"><img loading=\"lazy\" decoding=\"async\" src=\"https:\/\/www.financeads.net\/tb.php?t=36648V271460142B&https=1\" alt=\"PETPROTECT_Hund&Katze_Banner\" border=\"0\" width=\"250\" height=\"250\"><\/a><!-- Ende https:\/\/www.financeads.net\/-Code --><\/div>\t\t<\/div>\n\t\t\t\t<\/div>\n\t\t\t\t\t<\/div>\n\t\t<\/div>\n\t\t\t\t\t<\/div>\n\t\t<\/section>\n\t\t\t\t<\/div>\n\t\t","protected":false},"excerpt":{"rendered":"<div class=\"mh-excerpt\"><p>Kultureinrichtungen in Schwabach \u00f6ffnen ab Montag, den 11. Mai 2020 wieder schrittweise Adolph-von-Henselt-Musikschule startet ab Montag, den 11. Mai 2020, in Teilbereichen Nach der Aufhebung der Ausgangsbeschr\u00e4nkungen in Bayern und den neu gefassten Beschl\u00fcssen des <a class=\"mh-excerpt-more\" href=\"https:\/\/www.region-schwabach.de\/wordpress\/kultureinrichtungen-in-schwabach-offnen-ab-11-mai-2020-in-kleinen-schritten\/\" title=\"Kultureinrichtungen in Schwabach \u00f6ffnen ab 11.. Mai 2020 in kleinen Schritten\">[&#8230;]<\/a><\/p>\n<\/div>","protected":false},"author":1,"featured_media":111511,"comment_status":"open","ping_status":"open","sticky":false,"template":"","format":"standard","meta":{"_cbd_carousel_blocks":"[]","footnotes":""},"categories":[16,79,61,231],"tags":[12433,12459,12461,12464,12460,522,420,12463,1480,19,3151,2555,4045,3739,12462,2678],"class_list":{"0":"post-111503","1":"post","2":"type-post","3":"status-publish","4":"format-standard","5":"has-post-thumbnail","7":"category-aktuell","8":"category-politik","9":"category-rathaus","10":"category-veranstaltungsnews","11":"tag-11-05-2020","12":"tag-12-05-2020","13":"tag-14-05-2020","14":"tag-16-05-2020","15":"tag-adolph-von-henselt-musikschule-2","16":"tag-koenigsplatz","17":"tag-museumsstrasse","18":"tag-oeffnung","19":"tag-rathaus","20":"tag-schwabach","21":"tag-stadt-schwabach","22":"tag-stadtbibliothek","23":"tag-staedtische-galerie","24":"tag-stadtmuseum","25":"tag-wiedereroeffnung","26":"tag-wittelsbacherstrasse"},"_links":{"self":[{"href":"https:\/\/www.region-schwabach.de\/wordpress\/wp-json\/wp\/v2\/posts\/111503","targetHints":{"allow":["GET"]}}],"collection":[{"href":"https:\/\/www.region-schwabach.de\/wordpress\/wp-json\/wp\/v2\/posts"}],"about":[{"href":"https:\/\/www.region-schwabach.de\/wordpress\/wp-json\/wp\/v2\/types\/post"}],"author":[{"embeddable":true,"href":"https:\/\/www.region-schwabach.de\/wordpress\/wp-json\/wp\/v2\/users\/1"}],"replies":[{"embeddable":true,"href":"https:\/\/www.region-schwabach.de\/wordpress\/wp-json\/wp\/v2\/comments?post=111503"}],"version-history":[{"count":0,"href":"https:\/\/www.region-schwabach.de\/wordpress\/wp-json\/wp\/v2\/posts\/111503\/revisions"}],"wp:featuredmedia":[{"embeddable":true,"href":"https:\/\/www.region-schwabach.de\/wordpress\/wp-json\/wp\/v2\/media\/111511"}],"wp:attachment":[{"href":"https:\/\/www.region-schwabach.de\/wordpress\/wp-json\/wp\/v2\/media?parent=111503"}],"wp:term":[{"taxonomy":"category","embeddable":true,"href":"https:\/\/www.region-schwabach.de\/wordpress\/wp-json\/wp\/v2\/categories?post=111503"},{"taxonomy":"post_tag","embeddable":true,"href":"https:\/\/www.region-schwabach.de\/wordpress\/wp-json\/wp\/v2\/tags?post=111503"}],"curies":[{"name":"wp","href":"https:\/\/api.w.org\/{rel}","templated":true}]}}