{"id":111587,"date":"2020-05-11T00:25:00","date_gmt":"2020-05-10T22:25:00","guid":{"rendered":"https:\/\/www.region-schwabach.de\/wordpress\/?p=111587"},"modified":"2020-05-10T22:19:23","modified_gmt":"2020-05-10T20:19:23","slug":"mundschutzpflicht-ab-montag-den-11-mai-2020-auch-in-arzt-und-zahnarztpraxen-und-allen-sonstigen-praxen","status":"publish","type":"post","link":"https:\/\/www.region-schwabach.de\/wordpress\/mundschutzpflicht-ab-montag-den-11-mai-2020-auch-in-arzt-und-zahnarztpraxen-und-allen-sonstigen-praxen\/","title":{"rendered":"Mundschutzpflicht ab Montag, den 11. Mai 2020, auch in Arzt- und Zahnarztpraxen und allen sonstigen Praxen"},"content":{"rendered":"\t\t<div data-elementor-type=\"wp-post\" data-elementor-id=\"111587\" class=\"elementor elementor-111587\">\n\t\t\t\t\t\t<section class=\"elementor-section elementor-top-section elementor-element elementor-element-678181b elementor-section-boxed elementor-section-height-default elementor-section-height-default\" data-id=\"678181b\" data-element_type=\"section\">\n\t\t\t\t\t\t<div class=\"elementor-container elementor-column-gap-default\">\n\t\t\t\t\t<div class=\"elementor-column elementor-col-50 elementor-top-column elementor-element elementor-element-6b34026\" data-id=\"6b34026\" data-element_type=\"column\">\n\t\t\t<div class=\"elementor-widget-wrap elementor-element-populated\">\n\t\t\t\t\t\t<div class=\"elementor-element elementor-element-5fea1cd elementor-widget elementor-widget-wp-widget-advads_ad_widget\" data-id=\"5fea1cd\" data-element_type=\"widget\" data-widget_type=\"wp-widget-advads_ad_widget.default\">\n\t\t\t\t<div class=\"elementor-widget-container\">\n\t\t\t<div id=\"regio-2460901668\"><div class=\"regio-adlabel\">Werbung<\/div><center><a href=\"https:\/\/a.partner-versicherung.de\/click.php?partner_id=19992&ad_id=1578&deep=kreditkarten\"  target=\"_blank\"><img decoding=\"async\" src=\"https:\/\/a.partner-versicherung.de\/view.php?partner_id=19992&ad_id=1578\" ><\/a><\/center><\/div>\t\t<\/div>\n\t\t\t\t<\/div>\n\t\t\t\t<div class=\"elementor-element elementor-element-443ab98 elementor-widget elementor-widget-text-editor\" data-id=\"443ab98\" data-element_type=\"widget\" data-widget_type=\"text-editor.default\">\n\t\t\t\t<div class=\"elementor-widget-container\">\n\t\t\t\t\t\t\t<h3>Auch beim Arzt und in allen anderen Praxen gilt ab Montag, den 11. Mai 2020, die Maskenpflicht<\/h3><blockquote class=\"qb_text\"><p><span style=\"font-size: 12pt;\">&#8222;Ab dem 11. Mai 2020 gilt in Arzt- und Zahnarztpraxen und in allen sonstigen Praxen, in denen medizinische, therapeutische und pflegerische Leistungen erbracht werden f\u00fcr das Personal, die Kunden und ihre Begleitpersonen die Maskenpflicht.&#8220;<\/span><\/p><\/blockquote><p class=\"qb_source\"><span style=\"font-size: 12pt;\">Bayerisches Staatsministerium des Innern, f\u00fcr Sport und Integration\u00a0<\/span><\/p><hr \/><h3>\u00a0<\/h3><h3>Im \u00d6PNV, in Gesch\u00e4ften und bei der Stadtverwaltung<br \/>Mundschutzpflicht ab Montag, den 27. April 2020<\/h3><p><span style=\"font-size: 12pt;\">Ab Montag, 27. April, gilt aufgrund der Vorgabe der Bayerischen Staatsregierung eine Mundschutzpflicht. Das bedeutet, dass in Bussen und Bahnen sowie in Gesch\u00e4ften ein Mundschutz zu tragen ist. Die Pflicht gilt ab dem 7. Lebensjahr. Als Mundschutz gelten:<\/span><\/p><ul style=\"list-style-type: disc;\"><li><span style=\"font-size: 12pt;\">selbst gen\u00e4hte einfache Mund-Nase-Masken,<\/span><\/li><li><span style=\"font-size: 12pt;\">einfache nicht-medizinische Masken aus dem Einzelhandel<\/span><\/li><li><span style=\"font-size: 12pt;\">oder Schals und T\u00fccher, die Mund und Nase bedecken<\/span><\/li><\/ul><p><span style=\"font-size: 12pt;\">Die Stadtverwaltung weist ausdr\u00fccklich darauf hin, dass Verst\u00f6\u00dfe gegen die Mundschutzpflicht als Ordnungswidrigkeit geahndet und mit Geldstrafen belegt werden k\u00f6nnen.<\/span><\/p><p><span style=\"font-size: 12pt;\">Auch bei pers\u00f6nlicher Vorsprache in der Stadtverwaltung ist ab kommender Woche ein solcher Mundschutz zu tragen. Gleiches gilt ab dem 27. April auchf\u00fcr Taxis und Mietwagen. Taxifahrerinnen und -fahrer k\u00f6nnen Kundschaft, die keinen Mundschutz tragen will, die Bef\u00f6rderung verweigern.<\/span><\/p><p><span style=\"font-size: 12pt;\">Wirtschaftsf\u00f6rderung und Werbe- und Stadtgemeinschaft haben auf der Seite <a href=\"http:\/\/www.schwabach-bringts.de\" target=\"_blank\" rel=\"noopener\">www.schwabach-bringts.de<\/a> eine Rubrik \u201eMasken kaufen\u201c eingerichtet. Dort k\u00f6nnen sich B\u00fcrgerinnen und B\u00fcrger informieren, wo in Schwabach Mundschutz verkauft wird. Einzelh\u00e4ndler, N\u00e4hgruppen sowie B\u00fcrgerinnen und B\u00fcrger, die selbst Mundschutz anbieten, k\u00f6nnen sich dort eintragen lassen.\u00a0<\/span><\/p>\t\t\t\t\t\t<\/div>\n\t\t\t\t<\/div>\n\t\t\t\t<div class=\"elementor-element elementor-element-7cc9469 elementor-widget elementor-widget-shortcode\" data-id=\"7cc9469\" data-element_type=\"widget\" data-widget_type=\"shortcode.default\">\n\t\t\t\t<div class=\"elementor-widget-container\">\n\t\t\t\t\t<div class=\"elementor-shortcode\"><!-- Beginn https:\/\/www.financeads.net\/-Code --><a href=\"https:\/\/www.financeads.net\/tc.php?t=36648C38513858B\" target=\"_blank\"><center><img decoding=\"async\" src=\"https:\/\/www.financeads.net\/tb.php?t=36648V38513858B&https=1\" alt=\"\" border=\"0\" width=\"468\" height=\"60\"><\/a><!-- Ende https:\/\/www.financeads.net\/-Code --><\/div>\n\t\t\t\t<\/div>\n\t\t\t\t<\/div>\n\t\t\t\t<div class=\"elementor-element elementor-element-0c834d7 elementor-widget-divider--view-line elementor-widget elementor-widget-divider\" data-id=\"0c834d7\" data-element_type=\"widget\" data-widget_type=\"divider.default\">\n\t\t\t\t<div class=\"elementor-widget-container\">\n\t\t\t\t\t<div class=\"elementor-divider\">\n\t\t\t<span class=\"elementor-divider-separator\">\n\t\t\t\t\t\t<\/span>\n\t\t<\/div>\n\t\t\t\t<\/div>\n\t\t\t\t<\/div>\n\t\t\t\t<div class=\"elementor-element elementor-element-325f51f elementor-widget elementor-widget-google_maps\" data-id=\"325f51f\" data-element_type=\"widget\" data-widget_type=\"google_maps.default\">\n\t\t\t\t<div class=\"elementor-widget-container\">\n\t\t\t\t\t<div class=\"elementor-custom-embed\">\n\t\t\t<iframe loading=\"lazy\"\n\t\t\t\t\tsrc=\"https:\/\/maps.google.com\/maps?q=Schwabach%2C%20Deutschland&#038;t=m&#038;z=13&#038;output=embed&#038;iwloc=near\"\n\t\t\t\t\ttitle=\"Schwabach, Deutschland\"\n\t\t\t\t\taria-label=\"Schwabach, Deutschland\"\n\t\t\t><\/iframe>\n\t\t<\/div>\n\t\t\t\t<\/div>\n\t\t\t\t<\/div>\n\t\t\t\t\t<\/div>\n\t\t<\/div>\n\t\t\t\t<div class=\"elementor-column elementor-col-50 elementor-top-column elementor-element elementor-element-f141625\" data-id=\"f141625\" data-element_type=\"column\">\n\t\t\t<div class=\"elementor-widget-wrap elementor-element-populated\">\n\t\t\t\t\t\t<div class=\"elementor-element elementor-element-aa635e8 elementor-widget elementor-widget-heading\" data-id=\"aa635e8\" data-element_type=\"widget\" data-widget_type=\"heading.default\">\n\t\t\t\t<div class=\"elementor-widget-container\">\n\t\t\t<h3 class=\"elementor-heading-title elementor-size-default\">Schnell vergleichen und sparen!<\/h3>\t\t<\/div>\n\t\t\t\t<\/div>\n\t\t\t\t<div class=\"elementor-element elementor-element-380778c elementor-widget elementor-widget-wp-widget-advads_ad_widget\" data-id=\"380778c\" data-element_type=\"widget\" data-widget_type=\"wp-widget-advads_ad_widget.default\">\n\t\t\t\t<div class=\"elementor-widget-container\">\n\t\t\t<div id=\"regio-2089661896\"><div class=\"regio-adlabel\">Werbung<\/div><!-- Beginn https:\/\/www.financeads.net\/-Code --><a href=\"https:\/\/www.financeads.net\/tc.php?t=36648C236142529B\" target=\"_blank\"><img fetchpriority=\"high\" decoding=\"async\" src=\"https:\/\/www.financeads.net\/tb.php?t=36648V236142529B&https=1\" alt=\"\" border=\"0\" width=\"300\" height=\"250\"><\/a><!-- Ende https:\/\/www.financeads.net\/-Code --><\/div>\t\t<\/div>\n\t\t\t\t<\/div>\n\t\t\t\t<div class=\"elementor-element elementor-element-bd26aa5 elementor-widget elementor-widget-wp-widget-advads_ad_widget\" data-id=\"bd26aa5\" data-element_type=\"widget\" data-widget_type=\"wp-widget-advads_ad_widget.default\">\n\t\t\t\t<div class=\"elementor-widget-container\">\n\t\t\t<div id=\"regio-2907452772\"><div class=\"regio-adlabel\">Werbung<\/div><!-- Beginn https:\/\/www.financeads.net\/-Code --><a href=\"https:\/\/www.financeads.net\/tc.php?t=36648C42614510B\" target=\"_blank\"><img decoding=\"async\" src=\"https:\/\/www.financeads.net\/tb.php?t=36648V42614510B&https=1\" alt=\"\" border=\"0\" width=\"200\" height=\"300\"><\/a><!-- Ende https:\/\/www.financeads.net\/-Code --><\/div>\t\t<\/div>\n\t\t\t\t<\/div>\n\t\t\t\t<div class=\"elementor-element elementor-element-abfc6b5 elementor-widget elementor-widget-wp-widget-advads_ad_widget\" data-id=\"abfc6b5\" data-element_type=\"widget\" data-widget_type=\"wp-widget-advads_ad_widget.default\">\n\t\t\t\t<div class=\"elementor-widget-container\">\n\t\t\t<div id=\"regio-289055411\"><div class=\"regio-adlabel\">Werbung<\/div><!-- Beginn https:\/\/www.financeads.net\/-Code --><a href=\"https:\/\/www.financeads.net\/tc.php?t=36648C205040072B\" target=\"_blank\"><img loading=\"lazy\" decoding=\"async\" src=\"https:\/\/www.financeads.net\/tb.php?t=36648V205040072B&https=1\" alt=\"\" border=\"0\" width=\"300\" height=\"250\"><\/a><!-- Ende https:\/\/www.financeads.net\/-Code --><\/div>\t\t<\/div>\n\t\t\t\t<\/div>\n\t\t\t\t<div class=\"elementor-element elementor-element-9b68655 elementor-widget elementor-widget-wp-widget-advads_ad_widget\" data-id=\"9b68655\" data-element_type=\"widget\" data-widget_type=\"wp-widget-advads_ad_widget.default\">\n\t\t\t\t<div class=\"elementor-widget-container\">\n\t\t\t<div id=\"regio-2936898812\"><div class=\"regio-adlabel\">Werbung<\/div><!-- Beginn https:\/\/www.financeads.net\/-Code --><a href=\"https:\/\/www.financeads.net\/tc.php?t=36648C271460142B\" target=\"_blank\"><img loading=\"lazy\" decoding=\"async\" src=\"https:\/\/www.financeads.net\/tb.php?t=36648V271460142B&https=1\" alt=\"PETPROTECT_Hund&Katze_Banner\" border=\"0\" width=\"250\" height=\"250\"><\/a><!-- Ende https:\/\/www.financeads.net\/-Code --><\/div>\t\t<\/div>\n\t\t\t\t<\/div>\n\t\t\t\t\t<\/div>\n\t\t<\/div>\n\t\t\t\t\t<\/div>\n\t\t<\/section>\n\t\t\t\t<\/div>\n\t\t","protected":false},"excerpt":{"rendered":"<div class=\"mh-excerpt\"><p>Auch beim Arzt und in allen anderen Praxen gilt ab Montag, den 11. Mai 2020, die Maskenpflicht &#8222;Ab dem 11. Mai 2020 gilt in Arzt- und Zahnarztpraxen und in allen sonstigen Praxen, in denen medizinische, <a class=\"mh-excerpt-more\" href=\"https:\/\/www.region-schwabach.de\/wordpress\/mundschutzpflicht-ab-montag-den-11-mai-2020-auch-in-arzt-und-zahnarztpraxen-und-allen-sonstigen-praxen\/\" title=\"Mundschutzpflicht ab Montag, den 11. Mai 2020, auch in Arzt- und Zahnarztpraxen und allen sonstigen Praxen\">[&#8230;]<\/a><\/p>\n<\/div>","protected":false},"author":1,"featured_media":111592,"comment_status":"open","ping_status":"open","sticky":false,"template":"","format":"standard","meta":{"_cbd_carousel_blocks":"[]","footnotes":""},"categories":[16,287,61],"tags":[12433,1490,12084,5132,522,12323,12324,1480,19,3012,3151,72,11735],"class_list":{"0":"post-111587","1":"post","2":"type-post","3":"status-publish","4":"format-standard","5":"has-post-thumbnail","7":"category-aktuell","8":"category-jugend-und-familie","9":"category-rathaus","10":"tag-11-05-2020","11":"tag-arztpraxis","12":"tag-corona","13":"tag-geschaefte","14":"tag-koenigsplatz","15":"tag-mundschutzpflicht","16":"tag-oepnv","17":"tag-rathaus","18":"tag-schwabach","19":"tag-stadt","20":"tag-stadt-schwabach","21":"tag-stadtverwaltung","22":"tag-zahnarztpraxis"},"_links":{"self":[{"href":"https:\/\/www.region-schwabach.de\/wordpress\/wp-json\/wp\/v2\/posts\/111587","targetHints":{"allow":["GET"]}}],"collection":[{"href":"https:\/\/www.region-schwabach.de\/wordpress\/wp-json\/wp\/v2\/posts"}],"about":[{"href":"https:\/\/www.region-schwabach.de\/wordpress\/wp-json\/wp\/v2\/types\/post"}],"author":[{"embeddable":true,"href":"https:\/\/www.region-schwabach.de\/wordpress\/wp-json\/wp\/v2\/users\/1"}],"replies":[{"embeddable":true,"href":"https:\/\/www.region-schwabach.de\/wordpress\/wp-json\/wp\/v2\/comments?post=111587"}],"version-history":[{"count":0,"href":"https:\/\/www.region-schwabach.de\/wordpress\/wp-json\/wp\/v2\/posts\/111587\/revisions"}],"wp:featuredmedia":[{"embeddable":true,"href":"https:\/\/www.region-schwabach.de\/wordpress\/wp-json\/wp\/v2\/media\/111592"}],"wp:attachment":[{"href":"https:\/\/www.region-schwabach.de\/wordpress\/wp-json\/wp\/v2\/media?parent=111587"}],"wp:term":[{"taxonomy":"category","embeddable":true,"href":"https:\/\/www.region-schwabach.de\/wordpress\/wp-json\/wp\/v2\/categories?post=111587"},{"taxonomy":"post_tag","embeddable":true,"href":"https:\/\/www.region-schwabach.de\/wordpress\/wp-json\/wp\/v2\/tags?post=111587"}],"curies":[{"name":"wp","href":"https:\/\/api.w.org\/{rel}","templated":true}]}}