{"id":111758,"date":"2020-05-13T10:11:01","date_gmt":"2020-05-13T08:11:01","guid":{"rendered":"https:\/\/www.region-schwabach.de\/wordpress\/?p=111758"},"modified":"2020-05-13T10:34:41","modified_gmt":"2020-05-13T08:34:41","slug":"burgerreise-nach-les-sables-dolonne-und-konzert-der-partnerschaftskomitees-fallen-aus","status":"publish","type":"post","link":"https:\/\/www.region-schwabach.de\/wordpress\/burgerreise-nach-les-sables-dolonne-und-konzert-der-partnerschaftskomitees-fallen-aus\/","title":{"rendered":"B\u00fcrgerreise nach Les Sables d\u00b4Olonne und Konzert der Partnerschaftskomitees fallen aus"},"content":{"rendered":"\t\t<div data-elementor-type=\"wp-post\" data-elementor-id=\"111758\" class=\"elementor elementor-111758\">\n\t\t\t\t\t\t<section class=\"elementor-section elementor-top-section elementor-element elementor-element-678181b elementor-section-boxed elementor-section-height-default elementor-section-height-default\" data-id=\"678181b\" data-element_type=\"section\">\n\t\t\t\t\t\t<div class=\"elementor-container elementor-column-gap-default\">\n\t\t\t\t\t<div class=\"elementor-column elementor-col-50 elementor-top-column elementor-element elementor-element-6b34026\" data-id=\"6b34026\" data-element_type=\"column\">\n\t\t\t<div class=\"elementor-widget-wrap elementor-element-populated\">\n\t\t\t\t\t\t<div class=\"elementor-element elementor-element-494ea67 elementor-widget elementor-widget-wp-widget-advads_ad_widget\" data-id=\"494ea67\" data-element_type=\"widget\" data-widget_type=\"wp-widget-advads_ad_widget.default\">\n\t\t\t\t<div class=\"elementor-widget-container\">\n\t\t\t<div id=\"regio-2595717844\"><div class=\"regio-adlabel\">Werbung<\/div><center><a href=\"https:\/\/a.partner-versicherung.de\/click.php?partner_id=19992&ad_id=1578&deep=kreditkarten\"  target=\"_blank\"><img decoding=\"async\" src=\"https:\/\/a.partner-versicherung.de\/view.php?partner_id=19992&ad_id=1578\" ><\/a><\/center><\/div>\t\t<\/div>\n\t\t\t\t<\/div>\n\t\t\t\t<div class=\"elementor-element elementor-element-443ab98 elementor-widget elementor-widget-text-editor\" data-id=\"443ab98\" data-element_type=\"widget\" data-widget_type=\"text-editor.default\">\n\t\t\t\t<div class=\"elementor-widget-container\">\n\t\t\t\t\t\t\t<h3>Wegen Pandemielage:<br \/>B\u00fcrgerreise (Anfang Juni) und Partnerschaftskonzert (14. Mai 2020) fallen aus<\/h3><p><span style=\"font-size: 12pt;\">Die f\u00fcr Juni geplanten Feierlichkeiten zum 45. Jubil\u00e4um der St\u00e4dtepartnerschaft Schwabach &#8211; Les Sables d \u2018Olonne sind offiziell abgesagt.<\/span><\/p><h3>B\u00fcrgerreise nach Les Sables d \u2018Olonne abgesagt<\/h3><p><span style=\"font-size: 12pt;\">In Frankreich sind bis mindestens Mitte Juli alle Gro\u00dfveranstaltungen untersagt. Damit entf\u00e4llt auch die B\u00fcrgerreise, die f\u00fcr Anfang Juni geplant war. Wann, wie und wo die Feierlichkeiten zum Jubil\u00e4um nachgeholt werden, wird in den n\u00e4chsten Wochen und Monaten entschieden.<\/span><\/p><h3>Sehr auf Reise gefreut<\/h3><p><span style=\"font-size: 12pt;\">\u201eEs ist wirklich sehr schade, da sich eine rund 70-k\u00f6pfige Schwabacher Delegation sehr auf die Reise gefreut hat\u201c, so Robert van Loosen, der Vorsitzende des Schwabacher Komitees.<\/span><\/p><h3>Konzert von \u201eMoi et les autres\u201c entf\u00e4llt ebenfalls<\/h3><p><span style=\"font-size: 12pt;\">Auch das Konzert von \u201eMoi et les autres\u201c, das alle Partnerschaftskomitees am 14. Mai zusammen im B\u00fcrgerhaussaal ausrichten wollten, muss wegen der\u00a0Pandemie abgesagt werden.<\/span><\/p>\t\t\t\t\t\t<\/div>\n\t\t\t\t<\/div>\n\t\t\t\t<div class=\"elementor-element elementor-element-9478e99 elementor-widget elementor-widget-shortcode\" data-id=\"9478e99\" data-element_type=\"widget\" data-widget_type=\"shortcode.default\">\n\t\t\t\t<div class=\"elementor-widget-container\">\n\t\t\t\t\t<div class=\"elementor-shortcode\"><!-- Beginn https:\/\/www.financeads.net\/-Code --><a href=\"https:\/\/www.financeads.net\/tc.php?t=36648C38513858B\" target=\"_blank\"><center><img decoding=\"async\" src=\"https:\/\/www.financeads.net\/tb.php?t=36648V38513858B&https=1\" alt=\"\" border=\"0\" width=\"468\" height=\"60\"><\/a><!-- Ende https:\/\/www.financeads.net\/-Code --><\/div>\n\t\t\t\t<\/div>\n\t\t\t\t<\/div>\n\t\t\t\t<div class=\"elementor-element elementor-element-a6b86d7 elementor-widget elementor-widget-google_maps\" data-id=\"a6b86d7\" data-element_type=\"widget\" data-widget_type=\"google_maps.default\">\n\t\t\t\t<div class=\"elementor-widget-container\">\n\t\t\t\t\t<div class=\"elementor-custom-embed\">\n\t\t\t<iframe loading=\"lazy\"\n\t\t\t\t\tsrc=\"https:\/\/maps.google.com\/maps?q=K%C3%B6nigsplatz%2C%20Schwabach%2C%20Deutschland&#038;t=m&#038;z=16&#038;output=embed&#038;iwloc=near\"\n\t\t\t\t\ttitle=\"K\u00f6nigsplatz, Schwabach, Deutschland\"\n\t\t\t\t\taria-label=\"K\u00f6nigsplatz, Schwabach, Deutschland\"\n\t\t\t><\/iframe>\n\t\t<\/div>\n\t\t\t\t<\/div>\n\t\t\t\t<\/div>\n\t\t\t\t\t<\/div>\n\t\t<\/div>\n\t\t\t\t<div class=\"elementor-column elementor-col-50 elementor-top-column elementor-element elementor-element-596c2f1\" data-id=\"596c2f1\" data-element_type=\"column\">\n\t\t\t<div class=\"elementor-widget-wrap elementor-element-populated\">\n\t\t\t\t\t\t<div class=\"elementor-element elementor-element-8148fb6 elementor-widget elementor-widget-heading\" data-id=\"8148fb6\" data-element_type=\"widget\" data-widget_type=\"heading.default\">\n\t\t\t\t<div class=\"elementor-widget-container\">\n\t\t\t<h3 class=\"elementor-heading-title elementor-size-default\">Schnell vergleichen und sparen!<\/h3>\t\t<\/div>\n\t\t\t\t<\/div>\n\t\t\t\t<div class=\"elementor-element elementor-element-222997f elementor-widget elementor-widget-wp-widget-advads_ad_widget\" data-id=\"222997f\" data-element_type=\"widget\" data-widget_type=\"wp-widget-advads_ad_widget.default\">\n\t\t\t\t<div class=\"elementor-widget-container\">\n\t\t\t<div id=\"regio-4082141605\"><div class=\"regio-adlabel\">Werbung<\/div><!-- Beginn https:\/\/www.financeads.net\/-Code --><a href=\"https:\/\/www.financeads.net\/tc.php?t=36648C236142529B\" target=\"_blank\"><img fetchpriority=\"high\" decoding=\"async\" src=\"https:\/\/www.financeads.net\/tb.php?t=36648V236142529B&https=1\" alt=\"\" border=\"0\" width=\"300\" height=\"250\"><\/a><!-- Ende https:\/\/www.financeads.net\/-Code --><\/div>\t\t<\/div>\n\t\t\t\t<\/div>\n\t\t\t\t<div class=\"elementor-element elementor-element-fc357eb elementor-widget elementor-widget-wp-widget-advads_ad_widget\" data-id=\"fc357eb\" data-element_type=\"widget\" data-widget_type=\"wp-widget-advads_ad_widget.default\">\n\t\t\t\t<div class=\"elementor-widget-container\">\n\t\t\t<div id=\"regio-2775409521\"><div class=\"regio-adlabel\">Werbung<\/div><!-- Beginn https:\/\/www.financeads.net\/-Code --><a href=\"https:\/\/www.financeads.net\/tc.php?t=36648C42614510B\" target=\"_blank\"><img decoding=\"async\" src=\"https:\/\/www.financeads.net\/tb.php?t=36648V42614510B&https=1\" alt=\"\" border=\"0\" width=\"200\" height=\"300\"><\/a><!-- Ende https:\/\/www.financeads.net\/-Code --><\/div>\t\t<\/div>\n\t\t\t\t<\/div>\n\t\t\t\t<div class=\"elementor-element elementor-element-6129db7 elementor-widget elementor-widget-wp-widget-advads_ad_widget\" data-id=\"6129db7\" data-element_type=\"widget\" data-widget_type=\"wp-widget-advads_ad_widget.default\">\n\t\t\t\t<div class=\"elementor-widget-container\">\n\t\t\t<div id=\"regio-2949549624\"><div class=\"regio-adlabel\">Werbung<\/div><!-- Beginn https:\/\/www.financeads.net\/-Code --><a href=\"https:\/\/www.financeads.net\/tc.php?t=36648C205040072B\" target=\"_blank\"><img loading=\"lazy\" decoding=\"async\" src=\"https:\/\/www.financeads.net\/tb.php?t=36648V205040072B&https=1\" alt=\"\" border=\"0\" width=\"300\" height=\"250\"><\/a><!-- Ende https:\/\/www.financeads.net\/-Code --><\/div>\t\t<\/div>\n\t\t\t\t<\/div>\n\t\t\t\t<div class=\"elementor-element elementor-element-13addb1 elementor-widget elementor-widget-wp-widget-advads_ad_widget\" data-id=\"13addb1\" data-element_type=\"widget\" data-widget_type=\"wp-widget-advads_ad_widget.default\">\n\t\t\t\t<div class=\"elementor-widget-container\">\n\t\t\t<div id=\"regio-2515236006\"><div class=\"regio-adlabel\">Werbung<\/div><!-- Beginn https:\/\/www.financeads.net\/-Code --><a href=\"https:\/\/www.financeads.net\/tc.php?t=36648C271460142B\" target=\"_blank\"><img loading=\"lazy\" decoding=\"async\" src=\"https:\/\/www.financeads.net\/tb.php?t=36648V271460142B&https=1\" alt=\"PETPROTECT_Hund&Katze_Banner\" border=\"0\" width=\"250\" height=\"250\"><\/a><!-- Ende https:\/\/www.financeads.net\/-Code --><\/div>\t\t<\/div>\n\t\t\t\t<\/div>\n\t\t\t\t\t<\/div>\n\t\t<\/div>\n\t\t\t\t\t<\/div>\n\t\t<\/section>\n\t\t\t\t<\/div>\n\t\t","protected":false},"excerpt":{"rendered":"<div class=\"mh-excerpt\"><p>Wegen Pandemielage:B\u00fcrgerreise (Anfang Juni) und Partnerschaftskonzert (14. Mai 2020) fallen aus Die f\u00fcr Juni geplanten Feierlichkeiten zum 45. Jubil\u00e4um der St\u00e4dtepartnerschaft Schwabach &#8211; Les Sables d \u2018Olonne sind offiziell abgesagt. B\u00fcrgerreise nach Les Sables d <a class=\"mh-excerpt-more\" href=\"https:\/\/www.region-schwabach.de\/wordpress\/burgerreise-nach-les-sables-dolonne-und-konzert-der-partnerschaftskomitees-fallen-aus\/\" title=\"B\u00fcrgerreise nach Les Sables d\u00b4Olonne und Konzert der Partnerschaftskomitees fallen aus\">[&#8230;]<\/a><\/p>\n<\/div>","protected":false},"author":1,"featured_media":111761,"comment_status":"open","ping_status":"open","sticky":false,"template":"","format":"standard","meta":{"_cbd_carousel_blocks":"[]","footnotes":""},"categories":[16,287,61,231],"tags":[12499,12461,4466,4379,3155,3604,4430,522,3128,3819,1480,19,3151,291],"class_list":{"0":"post-111758","1":"post","2":"type-post","3":"status-publish","4":"format-standard","5":"has-post-thumbnail","7":"category-aktuell","8":"category-jugend-und-familie","9":"category-rathaus","10":"category-veranstaltungsnews","11":"tag-moi-et-les-autres","12":"tag-14-05-2020","13":"tag-anfang-juni","14":"tag-ausfall","15":"tag-ausstellung","16":"tag-buergerhaus","17":"tag-buergerreise","18":"tag-koenigsplatz","19":"tag-konzert","20":"tag-les-sables-dolonne","21":"tag-rathaus","22":"tag-schwabach","23":"tag-stadt-schwabach","24":"tag-staedtepartnerschaft"},"_links":{"self":[{"href":"https:\/\/www.region-schwabach.de\/wordpress\/wp-json\/wp\/v2\/posts\/111758","targetHints":{"allow":["GET"]}}],"collection":[{"href":"https:\/\/www.region-schwabach.de\/wordpress\/wp-json\/wp\/v2\/posts"}],"about":[{"href":"https:\/\/www.region-schwabach.de\/wordpress\/wp-json\/wp\/v2\/types\/post"}],"author":[{"embeddable":true,"href":"https:\/\/www.region-schwabach.de\/wordpress\/wp-json\/wp\/v2\/users\/1"}],"replies":[{"embeddable":true,"href":"https:\/\/www.region-schwabach.de\/wordpress\/wp-json\/wp\/v2\/comments?post=111758"}],"version-history":[{"count":0,"href":"https:\/\/www.region-schwabach.de\/wordpress\/wp-json\/wp\/v2\/posts\/111758\/revisions"}],"wp:featuredmedia":[{"embeddable":true,"href":"https:\/\/www.region-schwabach.de\/wordpress\/wp-json\/wp\/v2\/media\/111761"}],"wp:attachment":[{"href":"https:\/\/www.region-schwabach.de\/wordpress\/wp-json\/wp\/v2\/media?parent=111758"}],"wp:term":[{"taxonomy":"category","embeddable":true,"href":"https:\/\/www.region-schwabach.de\/wordpress\/wp-json\/wp\/v2\/categories?post=111758"},{"taxonomy":"post_tag","embeddable":true,"href":"https:\/\/www.region-schwabach.de\/wordpress\/wp-json\/wp\/v2\/tags?post=111758"}],"curies":[{"name":"wp","href":"https:\/\/api.w.org\/{rel}","templated":true}]}}