{"id":112939,"date":"2020-05-30T06:48:28","date_gmt":"2020-05-30T04:48:28","guid":{"rendered":"https:\/\/www.region-schwabach.de\/wordpress\/?p=112939"},"modified":"2020-05-30T06:50:47","modified_gmt":"2020-05-30T04:50:47","slug":"radfahrer-bei-unfall-in-der-nahe-von-buchenbach-lebensgefahrlich-verletzt","status":"publish","type":"post","link":"https:\/\/www.region-schwabach.de\/wordpress\/radfahrer-bei-unfall-in-der-nahe-von-buchenbach-lebensgefahrlich-verletzt\/","title":{"rendered":"Radfahrer bei Unfall in der N\u00e4he von B\u00fcchenbach lebensgef\u00e4hrlich verletzt"},"content":{"rendered":"\t\t<div data-elementor-type=\"wp-post\" data-elementor-id=\"112939\" class=\"elementor elementor-112939\">\n\t\t\t\t\t\t<section class=\"elementor-section elementor-top-section elementor-element elementor-element-1cuv9jr elementor-section-boxed elementor-section-height-default elementor-section-height-default\" data-id=\"1cuv9jr\" data-element_type=\"section\">\n\t\t\t\t\t\t<div class=\"elementor-container elementor-column-gap-default\">\n\t\t\t\t\t<div class=\"elementor-column elementor-col-50 elementor-top-column elementor-element elementor-element-q5zak7b\" data-id=\"q5zak7b\" data-element_type=\"column\">\n\t\t\t<div class=\"elementor-widget-wrap elementor-element-populated\">\n\t\t\t\t\t\t<div class=\"elementor-element elementor-element-dcef279 elementor-widget elementor-widget-wp-widget-advads_ad_widget\" data-id=\"dcef279\" data-element_type=\"widget\" data-widget_type=\"wp-widget-advads_ad_widget.default\">\n\t\t\t\t<div class=\"elementor-widget-container\">\n\t\t\t<div id=\"regio-2412700127\"><center><a href=\"https:\/\/a.partner-versicherung.de\/click.php?partner_id=19992&ad_id=1578&deep=kreditkarten\"  target=\"_blank\"><img decoding=\"async\" src=\"https:\/\/a.partner-versicherung.de\/view.php?partner_id=19992&ad_id=1578\" ><\/a><\/center><\/div>\t\t<\/div>\n\t\t\t\t<\/div>\n\t\t\t\t<div class=\"elementor-element elementor-element-a4daeae elementor-widget elementor-widget-text-editor\" data-id=\"a4daeae\" data-element_type=\"widget\" data-widget_type=\"text-editor.default\">\n\t\t\t\t<div class=\"elementor-widget-container\">\n\t\t\t\t\t\t\t<h3>Radfahrer bei B\u00fcchenbach lebensgef\u00e4hrlich verletzt<\/h3><p><span style=\"font-size: 12pt;\">B\u00fcchenbach &#8211; Am Donnerstagnachmittag, den 28.05.2020, war ein 75-j\u00e4hriger VW-Fahrer auf der Staatsstra\u00dfe von Tennenlohe in Richtung Aurau unterwegs, als er in einer un\u00fcbersichtlichen Rechtskurve &#8211; unmittelbar nach einem Waldst\u00fcck kurz vor Breitenlohe &#8211; einen 82-j\u00e4hrigen Pedelec-Fahrer erfasste, der mit seinem Rad auf dem Wanderweg in Richtung B\u00fcchenbach fuhr und die Staatsstra\u00dfe dort \u00fcberqueren wollte.<\/span><\/p><p><span style=\"font-size: 12pt;\">Der 82 J\u00e4hrige wurde frontal von dem VW-Fahrer erfasst und auf die Fahrbahn geschleudert, wobei er lebensgef\u00e4hrlich verletzt wurde. An den beiden beteiligten Fahrzeugen entstand ein Sachschaden in H\u00f6he von ca. 2.000 Euro. Zur genauen Kl\u00e4rung des Unfallhergangs wurde ein Sachverst\u00e4ndiger eingeschaltet. F\u00fcr die Dauer der Unfallaufnahme sperrte die Feuerwehr f\u00fcr etwa drei Stunden die Stra\u00dfe und leitete den Verkehr um.<\/span><\/p>\t\t\t\t\t\t<\/div>\n\t\t\t\t<\/div>\n\t\t\t\t<div class=\"elementor-element elementor-element-1d7490b elementor-widget elementor-widget-shortcode\" data-id=\"1d7490b\" data-element_type=\"widget\" data-widget_type=\"shortcode.default\">\n\t\t\t\t<div class=\"elementor-widget-container\">\n\t\t\t\t\t<div class=\"elementor-shortcode\"><!-- Beginn https:\/\/www.financeads.net\/-Code --><a href=\"https:\/\/www.financeads.net\/tc.php?t=36648C38513858B\" target=\"_blank\"><center><img decoding=\"async\" src=\"https:\/\/www.financeads.net\/tb.php?t=36648V38513858B&https=1\" alt=\"\" border=\"0\" width=\"468\" height=\"60\"><\/a><!-- Ende https:\/\/www.financeads.net\/-Code --><\/div>\n\t\t\t\t<\/div>\n\t\t\t\t<\/div>\n\t\t\t\t<div class=\"elementor-element elementor-element-ace1283 elementor-widget-divider--view-line elementor-widget elementor-widget-divider\" data-id=\"ace1283\" data-element_type=\"widget\" data-widget_type=\"divider.default\">\n\t\t\t\t<div class=\"elementor-widget-container\">\n\t\t\t\t\t<div class=\"elementor-divider\">\n\t\t\t<span class=\"elementor-divider-separator\">\n\t\t\t\t\t\t<\/span>\n\t\t<\/div>\n\t\t\t\t<\/div>\n\t\t\t\t<\/div>\n\t\t\t\t<div class=\"elementor-element elementor-element-ac34ac3 elementor-widget elementor-widget-google_maps\" data-id=\"ac34ac3\" data-element_type=\"widget\" data-widget_type=\"google_maps.default\">\n\t\t\t\t<div class=\"elementor-widget-container\">\n\t\t\t\t\t<div class=\"elementor-custom-embed\">\n\t\t\t<iframe loading=\"lazy\"\n\t\t\t\t\tsrc=\"https:\/\/maps.google.com\/maps?q=Tennenlohe%2C%20B%C3%BCchenbach%2C%20Deutschland&#038;t=m&#038;z=14&#038;output=embed&#038;iwloc=near\"\n\t\t\t\t\ttitle=\"Tennenlohe, B\u00fcchenbach, Deutschland\"\n\t\t\t\t\taria-label=\"Tennenlohe, B\u00fcchenbach, Deutschland\"\n\t\t\t><\/iframe>\n\t\t<\/div>\n\t\t\t\t<\/div>\n\t\t\t\t<\/div>\n\t\t\t\t\t<\/div>\n\t\t<\/div>\n\t\t\t\t<div class=\"elementor-column elementor-col-50 elementor-top-column elementor-element elementor-element-06d28a1\" data-id=\"06d28a1\" data-element_type=\"column\">\n\t\t\t<div class=\"elementor-widget-wrap elementor-element-populated\">\n\t\t\t\t\t\t<div class=\"elementor-element elementor-element-5539bc6 elementor-widget elementor-widget-heading\" data-id=\"5539bc6\" data-element_type=\"widget\" data-widget_type=\"heading.default\">\n\t\t\t\t<div class=\"elementor-widget-container\">\n\t\t\t<h3 class=\"elementor-heading-title elementor-size-default\">Schnell vergleichen und sparen!<\/h3>\t\t<\/div>\n\t\t\t\t<\/div>\n\t\t\t\t<div class=\"elementor-element elementor-element-ab0991f elementor-widget elementor-widget-wp-widget-advads_ad_widget\" data-id=\"ab0991f\" data-element_type=\"widget\" data-widget_type=\"wp-widget-advads_ad_widget.default\">\n\t\t\t\t<div class=\"elementor-widget-container\">\n\t\t\t<div id=\"regio-2124997701\"><!-- Beginn https:\/\/www.financeads.net\/-Code --><a href=\"https:\/\/www.financeads.net\/tc.php?t=36648C236142529B\" target=\"_blank\"><img fetchpriority=\"high\" decoding=\"async\" src=\"https:\/\/www.financeads.net\/tb.php?t=36648V236142529B&https=1\" alt=\"\" border=\"0\" width=\"300\" height=\"250\"><\/a><!-- Ende https:\/\/www.financeads.net\/-Code --><\/div>\t\t<\/div>\n\t\t\t\t<\/div>\n\t\t\t\t<div class=\"elementor-element elementor-element-fd89b80 elementor-widget elementor-widget-wp-widget-advads_ad_widget\" data-id=\"fd89b80\" data-element_type=\"widget\" data-widget_type=\"wp-widget-advads_ad_widget.default\">\n\t\t\t\t<div class=\"elementor-widget-container\">\n\t\t\t<div id=\"regio-2263679301\"><!-- Beginn https:\/\/www.financeads.net\/-Code --><a href=\"https:\/\/www.financeads.net\/tc.php?t=36648C42614510B\" target=\"_blank\"><img decoding=\"async\" src=\"https:\/\/www.financeads.net\/tb.php?t=36648V42614510B&https=1\" alt=\"\" border=\"0\" width=\"200\" height=\"300\"><\/a><!-- Ende https:\/\/www.financeads.net\/-Code --><\/div>\t\t<\/div>\n\t\t\t\t<\/div>\n\t\t\t\t<div class=\"elementor-element elementor-element-cafeb33 elementor-widget elementor-widget-wp-widget-advads_ad_widget\" data-id=\"cafeb33\" data-element_type=\"widget\" data-widget_type=\"wp-widget-advads_ad_widget.default\">\n\t\t\t\t<div class=\"elementor-widget-container\">\n\t\t\t<div id=\"regio-3827733499\"><!-- Beginn https:\/\/www.financeads.net\/-Code --><a href=\"https:\/\/www.financeads.net\/tc.php?t=36648C205040072B\" target=\"_blank\"><img loading=\"lazy\" decoding=\"async\" src=\"https:\/\/www.financeads.net\/tb.php?t=36648V205040072B&https=1\" alt=\"\" border=\"0\" width=\"300\" height=\"250\"><\/a><!-- Ende https:\/\/www.financeads.net\/-Code --><\/div>\t\t<\/div>\n\t\t\t\t<\/div>\n\t\t\t\t<div class=\"elementor-element elementor-element-0205306 elementor-widget elementor-widget-wp-widget-advads_ad_widget\" data-id=\"0205306\" data-element_type=\"widget\" data-widget_type=\"wp-widget-advads_ad_widget.default\">\n\t\t\t\t<div class=\"elementor-widget-container\">\n\t\t\t<div id=\"regio-1749873021\"><!-- Beginn https:\/\/www.financeads.net\/-Code --><a href=\"https:\/\/www.financeads.net\/tc.php?t=36648C271460142B\" target=\"_blank\"><img loading=\"lazy\" decoding=\"async\" src=\"https:\/\/www.financeads.net\/tb.php?t=36648V271460142B&https=1\" alt=\"PETPROTECT_Hund&Katze_Banner\" border=\"0\" width=\"250\" height=\"250\"><\/a><!-- Ende https:\/\/www.financeads.net\/-Code --><\/div>\t\t<\/div>\n\t\t\t\t<\/div>\n\t\t\t\t\t<\/div>\n\t\t<\/div>\n\t\t\t\t\t<\/div>\n\t\t<\/section>\n\t\t\t\t<\/div>\n\t\t","protected":false},"excerpt":{"rendered":"<div class=\"mh-excerpt\"><p>Radfahrer bei B\u00fcchenbach lebensgef\u00e4hrlich verletzt B\u00fcchenbach &#8211; Am Donnerstagnachmittag, den 28.05.2020, war ein 75-j\u00e4hriger VW-Fahrer auf der Staatsstra\u00dfe von Tennenlohe in Richtung Aurau unterwegs, als er in einer un\u00fcbersichtlichen Rechtskurve &#8211; unmittelbar nach einem Waldst\u00fcck <a class=\"mh-excerpt-more\" href=\"https:\/\/www.region-schwabach.de\/wordpress\/radfahrer-bei-unfall-in-der-nahe-von-buchenbach-lebensgefahrlich-verletzt\/\" title=\"Radfahrer bei Unfall in der N\u00e4he von B\u00fcchenbach lebensgef\u00e4hrlich verletzt\">[&#8230;]<\/a><\/p>\n<\/div>","protected":false},"author":1,"featured_media":112940,"comment_status":"open","ping_status":"open","sticky":false,"template":"","format":"standard","meta":{"_cbd_carousel_blocks":"[]","footnotes":""},"categories":[15],"tags":[12705,1911,492,878,1906,643,296,12714,9823,2256,463,3668,32,5347,1093,71,1616,7738,172,960,1267,12715],"class_list":{"0":"post-112939","1":"post","2":"type-post","3":"status-publish","4":"format-standard","5":"has-post-thumbnail","7":"category-polizeimeldungen","8":"tag-28-05-2020","9":"tag-aurau","10":"tag-buechenbach","11":"tag-e-bike","12":"tag-fahrbahn","13":"tag-fahrrad","14":"tag-feuerwehr","15":"tag-frontal-erfasst","16":"tag-lebensgefaehrlich-verletzt","17":"tag-pedelec","18":"tag-pkw","19":"tag-rechtskurve","20":"tag-roth","21":"tag-sachverstaendiger","22":"tag-staatsstrasse","23":"tag-strassensperre","24":"tag-tennenlohe","25":"tag-ueberquerung","26":"tag-umleitung","27":"tag-vw","28":"tag-waldstueck","29":"tag-wanderweg"},"_links":{"self":[{"href":"https:\/\/www.region-schwabach.de\/wordpress\/wp-json\/wp\/v2\/posts\/112939","targetHints":{"allow":["GET"]}}],"collection":[{"href":"https:\/\/www.region-schwabach.de\/wordpress\/wp-json\/wp\/v2\/posts"}],"about":[{"href":"https:\/\/www.region-schwabach.de\/wordpress\/wp-json\/wp\/v2\/types\/post"}],"author":[{"embeddable":true,"href":"https:\/\/www.region-schwabach.de\/wordpress\/wp-json\/wp\/v2\/users\/1"}],"replies":[{"embeddable":true,"href":"https:\/\/www.region-schwabach.de\/wordpress\/wp-json\/wp\/v2\/comments?post=112939"}],"version-history":[{"count":0,"href":"https:\/\/www.region-schwabach.de\/wordpress\/wp-json\/wp\/v2\/posts\/112939\/revisions"}],"wp:featuredmedia":[{"embeddable":true,"href":"https:\/\/www.region-schwabach.de\/wordpress\/wp-json\/wp\/v2\/media\/112940"}],"wp:attachment":[{"href":"https:\/\/www.region-schwabach.de\/wordpress\/wp-json\/wp\/v2\/media?parent=112939"}],"wp:term":[{"taxonomy":"category","embeddable":true,"href":"https:\/\/www.region-schwabach.de\/wordpress\/wp-json\/wp\/v2\/categories?post=112939"},{"taxonomy":"post_tag","embeddable":true,"href":"https:\/\/www.region-schwabach.de\/wordpress\/wp-json\/wp\/v2\/tags?post=112939"}],"curies":[{"name":"wp","href":"https:\/\/api.w.org\/{rel}","templated":true}]}}