{"id":113997,"date":"2020-06-15T00:19:00","date_gmt":"2020-06-14T22:19:00","guid":{"rendered":"https:\/\/www.region-schwabach.de\/wordpress\/?p=113997"},"modified":"2020-06-15T11:35:40","modified_gmt":"2020-06-15T09:35:40","slug":"vhs-schwabach-startet-im-juli-mit-sonderprogramm-sommerakademie-wieder","status":"publish","type":"post","link":"https:\/\/www.region-schwabach.de\/wordpress\/vhs-schwabach-startet-im-juli-mit-sonderprogramm-sommerakademie-wieder\/","title":{"rendered":"vhs Schwabach startet im Juli mit Sonderprogramm &#8222;Sommerakademie+&#8220; wieder"},"content":{"rendered":"\t\t<div data-elementor-type=\"wp-post\" data-elementor-id=\"113997\" class=\"elementor elementor-113997\">\n\t\t\t\t\t\t<section class=\"elementor-section elementor-top-section elementor-element elementor-element-678181b elementor-section-boxed elementor-section-height-default elementor-section-height-default\" data-id=\"678181b\" data-element_type=\"section\">\n\t\t\t\t\t\t<div class=\"elementor-container elementor-column-gap-default\">\n\t\t\t\t\t<div class=\"elementor-column elementor-col-50 elementor-top-column elementor-element elementor-element-6b34026\" data-id=\"6b34026\" data-element_type=\"column\">\n\t\t\t<div class=\"elementor-widget-wrap elementor-element-populated\">\n\t\t\t\t\t\t<div class=\"elementor-element elementor-element-5fea1cd elementor-widget elementor-widget-wp-widget-advads_ad_widget\" data-id=\"5fea1cd\" data-element_type=\"widget\" data-widget_type=\"wp-widget-advads_ad_widget.default\">\n\t\t\t\t<div class=\"elementor-widget-container\">\n\t\t\t<div id=\"regio-1307807822\"><div class=\"regio-adlabel\">Werbung<\/div><center><a href=\"https:\/\/a.partner-versicherung.de\/click.php?partner_id=19992&ad_id=1578&deep=kreditkarten\"  target=\"_blank\"><img decoding=\"async\" src=\"https:\/\/a.partner-versicherung.de\/view.php?partner_id=19992&ad_id=1578\" ><\/a><\/center><\/div>\t\t<\/div>\n\t\t\t\t<\/div>\n\t\t\t\t<div class=\"elementor-element elementor-element-443ab98 elementor-widget elementor-widget-text-editor\" data-id=\"443ab98\" data-element_type=\"widget\" data-widget_type=\"text-editor.default\">\n\t\t\t\t<div class=\"elementor-widget-container\">\n\t\t\t\t\t\t\t<h3><span style=\"font-size: 12pt;\">Pr\u00e4senzprogramm ab Juli 2020:<br \/>Vhs-Betrieb darf wieder starten<\/span><\/h3><p><span style=\"font-size: 12pt;\">Die lange Unterbrechung des Kursbetriebs an der Volkshochschule (vhs) geht zu Ende. Der Neustart erfolgt mit einem umfangreichen Sonderprogramm unter dem Namen \u201eSommerakademie+\u201c f\u00fcr die Monate Juli bis September. Darunter fallen auch Angebote der Kooperationspartner vom Evangelischen Bildungs-werk (EBW) und der Katholischen Erwachsenenbildung (KEB), die auch schon in den letzten Jahren unter anderen Begleitumst\u00e4nden im Sommerprogramm dabei waren. <\/span><\/p><h3>Programm online im Internet<\/h3><p><span style=\"font-size: 12pt;\">Das Programm ist online auf der <a href=\"https:\/\/www.vhs.schwabach.de\/\" target=\"_blank\" rel=\"noopener\">Homepage der Volkshochschule Schwabach (hier klicken &#8230;)<\/a> zu finden. Und schon nach den Pfingstferien sollen die Integrationskurse teilweise fortgesetzt und die Pr\u00fcfungen dazu abgehalten werden.<br \/><\/span><\/p><h3>Kursgeschehen von Hygienevorschriften gepr\u00e4gt<\/h3><p><span style=\"font-size: 12pt;\">Das Kursgeschehen wird stark von den Hygienevorschriften gepr\u00e4gt sein, die es einzuhalten gilt. Nicht alle R\u00e4ume, die bisher f\u00fcr das Unterrichtsgeschehen genutzt wurden, stehen zur Verf\u00fcgung. Deshalb mussten die Kursgruppen verkleinert sowie Unterrichtsformen und Abl\u00e4ufe anpasst werden. Einige Kurse k\u00f6nnen daher nicht in der urspr\u00fcnglichen Form fortgesetzt werden.<br \/><\/span><\/p><p><span style=\"font-size: 12pt;\">Bis zum Beginn der Kurse muss nun ein detailliertes Hygienekonzept erarbeitet werden, das auch die Gegebenheiten in den jeweiligen Geb\u00e4uden ber\u00fccksichtigt. Bei einer Anmeldung werden die Regelungen mit der Anmeldebest\u00e4tigung an alle Teilnehmenden versendet.<br \/><\/span><\/p><h3>Weiterhin Online-Kurse im Programm<\/h3><p><span style=\"font-size: 12pt;\">Parallel zum beginnenden Pr\u00e4senzbetrieb werden weiterhin Online-Kurse angeboten und entwickelt. Das Angebot ist kompakt unter der Rubrik \u201evhs.online\u201c auf der Website www.vhs.schwabach.de zu finden.<br \/><\/span><\/p><p><span style=\"font-size: 12pt;\">Informationen zum Programm gibt es in der Gesch\u00e4ftsstelle der vhs unter Telefon 09122 860-204. Pers\u00f6nliche Besuche sind m\u00f6glich, aber es wird dringend um eine vorherige telefonische Terminvereinbarung gebeten. Anfragen sind auch per ME-ail an vhs@schwabach.de m\u00f6glich. Die Servicezeiten sind Montag bis Freitag von 8 bis 12 Uhr und Donnerstag von 14<br \/>bis 16 Uhr.\u00a0<\/span><\/p><h3><span style=\"font-size: 12pt;\">Weiterf\u00fchrende Links:<\/span><\/h3><p><a href=\"https:\/\/www.vhs.schwabach.de\/\" target=\"_blank\" rel=\"noopener\"><span style=\"font-size: 12pt;\">Zur Homepage der vhs Schwabach geht es hier &#8230;<\/span><\/a><\/p>\t\t\t\t\t\t<\/div>\n\t\t\t\t<\/div>\n\t\t\t\t<div class=\"elementor-element elementor-element-7cc9469 elementor-widget elementor-widget-shortcode\" data-id=\"7cc9469\" data-element_type=\"widget\" data-widget_type=\"shortcode.default\">\n\t\t\t\t<div class=\"elementor-widget-container\">\n\t\t\t\t\t<div class=\"elementor-shortcode\"><!-- Beginn https:\/\/www.financeads.net\/-Code --><a href=\"https:\/\/www.financeads.net\/tc.php?t=36648C38513858B\" target=\"_blank\"><center><img decoding=\"async\" src=\"https:\/\/www.financeads.net\/tb.php?t=36648V38513858B&https=1\" alt=\"\" border=\"0\" width=\"468\" height=\"60\"><\/a><!-- Ende https:\/\/www.financeads.net\/-Code --><\/div>\n\t\t\t\t<\/div>\n\t\t\t\t<\/div>\n\t\t\t\t<div class=\"elementor-element elementor-element-0c834d7 elementor-widget-divider--view-line elementor-widget elementor-widget-divider\" data-id=\"0c834d7\" data-element_type=\"widget\" data-widget_type=\"divider.default\">\n\t\t\t\t<div class=\"elementor-widget-container\">\n\t\t\t\t\t<div class=\"elementor-divider\">\n\t\t\t<span class=\"elementor-divider-separator\">\n\t\t\t\t\t\t<\/span>\n\t\t<\/div>\n\t\t\t\t<\/div>\n\t\t\t\t<\/div>\n\t\t\t\t<div class=\"elementor-element elementor-element-325f51f elementor-widget elementor-widget-google_maps\" data-id=\"325f51f\" data-element_type=\"widget\" data-widget_type=\"google_maps.default\">\n\t\t\t\t<div class=\"elementor-widget-container\">\n\t\t\t\t\t<div class=\"elementor-custom-embed\">\n\t\t\t<iframe loading=\"lazy\"\n\t\t\t\t\tsrc=\"https:\/\/maps.google.com\/maps?q=K%C3%B6nigsplatz%2029a%2C%20Schwabach%2C%20Deutschland&#038;t=m&#038;z=17&#038;output=embed&#038;iwloc=near\"\n\t\t\t\t\ttitle=\"K\u00f6nigsplatz 29a, Schwabach, Deutschland\"\n\t\t\t\t\taria-label=\"K\u00f6nigsplatz 29a, Schwabach, Deutschland\"\n\t\t\t><\/iframe>\n\t\t<\/div>\n\t\t\t\t<\/div>\n\t\t\t\t<\/div>\n\t\t\t\t\t<\/div>\n\t\t<\/div>\n\t\t\t\t<div class=\"elementor-column elementor-col-50 elementor-top-column elementor-element elementor-element-f141625\" data-id=\"f141625\" data-element_type=\"column\">\n\t\t\t<div class=\"elementor-widget-wrap elementor-element-populated\">\n\t\t\t\t\t\t<div class=\"elementor-element elementor-element-aa635e8 elementor-widget elementor-widget-heading\" data-id=\"aa635e8\" data-element_type=\"widget\" data-widget_type=\"heading.default\">\n\t\t\t\t<div class=\"elementor-widget-container\">\n\t\t\t<h3 class=\"elementor-heading-title elementor-size-default\">Schnell vergleichen und sparen!<\/h3>\t\t<\/div>\n\t\t\t\t<\/div>\n\t\t\t\t<div class=\"elementor-element elementor-element-380778c elementor-widget elementor-widget-wp-widget-advads_ad_widget\" data-id=\"380778c\" data-element_type=\"widget\" data-widget_type=\"wp-widget-advads_ad_widget.default\">\n\t\t\t\t<div class=\"elementor-widget-container\">\n\t\t\t<div id=\"regio-1502405838\"><div class=\"regio-adlabel\">Werbung<\/div><!-- Beginn https:\/\/www.financeads.net\/-Code --><a href=\"https:\/\/www.financeads.net\/tc.php?t=36648C236142529B\" target=\"_blank\"><img fetchpriority=\"high\" decoding=\"async\" src=\"https:\/\/www.financeads.net\/tb.php?t=36648V236142529B&https=1\" alt=\"\" border=\"0\" width=\"300\" height=\"250\"><\/a><!-- Ende https:\/\/www.financeads.net\/-Code --><\/div>\t\t<\/div>\n\t\t\t\t<\/div>\n\t\t\t\t<div class=\"elementor-element elementor-element-bd26aa5 elementor-widget elementor-widget-wp-widget-advads_ad_widget\" data-id=\"bd26aa5\" data-element_type=\"widget\" data-widget_type=\"wp-widget-advads_ad_widget.default\">\n\t\t\t\t<div class=\"elementor-widget-container\">\n\t\t\t<div id=\"regio-721370225\"><div class=\"regio-adlabel\">Werbung<\/div><!-- Beginn https:\/\/www.financeads.net\/-Code --><a href=\"https:\/\/www.financeads.net\/tc.php?t=36648C42614510B\" target=\"_blank\"><img decoding=\"async\" src=\"https:\/\/www.financeads.net\/tb.php?t=36648V42614510B&https=1\" alt=\"\" border=\"0\" width=\"200\" height=\"300\"><\/a><!-- Ende https:\/\/www.financeads.net\/-Code --><\/div>\t\t<\/div>\n\t\t\t\t<\/div>\n\t\t\t\t<div class=\"elementor-element elementor-element-abfc6b5 elementor-widget elementor-widget-wp-widget-advads_ad_widget\" data-id=\"abfc6b5\" data-element_type=\"widget\" data-widget_type=\"wp-widget-advads_ad_widget.default\">\n\t\t\t\t<div class=\"elementor-widget-container\">\n\t\t\t<div id=\"regio-555200604\"><div class=\"regio-adlabel\">Werbung<\/div><!-- Beginn https:\/\/www.financeads.net\/-Code --><a href=\"https:\/\/www.financeads.net\/tc.php?t=36648C205040072B\" target=\"_blank\"><img loading=\"lazy\" decoding=\"async\" src=\"https:\/\/www.financeads.net\/tb.php?t=36648V205040072B&https=1\" alt=\"\" border=\"0\" width=\"300\" height=\"250\"><\/a><!-- Ende https:\/\/www.financeads.net\/-Code --><\/div>\t\t<\/div>\n\t\t\t\t<\/div>\n\t\t\t\t<div class=\"elementor-element elementor-element-9b68655 elementor-widget elementor-widget-wp-widget-advads_ad_widget\" data-id=\"9b68655\" data-element_type=\"widget\" data-widget_type=\"wp-widget-advads_ad_widget.default\">\n\t\t\t\t<div class=\"elementor-widget-container\">\n\t\t\t<div id=\"regio-4289758597\"><div class=\"regio-adlabel\">Werbung<\/div><!-- Beginn https:\/\/www.financeads.net\/-Code --><a href=\"https:\/\/www.financeads.net\/tc.php?t=36648C271460142B\" target=\"_blank\"><img loading=\"lazy\" decoding=\"async\" src=\"https:\/\/www.financeads.net\/tb.php?t=36648V271460142B&https=1\" alt=\"PETPROTECT_Hund&Katze_Banner\" border=\"0\" width=\"250\" height=\"250\"><\/a><!-- Ende https:\/\/www.financeads.net\/-Code --><\/div>\t\t<\/div>\n\t\t\t\t<\/div>\n\t\t\t\t\t<\/div>\n\t\t<\/div>\n\t\t\t\t\t<\/div>\n\t\t<\/section>\n\t\t\t\t<\/div>\n\t\t","protected":false},"excerpt":{"rendered":"<div class=\"mh-excerpt\"><p>Pr\u00e4senzprogramm ab Juli 2020:Vhs-Betrieb darf wieder starten Die lange Unterbrechung des Kursbetriebs an der Volkshochschule (vhs) geht zu Ende. Der Neustart erfolgt mit einem umfangreichen Sonderprogramm unter dem Namen \u201eSommerakademie+\u201c f\u00fcr die Monate Juli bis <a class=\"mh-excerpt-more\" href=\"https:\/\/www.region-schwabach.de\/wordpress\/vhs-schwabach-startet-im-juli-mit-sonderprogramm-sommerakademie-wieder\/\" title=\"vhs Schwabach startet im Juli mit Sonderprogramm &#8222;Sommerakademie+&#8220; wieder\">[&#8230;]<\/a><\/p>\n<\/div>","protected":false},"author":1,"featured_media":110262,"comment_status":"open","ping_status":"open","sticky":false,"template":"","format":"standard","meta":{"_cbd_carousel_blocks":"[]","footnotes":""},"categories":[16,1,287,61],"tags":[12084,12901,522,12297,1480,19,12900,12899,3012,3151,1281,73],"class_list":{"0":"post-113997","1":"post","2":"type-post","3":"status-publish","4":"format-standard","5":"has-post-thumbnail","7":"category-aktuell","8":"category-allgemein","9":"category-jugend-und-familie","10":"category-rathaus","11":"tag-corona","12":"tag-juli-2020","13":"tag-koenigsplatz","14":"tag-neue-planung","15":"tag-rathaus","16":"tag-schwabach","17":"tag-sommerakademie-2","18":"tag-sonderprogramm","19":"tag-stadt","20":"tag-stadt-schwabach","21":"tag-vhs","22":"tag-volkshochschule"},"_links":{"self":[{"href":"https:\/\/www.region-schwabach.de\/wordpress\/wp-json\/wp\/v2\/posts\/113997","targetHints":{"allow":["GET"]}}],"collection":[{"href":"https:\/\/www.region-schwabach.de\/wordpress\/wp-json\/wp\/v2\/posts"}],"about":[{"href":"https:\/\/www.region-schwabach.de\/wordpress\/wp-json\/wp\/v2\/types\/post"}],"author":[{"embeddable":true,"href":"https:\/\/www.region-schwabach.de\/wordpress\/wp-json\/wp\/v2\/users\/1"}],"replies":[{"embeddable":true,"href":"https:\/\/www.region-schwabach.de\/wordpress\/wp-json\/wp\/v2\/comments?post=113997"}],"version-history":[{"count":0,"href":"https:\/\/www.region-schwabach.de\/wordpress\/wp-json\/wp\/v2\/posts\/113997\/revisions"}],"wp:featuredmedia":[{"embeddable":true,"href":"https:\/\/www.region-schwabach.de\/wordpress\/wp-json\/wp\/v2\/media\/110262"}],"wp:attachment":[{"href":"https:\/\/www.region-schwabach.de\/wordpress\/wp-json\/wp\/v2\/media?parent=113997"}],"wp:term":[{"taxonomy":"category","embeddable":true,"href":"https:\/\/www.region-schwabach.de\/wordpress\/wp-json\/wp\/v2\/categories?post=113997"},{"taxonomy":"post_tag","embeddable":true,"href":"https:\/\/www.region-schwabach.de\/wordpress\/wp-json\/wp\/v2\/tags?post=113997"}],"curies":[{"name":"wp","href":"https:\/\/api.w.org\/{rel}","templated":true}]}}