{"id":114877,"date":"2020-09-19T00:20:00","date_gmt":"2020-09-18T22:20:00","guid":{"rendered":"https:\/\/www.region-schwabach.de\/wordpress\/?p=114877"},"modified":"2020-09-19T05:20:40","modified_gmt":"2020-09-19T03:20:40","slug":"das-gelbe-vom-ei-ausstellung-mit-bildern-von-gerda-spatz","status":"publish","type":"post","link":"https:\/\/www.region-schwabach.de\/wordpress\/das-gelbe-vom-ei-ausstellung-mit-bildern-von-gerda-spatz\/","title":{"rendered":"Das Gelbe vom Ei &#8211; Ausstellung mit Bildern von Gerda Spatz"},"content":{"rendered":"\t\t<div data-elementor-type=\"wp-post\" data-elementor-id=\"114877\" class=\"elementor elementor-114877\">\n\t\t\t\t\t\t<section class=\"elementor-section elementor-top-section elementor-element elementor-element-678181b elementor-section-boxed elementor-section-height-default elementor-section-height-default\" data-id=\"678181b\" data-element_type=\"section\">\n\t\t\t\t\t\t<div class=\"elementor-container elementor-column-gap-default\">\n\t\t\t\t\t<div class=\"elementor-column elementor-col-50 elementor-top-column elementor-element elementor-element-6b34026\" data-id=\"6b34026\" data-element_type=\"column\">\n\t\t\t<div class=\"elementor-widget-wrap elementor-element-populated\">\n\t\t\t\t\t\t<div class=\"elementor-element elementor-element-15a5ce5 elementor-widget elementor-widget-wp-widget-advads_ad_widget\" data-id=\"15a5ce5\" data-element_type=\"widget\" data-widget_type=\"wp-widget-advads_ad_widget.default\">\n\t\t\t\t<div class=\"elementor-widget-container\">\n\t\t\t<div id=\"regio-205156379\"><div class=\"regio-adlabel\">Werbung<\/div><center><a href=\"https:\/\/a.partner-versicherung.de\/click.php?partner_id=19992&ad_id=1578&deep=kreditkarten\"  target=\"_blank\"><img decoding=\"async\" src=\"https:\/\/a.partner-versicherung.de\/view.php?partner_id=19992&ad_id=1578\" ><\/a><\/center><\/div>\t\t<\/div>\n\t\t\t\t<\/div>\n\t\t\t\t<div class=\"elementor-element elementor-element-443ab98 elementor-widget elementor-widget-text-editor\" data-id=\"443ab98\" data-element_type=\"widget\" data-widget_type=\"text-editor.default\">\n\t\t\t\t<div class=\"elementor-widget-container\">\n\t\t\t\t\t\t\t<h3 class=\"entry-title\">Ab Samstag, den 6. Juni 2020 bis Samstag, den 19. September 2020<br \/>Das Gelbe vom Ei \u2013 Ausstellung mit Bildern von Gerda Spatz<\/h3><p><span style=\"font-size: 12pt;\">Schwabach &#8211; Von Samstag, den 06.06.2020, bis Samstag, den 19.09.2020, findet in der Stadtbibliothek am K\u00f6nigsplatz in Schwabach die &#8222;Sonderausstellung \u201eDas Gelbe vom Ei&#8220; mit Bildern von Gerda Spatz statt.<\/span><\/p><h3>Ausstellungsfl\u00e4che f\u00fcr regionale K\u00fcnstler<\/h3><p><span style=\"font-size: 12pt;\">Nachdem die Zeitschriftenabteilung ins Zeitungscaf\u00e9 umgezogen ist, wurde in der Stadtbibliothek in Schwabach Platz f\u00fcr einen neuen, kleinen Ausstellungsbereich geschaffen, der vor allem Schwabacher und regionalen K\u00fcnstlerInnen eine M\u00f6glichkeit zur Pr\u00e4sentation ihrer Werke bieten soll.<\/span><\/p><h3>Verz\u00f6gerung durch &#8222;Corona&#8220;<\/h3><p><span style=\"font-size: 12pt;\">Die urspr\u00fcnglich schon f\u00fcr Mai als Doppelausstellung (zusammen mit der Martha-Kirche in N\u00fcrnberg) geplante Ausstellung mit Bildern aus verschiedenen Jahren der Schwabacher K\u00fcnstlerin Gerda Spatz ist nun mit Versp\u00e4tung (wegen der Corona-Krise) zu sehen.<\/span><\/p><h3>Gerda Spatz<\/h3><p><span style=\"font-size: 12pt;\">Gerda spatz hat ihre k\u00fcnstlerische Karriere Aquarellen begonnen, mittlerweile ist sie bereits seit mehr als 40 Jahren k\u00fcnstlerisch t\u00e4tig. Nach einem Fernstudium und verschiedenen Studienaufenthalten erweiterte sie nach und nach ihr k\u00fcnstlerisches Repertoire um (u. a.) Acryl- und Mischtechniken, Collagen und Zeichnungen.<\/span><\/p><p><span style=\"font-size: 12pt;\">Seit 1980 sind ihre Arbeiten Arbeiten im Fr\u00e4nkischen Raum immer wieder in Einzel- und Gruppenausstellungen zu sehen und 1980 wurde sie f\u00fcr den Ansbacher Kunstpreis nominiert.<\/span><\/p><p><span style=\"font-size: 12pt;\">Gerda Spatz ist seit dem Jahr 2000 auch als Dozentin an der Volkshochschule in Schwabach t\u00e4tig und hat seitdem auch ein eigenes Atelier und Malstudio, in dem sie regelm\u00e4\u00dfig Malkurse anbietet.<\/span><\/p><h3>Kunstwerke k\u00f6nnen auch erworben werden<\/h3><p>Die Ausstellung im 1. Stock der Stadtbibliothek ist w\u00e4hrend der \u00d6ffnungszeiten des Hauses zug\u00e4nglich; ein Ausstellungskatalog liegt aus und kann, wie die Bilder, erworben werden.<\/p><h3>Infos:<\/h3><ul style=\"list-style-type: disc;\"><li><span style=\"font-size: 12pt;\">Ausstellungsdauer: 06.06.2020 &#8211;\u00a0 19.09.2020<\/span><\/li><li><span style=\"font-size: 12pt;\">\u00d6ffnungszeiten: Dienstag, Donnerstag und Freitag von 10.00 Uhr bis 18.00 Uhr, Mittwoch und Samstag von 10.00 Uhr bis 13.00 Uhr\u00a0<\/span><\/li><li><span style=\"font-size: 12pt;\">Veranstalter: Stadtbibliothek Schwabach<\/span><\/li><\/ul><h3 class=\"idgroup_7 group_container\">Ausstellungszeiten<\/h3><p><span style=\"font-size: 12pt;\">Ge\u00f6ffnet ist die Sonderausstellung in der Stadtbibliothek Schwabach (K\u00f6nigsplatz 29a) zu folgenden Zeiten:<\/span><\/p><table style=\"border-collapse: collapse; width: 100%; height: 144px;\" border=\"1\"><tbody><tr style=\"height: 24px;\"><td style=\"width: 33.3333%; height: 24px;\"><span style=\"font-size: 12pt;\">Tag<\/span><\/td><td style=\"width: 33.3333%; height: 24px;\"><span style=\"font-size: 12pt;\">Von &#8230;<\/span><\/td><td style=\"width: 33.3333%; height: 24px;\"><span style=\"font-size: 12pt;\">&#8230; bis<\/span><\/td><\/tr><tr style=\"height: 24px;\"><td style=\"width: 33.3333%; height: 24px;\">\u00a0<\/td><td style=\"width: 33.3333%; height: 24px;\">\u00a0<\/td><td style=\"width: 33.3333%; height: 24px;\">\u00a0<\/td><\/tr><tr><td style=\"width: 33.3333%;\"><span style=\"font-size: 12pt;\">Dienstag<\/span><\/td><td style=\"width: 33.3333%;\"><span style=\"font-size: 12pt;\">10.00 Uhr<\/span><\/td><td style=\"width: 33.3333%;\"><span style=\"font-size: 12pt;\">18.00 Uhr<\/span><\/td><\/tr><tr><td style=\"width: 33.3333%;\"><span style=\"font-size: 12pt;\">Mittwoch<\/span><\/td><td style=\"width: 33.3333%;\"><span style=\"font-size: 12pt;\">10.00 Uhr<\/span><\/td><td style=\"width: 33.3333%;\"><span style=\"font-size: 12pt;\">13.00 Uhr<\/span><\/td><\/tr><tr style=\"height: 24px;\"><td style=\"width: 33.3333%; height: 24px;\"><span style=\"font-size: 12pt;\">Donnerstag<\/span><\/td><td style=\"width: 33.3333%; height: 24px;\"><span style=\"font-size: 12pt;\">10.00 Uhr<\/span><\/td><td style=\"width: 33.3333%; height: 24px;\"><span style=\"font-size: 12pt;\">18.00 Uhr<\/span><\/td><\/tr><tr style=\"height: 24px;\"><td style=\"width: 33.3333%; height: 24px;\"><span style=\"font-size: 12pt;\">Freitag<\/span><\/td><td style=\"width: 33.3333%; height: 24px;\"><span style=\"font-size: 12pt;\">10.00 Uhr<\/span><\/td><td style=\"width: 33.3333%; height: 24px;\"><span style=\"font-size: 12pt;\">18.00 Uhr<\/span><\/td><\/tr><tr style=\"height: 24px;\"><td style=\"width: 33.3333%; height: 24px;\"><span style=\"font-size: 12pt;\">Samstag<\/span><\/td><td style=\"width: 33.3333%; height: 24px;\"><span style=\"font-size: 12pt;\">10.00 Uhr<\/span><\/td><td style=\"width: 33.3333%; height: 24px;\"><span style=\"font-size: 12pt;\">13.00 Uhr<\/span><\/td><\/tr><\/tbody><\/table><h3>Weiterf\u00fchrende Links:<\/h3><p><span style=\"font-size: 12pt;\"><a href=\"https:\/\/www.schwabach.de\/de\/kultureinrichtung-stadtbibliothek\/stadtbibliothek.html\" target=\"_blank\" rel=\"noopener\">Zur Homepage der Stadtbibliothek Schwabach geht&#8217;s hier &#8230;<\/a><\/span><\/p><p><a href=\"http:\/\/www.gerda-spatz.de\/vita.html\" target=\"_blank\" rel=\"noopener\"><span style=\"font-size: 12pt;\">Weitere Infomationen zu Vita und Werk Gerda Spatz finden Sie hier &#8230;<\/span><\/a><\/p>\t\t\t\t\t\t<\/div>\n\t\t\t\t<\/div>\n\t\t\t\t<div class=\"elementor-element elementor-element-dbfc054 elementor-widget elementor-widget-shortcode\" data-id=\"dbfc054\" data-element_type=\"widget\" data-widget_type=\"shortcode.default\">\n\t\t\t\t<div class=\"elementor-widget-container\">\n\t\t\t\t\t<div class=\"elementor-shortcode\"><!-- Beginn https:\/\/www.financeads.net\/-Code --><a href=\"https:\/\/www.financeads.net\/tc.php?t=36648C38513858B\" target=\"_blank\"><center><img decoding=\"async\" src=\"https:\/\/www.financeads.net\/tb.php?t=36648V38513858B&https=1\" alt=\"\" border=\"0\" width=\"468\" height=\"60\"><\/a><!-- Ende https:\/\/www.financeads.net\/-Code --><\/div>\n\t\t\t\t<\/div>\n\t\t\t\t<\/div>\n\t\t\t\t<div class=\"elementor-element elementor-element-0c834d7 elementor-widget-divider--view-line elementor-widget elementor-widget-divider\" data-id=\"0c834d7\" data-element_type=\"widget\" data-widget_type=\"divider.default\">\n\t\t\t\t<div class=\"elementor-widget-container\">\n\t\t\t\t\t<div class=\"elementor-divider\">\n\t\t\t<span class=\"elementor-divider-separator\">\n\t\t\t\t\t\t<\/span>\n\t\t<\/div>\n\t\t\t\t<\/div>\n\t\t\t\t<\/div>\n\t\t\t\t<div class=\"elementor-element elementor-element-325f51f elementor-widget elementor-widget-google_maps\" data-id=\"325f51f\" data-element_type=\"widget\" data-widget_type=\"google_maps.default\">\n\t\t\t\t<div class=\"elementor-widget-container\">\n\t\t\t\t\t<div class=\"elementor-custom-embed\">\n\t\t\t<iframe loading=\"lazy\"\n\t\t\t\t\tsrc=\"https:\/\/maps.google.com\/maps?q=K%C3%B6nigsplatz%2029a%2C%20Schwabach%2C%20Deutschland&#038;t=m&#038;z=17&#038;output=embed&#038;iwloc=near\"\n\t\t\t\t\ttitle=\"K\u00f6nigsplatz 29a, Schwabach, Deutschland\"\n\t\t\t\t\taria-label=\"K\u00f6nigsplatz 29a, Schwabach, Deutschland\"\n\t\t\t><\/iframe>\n\t\t<\/div>\n\t\t\t\t<\/div>\n\t\t\t\t<\/div>\n\t\t\t\t\t<\/div>\n\t\t<\/div>\n\t\t\t\t<div class=\"elementor-column elementor-col-50 elementor-top-column elementor-element elementor-element-c9ec087\" data-id=\"c9ec087\" data-element_type=\"column\">\n\t\t\t<div class=\"elementor-widget-wrap elementor-element-populated\">\n\t\t\t\t\t\t<div class=\"elementor-element elementor-element-76ecb63 elementor-widget elementor-widget-heading\" data-id=\"76ecb63\" data-element_type=\"widget\" data-widget_type=\"heading.default\">\n\t\t\t\t<div class=\"elementor-widget-container\">\n\t\t\t<h3 class=\"elementor-heading-title elementor-size-default\">Schnell vergleichen und sparen!<\/h3>\t\t<\/div>\n\t\t\t\t<\/div>\n\t\t\t\t<div class=\"elementor-element elementor-element-79b5518 elementor-widget elementor-widget-wp-widget-advads_ad_widget\" data-id=\"79b5518\" data-element_type=\"widget\" data-widget_type=\"wp-widget-advads_ad_widget.default\">\n\t\t\t\t<div class=\"elementor-widget-container\">\n\t\t\t<div id=\"regio-2880308920\"><div class=\"regio-adlabel\">Werbung<\/div><!-- Beginn https:\/\/www.financeads.net\/-Code --><a href=\"https:\/\/www.financeads.net\/tc.php?t=36648C236142529B\" target=\"_blank\"><img fetchpriority=\"high\" decoding=\"async\" src=\"https:\/\/www.financeads.net\/tb.php?t=36648V236142529B&https=1\" alt=\"\" border=\"0\" width=\"300\" height=\"250\"><\/a><!-- Ende https:\/\/www.financeads.net\/-Code --><\/div>\t\t<\/div>\n\t\t\t\t<\/div>\n\t\t\t\t<div class=\"elementor-element elementor-element-b4e74d7 elementor-widget elementor-widget-wp-widget-advads_ad_widget\" data-id=\"b4e74d7\" data-element_type=\"widget\" data-widget_type=\"wp-widget-advads_ad_widget.default\">\n\t\t\t\t<div class=\"elementor-widget-container\">\n\t\t\t<div id=\"regio-232385613\"><div class=\"regio-adlabel\">Werbung<\/div><!-- Beginn https:\/\/www.financeads.net\/-Code --><a href=\"https:\/\/www.financeads.net\/tc.php?t=36648C42614510B\" target=\"_blank\"><img decoding=\"async\" src=\"https:\/\/www.financeads.net\/tb.php?t=36648V42614510B&https=1\" alt=\"\" border=\"0\" width=\"200\" height=\"300\"><\/a><!-- Ende https:\/\/www.financeads.net\/-Code --><\/div>\t\t<\/div>\n\t\t\t\t<\/div>\n\t\t\t\t<div class=\"elementor-element elementor-element-7342d17 elementor-widget elementor-widget-wp-widget-advads_ad_widget\" data-id=\"7342d17\" data-element_type=\"widget\" data-widget_type=\"wp-widget-advads_ad_widget.default\">\n\t\t\t\t<div class=\"elementor-widget-container\">\n\t\t\t<div id=\"regio-1203657183\"><div class=\"regio-adlabel\">Werbung<\/div><!-- Beginn https:\/\/www.financeads.net\/-Code --><a href=\"https:\/\/www.financeads.net\/tc.php?t=36648C205040072B\" target=\"_blank\"><img loading=\"lazy\" decoding=\"async\" src=\"https:\/\/www.financeads.net\/tb.php?t=36648V205040072B&https=1\" alt=\"\" border=\"0\" width=\"300\" height=\"250\"><\/a><!-- Ende https:\/\/www.financeads.net\/-Code --><\/div>\t\t<\/div>\n\t\t\t\t<\/div>\n\t\t\t\t<div class=\"elementor-element elementor-element-a48a92c elementor-widget elementor-widget-wp-widget-advads_ad_widget\" data-id=\"a48a92c\" data-element_type=\"widget\" data-widget_type=\"wp-widget-advads_ad_widget.default\">\n\t\t\t\t<div class=\"elementor-widget-container\">\n\t\t\t<div id=\"regio-25859290\"><div class=\"regio-adlabel\">Werbung<\/div><!-- Beginn https:\/\/www.financeads.net\/-Code --><a href=\"https:\/\/www.financeads.net\/tc.php?t=36648C271460142B\" target=\"_blank\"><img loading=\"lazy\" decoding=\"async\" src=\"https:\/\/www.financeads.net\/tb.php?t=36648V271460142B&https=1\" alt=\"PETPROTECT_Hund&Katze_Banner\" border=\"0\" width=\"250\" height=\"250\"><\/a><!-- Ende https:\/\/www.financeads.net\/-Code --><\/div>\t\t<\/div>\n\t\t\t\t<\/div>\n\t\t\t\t\t<\/div>\n\t\t<\/div>\n\t\t\t\t\t<\/div>\n\t\t<\/section>\n\t\t\t\t<section class=\"elementor-section elementor-top-section elementor-element elementor-element-30ea74c elementor-section-boxed elementor-section-height-default elementor-section-height-default\" data-id=\"30ea74c\" data-element_type=\"section\">\n\t\t\t\t\t\t<div class=\"elementor-container elementor-column-gap-default\">\n\t\t\t\t\t<div class=\"elementor-column elementor-col-100 elementor-top-column elementor-element elementor-element-486b589\" data-id=\"486b589\" data-element_type=\"column\">\n\t\t\t<div class=\"elementor-widget-wrap elementor-element-populated\">\n\t\t\t\t\t\t<div class=\"elementor-element elementor-element-e8fc10c elementor-widget elementor-widget-image\" data-id=\"e8fc10c\" data-element_type=\"widget\" data-widget_type=\"image.default\">\n\t\t\t\t<div class=\"elementor-widget-container\">\n\t\t\t\t\t\t\t\t\t\t\t\t\t\t<a href=\"http:\/\/www.region-schwabach.de\/wordpress\/wp-content\/uploads\/2018\/12\/Kopp-01-30-cm-bei-300-dpi-e1544535047933.jpg\" data-elementor-open-lightbox=\"yes\" data-elementor-lightbox-title=\"Kopp-01 30 cm bei 300 dpi\" data-e-action-hash=\"#elementor-action%3Aaction%3Dlightbox%26settings%3DeyJpZCI6Njk0MzAsInVybCI6Imh0dHBzOlwvXC93d3cucmVnaW9uLXNjaHdhYmFjaC5kZVwvd29yZHByZXNzXC93cC1jb250ZW50XC91cGxvYWRzXC8yMDE4XC8xMlwvS29wcC0wMS0zMC1jbS1iZWktMzAwLWRwaS1lMTU0NDUzNTA0NzkzMy5qcGcifQ%3D%3D\">\n\t\t\t\t\t\t\t<img loading=\"lazy\" decoding=\"async\" width=\"960\" height=\"2682\" src=\"https:\/\/www.region-schwabach.de\/wordpress\/wp-content\/uploads\/2018\/12\/Kopp-01-30-cm-bei-300-dpi-e1544535047933.jpg\" class=\"attachment-full size-full wp-image-69430\" alt=\"\" \/>\t\t\t\t\t\t\t\t<\/a>\n\t\t\t\t\t\t\t\t\t\t\t\t\t<\/div>\n\t\t\t\t<\/div>\n\t\t\t\t\t<\/div>\n\t\t<\/div>\n\t\t\t\t\t<\/div>\n\t\t<\/section>\n\t\t\t\t<\/div>\n\t\t","protected":false},"excerpt":{"rendered":"<div class=\"mh-excerpt\"><p>Ab Samstag, den 6. Juni 2020 bis Samstag, den 19. September 2020 Das Gelbe vom Ei \u2013 Ausstellung mit Bildern von Gerda Spatz Schwabach &#8211; Von Samstag, den 06.06.2020, bis Samstag, den 19.09.2020, findet in <a class=\"mh-excerpt-more\" href=\"https:\/\/www.region-schwabach.de\/wordpress\/das-gelbe-vom-ei-ausstellung-mit-bildern-von-gerda-spatz\/\" title=\"Das Gelbe vom Ei &#8211; Ausstellung mit Bildern von Gerda Spatz\">[&#8230;]<\/a><\/p>\n<\/div>","protected":false},"author":1,"featured_media":114878,"comment_status":"open","ping_status":"open","sticky":false,"template":"","format":"standard","meta":{"_cbd_carousel_blocks":"[]","footnotes":""},"categories":[16,287,61,7504,231],"tags":[13057,3155,4410,13058,522,10830,19,4812,3151,2555,3739],"class_list":{"0":"post-114877","1":"post","2":"type-post","3":"status-publish","4":"format-standard","5":"has-post-thumbnail","7":"category-aktuell","8":"category-jugend-und-familie","9":"category-rathaus","10":"category-stadtmuseum-nachrichten","11":"category-veranstaltungsnews","12":"tag-6-juni-bis-19-september-2020","13":"tag-ausstellung","14":"tag-bilder","15":"tag-gerda-spatz","16":"tag-koenigsplatz","17":"tag-malerei","18":"tag-schwabach","19":"tag-sonderausstellung","20":"tag-stadt-schwabach","21":"tag-stadtbibliothek","22":"tag-stadtmuseum"},"_links":{"self":[{"href":"https:\/\/www.region-schwabach.de\/wordpress\/wp-json\/wp\/v2\/posts\/114877","targetHints":{"allow":["GET"]}}],"collection":[{"href":"https:\/\/www.region-schwabach.de\/wordpress\/wp-json\/wp\/v2\/posts"}],"about":[{"href":"https:\/\/www.region-schwabach.de\/wordpress\/wp-json\/wp\/v2\/types\/post"}],"author":[{"embeddable":true,"href":"https:\/\/www.region-schwabach.de\/wordpress\/wp-json\/wp\/v2\/users\/1"}],"replies":[{"embeddable":true,"href":"https:\/\/www.region-schwabach.de\/wordpress\/wp-json\/wp\/v2\/comments?post=114877"}],"version-history":[{"count":0,"href":"https:\/\/www.region-schwabach.de\/wordpress\/wp-json\/wp\/v2\/posts\/114877\/revisions"}],"wp:featuredmedia":[{"embeddable":true,"href":"https:\/\/www.region-schwabach.de\/wordpress\/wp-json\/wp\/v2\/media\/114878"}],"wp:attachment":[{"href":"https:\/\/www.region-schwabach.de\/wordpress\/wp-json\/wp\/v2\/media?parent=114877"}],"wp:term":[{"taxonomy":"category","embeddable":true,"href":"https:\/\/www.region-schwabach.de\/wordpress\/wp-json\/wp\/v2\/categories?post=114877"},{"taxonomy":"post_tag","embeddable":true,"href":"https:\/\/www.region-schwabach.de\/wordpress\/wp-json\/wp\/v2\/tags?post=114877"}],"curies":[{"name":"wp","href":"https:\/\/api.w.org\/{rel}","templated":true}]}}