{"id":114953,"date":"2020-07-08T00:05:00","date_gmt":"2020-07-07T22:05:00","guid":{"rendered":"https:\/\/www.region-schwabach.de\/wordpress\/?p=114953"},"modified":"2020-07-08T09:11:08","modified_gmt":"2020-07-08T07:11:08","slug":"ob-reiss-fur-365-euro-ticket-in-der-region-initiative-von-vier-oberburgermeistern-und-landraten","status":"publish","type":"post","link":"https:\/\/www.region-schwabach.de\/wordpress\/ob-reiss-fur-365-euro-ticket-in-der-region-initiative-von-vier-oberburgermeistern-und-landraten\/","title":{"rendered":"OB Rei\u00df f\u00fcr 365-Euro-Ticket in der Region &#8211; Initiative von vier Oberb\u00fcrgermeistern und Landr\u00e4ten"},"content":{"rendered":"\t\t<div data-elementor-type=\"wp-post\" data-elementor-id=\"114953\" class=\"elementor elementor-114953\">\n\t\t\t\t\t\t<section class=\"elementor-section elementor-top-section elementor-element elementor-element-678181b elementor-section-boxed elementor-section-height-default elementor-section-height-default\" data-id=\"678181b\" data-element_type=\"section\">\n\t\t\t\t\t\t<div class=\"elementor-container elementor-column-gap-default\">\n\t\t\t\t\t<div class=\"elementor-column elementor-col-50 elementor-top-column elementor-element elementor-element-6b34026\" data-id=\"6b34026\" data-element_type=\"column\">\n\t\t\t<div class=\"elementor-widget-wrap elementor-element-populated\">\n\t\t\t\t\t\t<div class=\"elementor-element elementor-element-2e31143 elementor-widget elementor-widget-wp-widget-advads_ad_widget\" data-id=\"2e31143\" data-element_type=\"widget\" data-widget_type=\"wp-widget-advads_ad_widget.default\">\n\t\t\t\t<div class=\"elementor-widget-container\">\n\t\t\t<div id=\"regio-1663033107\"><div class=\"regio-adlabel\">Werbung<\/div><center><a href=\"https:\/\/a.partner-versicherung.de\/click.php?partner_id=19992&ad_id=1578&deep=kreditkarten\"  target=\"_blank\"><img decoding=\"async\" src=\"https:\/\/a.partner-versicherung.de\/view.php?partner_id=19992&ad_id=1578\" ><\/a><\/center><\/div>\t\t<\/div>\n\t\t\t\t<\/div>\n\t\t\t\t<div class=\"elementor-element elementor-element-443ab98 elementor-widget elementor-widget-text-editor\" data-id=\"443ab98\" data-element_type=\"widget\" data-widget_type=\"text-editor.default\">\n\t\t\t\t<div class=\"elementor-widget-container\">\n\t\t\t\t\t\t\t<h3>Initiative von vier Oberb\u00fcrgermeistern und Landr\u00e4ten<br \/>OB Rei\u00df f\u00fcr 365-Euro-Ticket in der Region<\/h3><p><span style=\"font-size: 12pt;\">Schwabach &#8211; Die Region N\u00fcrnberg-F\u00fcrth-Erlangen-Schwabach zusammen mit den Landkreisen Erlangen-H\u00f6chstadt, F\u00fcrth, N\u00fcrnberger Land und Roth wird derzeit mit B\u00fcrgerbegehren zur Einf\u00fchrung von 365\u20ac-Tickets im \u00d6PNV konfrontiert. Die erste Kommune, in der voraussichtlich am 8. August 2020 eine Abstimmung hierzu stattfinden wird, ist N\u00fcrnberg. Die Zustimmung der wahlberechtigten Bev\u00f6lkerung ist sehr wahrscheinlich.<\/span><\/p><h3>Entscheidungstr\u00e4ger verst\u00e4ndigen sich auf Einf\u00fchrung<\/h3><p><span style=\"font-size: 12pt;\">Die Oberb\u00fcrgermeister der vier St\u00e4dte N\u00fcrnberg, F\u00fcrth, Erlangen und Schwabach sowie die Landr\u00e4te der vier Landkreise Erlangen-H\u00f6chstadt, F\u00fcrth, N\u00fcrnberger Land und Roth (4+4) haben sich nun verst\u00e4ndigt, eine Einf\u00fchrung als Modellprojekt eines 365\u20ac-Tickets in diesen acht Kommunen anzustreben, um ein attraktives Angebot f\u00fcr die Nutzerinnen und Nutzer zu erreichen. Dies wird in einem Schreiben an Ministerpr\u00e4sident Dr. Markus S\u00f6der und die Staatsministerin f\u00fcr Wohnen, Bau und Verkehr, Kerstin Schreyer, bekr\u00e4ftigt.<\/span><\/p><h3>Rei\u00df: &#8222;Quantensprung f\u00fcr den \u00d6ffentlichen Nahverkehr&#8220;<\/h3><p><span style=\"font-size: 12pt;\">Dazu sagt Schwabachs Oberb\u00fcrgermeister Peter Rei\u00df: \u201eDie Einf\u00fchrung eines 365\u20ac-Tickets in unserem Gro\u00dfraum w\u00e4re ein Quantensprung f\u00fcr den \u00d6ffentlichen Nahverkehr. Es w\u00e4re f\u00fcr viele neue Nutzergruppen attraktiver. Gleichzeitig m\u00fcssen wir das Angebot entsprechend erweitern.\u201c<\/span><\/p><h3>Region bildet gr\u00f6\u00dften Teil der Pendlerbeziehungen im Verkehrsverbund Gro\u00dfraum N\u00fcrnberg (VGN)<\/h3><p><span style=\"font-size: 12pt;\">Die Region bildet den gr\u00f6\u00dften Teil der Pendlerbeziehungen im Verkehrsverbund Gro\u00dfraum N\u00fcrnberg (VGN) ab. Die Mindereinnahmen durch die Einf\u00fchrung des 365\u20ac-Tickets in diesem Gebiet w\u00fcrden sich nach erster grober Sch\u00e4tzung auf etwa 62 Millionen Euro belaufen, die entsprechend durch die Partner je nach Verkehrsanteil ausgeglichen werden m\u00fcssen. Die Stadt N\u00fcrnberg w\u00fcrde dabei den gr\u00f6\u00dften Anteil \u00fcbernehmen.<\/span><\/p><h3>Ohne finanzielle Unterst\u00fctzung des Freistaates Bayern nicht m\u00f6glich<\/h3><p><span style=\"font-size: 12pt;\">Allerdings ist eine Umsetzung ohne finanzielle Unterst\u00fctzung des Freistaates Bayern f\u00fcr die beteiligten Partner nicht m\u00f6glich. Deshalb bitten die acht Kommunalvertreter im gemeinsamen Schreiben um dauerhafte finanzielle Unterst\u00fctzung in H\u00f6he von zwei Dritteln der anfallenden Mindereinnahmen pro Jahr f\u00fcr die Realisierung als erstes Modellprojekt f\u00fcr ein 365\u20ac-Ticket in Bayern. Dies k\u00f6nne analog des 365\u20ac-Tickets f\u00fcr Sch\u00fclerinnen und Sch\u00fcler sowie Auszubildende erfolgen.<\/span><\/p><h3>4+4-L\u00f6sung der erste Schritt in Richtung eines verbundweiten Tickets<\/h3><p><span style=\"font-size: 12pt;\">Aus Sicht von Oberb\u00fcrgermeister Peter Rei\u00df w\u00e4re die skizzierte 4+4-L\u00f6sung der erste Schritt in Richtung eines verbundweiten Tickets. Sie b\u00f6te die M\u00f6glichkeit, die Effekte eines solchen Ticketmodells genau zu beobachten, um wissenschaftliche Erkenntnisse zu gewinnen. Die konkrete Umsetzung sei ab Mitte 2021 denkbar.<\/span><\/p>\t\t\t\t\t\t<\/div>\n\t\t\t\t<\/div>\n\t\t\t\t<div class=\"elementor-element elementor-element-6520198 elementor-widget elementor-widget-shortcode\" data-id=\"6520198\" data-element_type=\"widget\" data-widget_type=\"shortcode.default\">\n\t\t\t\t<div class=\"elementor-widget-container\">\n\t\t\t\t\t<div class=\"elementor-shortcode\"><!-- Beginn https:\/\/www.financeads.net\/-Code --><a href=\"https:\/\/www.financeads.net\/tc.php?t=36648C38513858B\" target=\"_blank\"><center><img decoding=\"async\" src=\"https:\/\/www.financeads.net\/tb.php?t=36648V38513858B&https=1\" alt=\"\" border=\"0\" width=\"468\" height=\"60\"><\/a><!-- Ende https:\/\/www.financeads.net\/-Code --><\/div>\n\t\t\t\t<\/div>\n\t\t\t\t<\/div>\n\t\t\t\t<div class=\"elementor-element elementor-element-21c3450 elementor-widget-divider--view-line elementor-widget elementor-widget-divider\" data-id=\"21c3450\" data-element_type=\"widget\" data-widget_type=\"divider.default\">\n\t\t\t\t<div class=\"elementor-widget-container\">\n\t\t\t\t\t<div class=\"elementor-divider\">\n\t\t\t<span class=\"elementor-divider-separator\">\n\t\t\t\t\t\t<\/span>\n\t\t<\/div>\n\t\t\t\t<\/div>\n\t\t\t\t<\/div>\n\t\t\t\t<div class=\"elementor-element elementor-element-f4c690c elementor-widget elementor-widget-google_maps\" data-id=\"f4c690c\" data-element_type=\"widget\" data-widget_type=\"google_maps.default\">\n\t\t\t\t<div class=\"elementor-widget-container\">\n\t\t\t\t\t<div class=\"elementor-custom-embed\">\n\t\t\t<iframe loading=\"lazy\"\n\t\t\t\t\tsrc=\"https:\/\/maps.google.com\/maps?q=Schwabach%2C%20Deutschland&#038;t=m&#038;z=15&#038;output=embed&#038;iwloc=near\"\n\t\t\t\t\ttitle=\"Schwabach, Deutschland\"\n\t\t\t\t\taria-label=\"Schwabach, Deutschland\"\n\t\t\t><\/iframe>\n\t\t<\/div>\n\t\t\t\t<\/div>\n\t\t\t\t<\/div>\n\t\t\t\t\t<\/div>\n\t\t<\/div>\n\t\t\t\t<div class=\"elementor-column elementor-col-50 elementor-top-column elementor-element elementor-element-dd4c02c\" data-id=\"dd4c02c\" data-element_type=\"column\">\n\t\t\t<div class=\"elementor-widget-wrap elementor-element-populated\">\n\t\t\t\t\t\t<div class=\"elementor-element elementor-element-afcda01 elementor-widget elementor-widget-heading\" data-id=\"afcda01\" data-element_type=\"widget\" data-widget_type=\"heading.default\">\n\t\t\t\t<div class=\"elementor-widget-container\">\n\t\t\t<h3 class=\"elementor-heading-title elementor-size-default\">Schnell vergleichen und sparen!<\/h3>\t\t<\/div>\n\t\t\t\t<\/div>\n\t\t\t\t<div class=\"elementor-element elementor-element-4a29827 elementor-widget elementor-widget-wp-widget-advads_ad_widget\" data-id=\"4a29827\" data-element_type=\"widget\" data-widget_type=\"wp-widget-advads_ad_widget.default\">\n\t\t\t\t<div class=\"elementor-widget-container\">\n\t\t\t<div id=\"regio-2720148168\"><div class=\"regio-adlabel\">Werbung<\/div><!-- Beginn https:\/\/www.financeads.net\/-Code --><a href=\"https:\/\/www.financeads.net\/tc.php?t=36648C236142529B\" target=\"_blank\"><img fetchpriority=\"high\" decoding=\"async\" src=\"https:\/\/www.financeads.net\/tb.php?t=36648V236142529B&https=1\" alt=\"\" border=\"0\" width=\"300\" height=\"250\"><\/a><!-- Ende https:\/\/www.financeads.net\/-Code --><\/div>\t\t<\/div>\n\t\t\t\t<\/div>\n\t\t\t\t<div class=\"elementor-element elementor-element-1017dfe elementor-widget elementor-widget-wp-widget-advads_ad_widget\" data-id=\"1017dfe\" data-element_type=\"widget\" data-widget_type=\"wp-widget-advads_ad_widget.default\">\n\t\t\t\t<div class=\"elementor-widget-container\">\n\t\t\t<div id=\"regio-3860264452\"><div class=\"regio-adlabel\">Werbung<\/div><!-- Beginn https:\/\/www.financeads.net\/-Code --><a href=\"https:\/\/www.financeads.net\/tc.php?t=36648C42614510B\" target=\"_blank\"><img decoding=\"async\" src=\"https:\/\/www.financeads.net\/tb.php?t=36648V42614510B&https=1\" alt=\"\" border=\"0\" width=\"200\" height=\"300\"><\/a><!-- Ende https:\/\/www.financeads.net\/-Code --><\/div>\t\t<\/div>\n\t\t\t\t<\/div>\n\t\t\t\t<div class=\"elementor-element elementor-element-fd0ad79 elementor-widget elementor-widget-wp-widget-advads_ad_widget\" data-id=\"fd0ad79\" data-element_type=\"widget\" data-widget_type=\"wp-widget-advads_ad_widget.default\">\n\t\t\t\t<div class=\"elementor-widget-container\">\n\t\t\t<div id=\"regio-3555888964\"><div class=\"regio-adlabel\">Werbung<\/div><!-- Beginn https:\/\/www.financeads.net\/-Code --><a href=\"https:\/\/www.financeads.net\/tc.php?t=36648C205040072B\" target=\"_blank\"><img loading=\"lazy\" decoding=\"async\" src=\"https:\/\/www.financeads.net\/tb.php?t=36648V205040072B&https=1\" alt=\"\" border=\"0\" width=\"300\" height=\"250\"><\/a><!-- Ende https:\/\/www.financeads.net\/-Code --><\/div>\t\t<\/div>\n\t\t\t\t<\/div>\n\t\t\t\t<div class=\"elementor-element elementor-element-4484a81 elementor-widget elementor-widget-wp-widget-advads_ad_widget\" data-id=\"4484a81\" data-element_type=\"widget\" data-widget_type=\"wp-widget-advads_ad_widget.default\">\n\t\t\t\t<div class=\"elementor-widget-container\">\n\t\t\t<div id=\"regio-2651149772\"><div class=\"regio-adlabel\">Werbung<\/div><!-- Beginn https:\/\/www.financeads.net\/-Code --><a href=\"https:\/\/www.financeads.net\/tc.php?t=36648C271460142B\" target=\"_blank\"><img loading=\"lazy\" decoding=\"async\" src=\"https:\/\/www.financeads.net\/tb.php?t=36648V271460142B&https=1\" alt=\"PETPROTECT_Hund&Katze_Banner\" border=\"0\" width=\"250\" height=\"250\"><\/a><!-- Ende https:\/\/www.financeads.net\/-Code --><\/div>\t\t<\/div>\n\t\t\t\t<\/div>\n\t\t\t\t\t<\/div>\n\t\t<\/div>\n\t\t\t\t\t<\/div>\n\t\t<\/section>\n\t\t\t\t<\/div>\n\t\t","protected":false},"excerpt":{"rendered":"<div class=\"mh-excerpt\"><p>Initiative von vier Oberb\u00fcrgermeistern und Landr\u00e4tenOB Rei\u00df f\u00fcr 365-Euro-Ticket in der Region Schwabach &#8211; Die Region N\u00fcrnberg-F\u00fcrth-Erlangen-Schwabach zusammen mit den Landkreisen Erlangen-H\u00f6chstadt, F\u00fcrth, N\u00fcrnberger Land und Roth wird derzeit mit B\u00fcrgerbegehren zur Einf\u00fchrung von 365\u20ac-Tickets <a class=\"mh-excerpt-more\" href=\"https:\/\/www.region-schwabach.de\/wordpress\/ob-reiss-fur-365-euro-ticket-in-der-region-initiative-von-vier-oberburgermeistern-und-landraten\/\" title=\"OB Rei\u00df f\u00fcr 365-Euro-Ticket in der Region &#8211; Initiative von vier Oberb\u00fcrgermeistern und Landr\u00e4ten\">[&#8230;]<\/a><\/p>\n<\/div>","protected":false},"author":1,"featured_media":114954,"comment_status":"open","ping_status":"open","sticky":false,"template":"","format":"standard","meta":{"_cbd_carousel_blocks":"[]","footnotes":""},"categories":[16,79,61],"tags":[13075,13079,13080,13076,12771,13077,35,13081,5269,12385,1480,267,32,19,3012,3151],"class_list":{"0":"post-114953","1":"post","2":"type-post","3":"status-publish","4":"format-standard","5":"has-post-thumbnail","7":"category-aktuell","8":"category-politik","9":"category-rathaus","10":"tag-365-euro-ticket","11":"tag-erlangen","12":"tag-erlangen-hoechstadt","13":"tag-initiative","14":"tag-juni-2020","15":"tag-landrat","16":"tag-nuernberg","17":"tag-nuernberger-land","18":"tag-oberbuergermeister","19":"tag-peter-reiss","20":"tag-rathaus","21":"tag-region","22":"tag-roth","23":"tag-schwabach","24":"tag-stadt","25":"tag-stadt-schwabach"},"_links":{"self":[{"href":"https:\/\/www.region-schwabach.de\/wordpress\/wp-json\/wp\/v2\/posts\/114953","targetHints":{"allow":["GET"]}}],"collection":[{"href":"https:\/\/www.region-schwabach.de\/wordpress\/wp-json\/wp\/v2\/posts"}],"about":[{"href":"https:\/\/www.region-schwabach.de\/wordpress\/wp-json\/wp\/v2\/types\/post"}],"author":[{"embeddable":true,"href":"https:\/\/www.region-schwabach.de\/wordpress\/wp-json\/wp\/v2\/users\/1"}],"replies":[{"embeddable":true,"href":"https:\/\/www.region-schwabach.de\/wordpress\/wp-json\/wp\/v2\/comments?post=114953"}],"version-history":[{"count":0,"href":"https:\/\/www.region-schwabach.de\/wordpress\/wp-json\/wp\/v2\/posts\/114953\/revisions"}],"wp:featuredmedia":[{"embeddable":true,"href":"https:\/\/www.region-schwabach.de\/wordpress\/wp-json\/wp\/v2\/media\/114954"}],"wp:attachment":[{"href":"https:\/\/www.region-schwabach.de\/wordpress\/wp-json\/wp\/v2\/media?parent=114953"}],"wp:term":[{"taxonomy":"category","embeddable":true,"href":"https:\/\/www.region-schwabach.de\/wordpress\/wp-json\/wp\/v2\/categories?post=114953"},{"taxonomy":"post_tag","embeddable":true,"href":"https:\/\/www.region-schwabach.de\/wordpress\/wp-json\/wp\/v2\/tags?post=114953"}],"curies":[{"name":"wp","href":"https:\/\/api.w.org\/{rel}","templated":true}]}}