{"id":115402,"date":"2020-07-12T00:05:00","date_gmt":"2020-07-11T22:05:00","guid":{"rendered":"https:\/\/www.region-schwabach.de\/wordpress\/?p=115402"},"modified":"2020-07-12T13:50:34","modified_gmt":"2020-07-12T11:50:34","slug":"schul-und-sportamt-beschafft-587-leih-tablets-aus-staatlichem-forderprogramm","status":"publish","type":"post","link":"https:\/\/www.region-schwabach.de\/wordpress\/schul-und-sportamt-beschafft-587-leih-tablets-aus-staatlichem-forderprogramm\/","title":{"rendered":"Schul- und Sportamt beschafft 587 Leih-Tablets aus staatlichem F\u00f6rderprogramm"},"content":{"rendered":"\t\t<div data-elementor-type=\"wp-post\" data-elementor-id=\"115402\" class=\"elementor elementor-115402\">\n\t\t\t\t\t\t<section class=\"elementor-section elementor-top-section elementor-element elementor-element-678181b elementor-section-boxed elementor-section-height-default elementor-section-height-default\" data-id=\"678181b\" data-element_type=\"section\">\n\t\t\t\t\t\t<div class=\"elementor-container elementor-column-gap-default\">\n\t\t\t\t\t<div class=\"elementor-column elementor-col-50 elementor-top-column elementor-element elementor-element-6b34026\" data-id=\"6b34026\" data-element_type=\"column\">\n\t\t\t<div class=\"elementor-widget-wrap elementor-element-populated\">\n\t\t\t\t\t\t<div class=\"elementor-element elementor-element-2e31143 elementor-widget elementor-widget-wp-widget-advads_ad_widget\" data-id=\"2e31143\" data-element_type=\"widget\" data-widget_type=\"wp-widget-advads_ad_widget.default\">\n\t\t\t\t<div class=\"elementor-widget-container\">\n\t\t\t<div id=\"regio-3997117378\"><div class=\"regio-adlabel\">Werbung<\/div><center><a href=\"https:\/\/a.partner-versicherung.de\/click.php?partner_id=19992&ad_id=1578&deep=kreditkarten\"  target=\"_blank\"><img decoding=\"async\" src=\"https:\/\/a.partner-versicherung.de\/view.php?partner_id=19992&ad_id=1578\" ><\/a><\/center><\/div>\t\t<\/div>\n\t\t\t\t<\/div>\n\t\t\t\t<div class=\"elementor-element elementor-element-443ab98 elementor-widget elementor-widget-text-editor\" data-id=\"443ab98\" data-element_type=\"widget\" data-widget_type=\"text-editor.default\">\n\t\t\t\t<div class=\"elementor-widget-container\">\n\t\t\t\t\t\t\t<h3>Schul- und Sportamt beschafft Ger\u00e4te aus staatlichem F\u00f6rderprogramm<br \/>587 Leih-Tablets f\u00fcr Schwabacher Schulen<\/h3><p><span style=\"font-size: 12pt;\">Schwabach &#8211; Die Corona-Pandemie hat das Schulleben in den letzten Monaten stark ver\u00e4ndert. Unterricht in der Schule und Lernen zu Hause (\u201eHomeschooling\u201c) wechseln sich seit kurzem ab. F\u00fcr Schwabacher Sch\u00fclerinnen und Sch\u00fcler, die aufgrund der wirtschaftlichen Situation der Familie keine IT-Endger\u00e4te hatten, hat das Schwabacher Schul- und Sportamt nun 587 Tablets besorgt. \u201eIch freue mich sehr, dass mit dem F\u00f6rderprogramm der Staatsregierung der schnellen Beschaffung des Schul- und Sportamts nun viele Schwabacher Sch\u00fclerinnen und Sch\u00fcler Zugang zur notwendigen digitalen Ausstattung haben\u201c, sagt Oberb\u00fcrgermeister Peter Rei\u00df.<\/span><\/p><h3>Schwabach nutzt als erste Kommune das F\u00f6rderprogramm<\/h3><p><span style=\"font-size: 12pt;\">Amtsleiter Gerhard Kappler und Schul-IT Koordinator Dr. Mihai Cikala haben f\u00fcr Schwabach als erste Kommune in der St\u00e4dteachse das F\u00f6rderprogram \u201eSonderbudget Leihger\u00e4te\u201c im Rahmen des DigitalPakts Schule der Bayerischen Staatsregierung genutzt. 587 Tablets (iPads) wurden f\u00fcr die Schwabacher Schulen beschafft. Damit k\u00f6nnen circa zehn Prozent der Schwabacher Sch\u00fclerinnen und Sch\u00fcler ausgestattet werden. So ist es diesen m\u00f6glich, auch ohne eigenen PC oder eigenes Tablet am Homeschooling teilzunehmen.<\/span><\/p><h3>Nur drei Wochen von der Ank\u00fcndigung bis zur Lieferung<\/h3><p><span style=\"font-size: 12pt;\">Von der Ank\u00fcndigung des F\u00f6rderprogramms bis zur Lieferung an die Schulen hat es nur drei Wochen gedauert. Nach den Pfingstferien wurden die Leihger\u00e4te, inklusive H\u00fclle, Tastatur und Stift, an die Schulen ausgegeben. Mit dem Einsatz von Tablets im Unterricht baut man auf gute Erfahrungen. Eine Fernwartung der iPads durch ein so genanntes Mobile Device Management entlastet die Systembetreuer von zus\u00e4tzlichem Betreuungsaufwand: Die bereits im Mai allen zur Verf\u00fcgung gestellte Software Microsoft 365 (der Stadtblick berichtete) ist darauf vorinstalliert. Die Ger\u00e4te sind Eigentum der Stadt und werden von den Schulen bei Bedarf an die Kinder und Jugendlichen beziehungsweise an deren Eltern mit Vertrag und Kaution entliehen.<\/span><\/p><h3>Ziel: Gute Bildungschancen f\u00fcr alle<\/h3><p><span style=\"font-size: 12pt;\">F\u00fcr einen Einsatz nach Corona bestehen bereits Konzepte, die iPads in den Unterricht nachhaltig zu integrieren. Wichtigstes Ziel aktuell aber bleibt, gute Bildungschancen f\u00fcr alle auch w\u00e4hrend der Krise zu gew\u00e4hrleisten.<\/span><\/p><p><span style=\"font-size: 12pt;\">Foto: Die Schule am Museum hat elf Ger\u00e4te erhalten. Dar\u00fcber freuen sich sowohl Konrektorin Christina Oberrender, Konrektor Thomas Enders, Oberb\u00fcrgermeister Peter Rei\u00df, Jessica Kardeis vom Bildungsb\u00fcro und Schulleiter Christian Daumenlang (hintere Reihe von links) als auch Valentin, Francesca, Sara und Jasmin (vordere Reihe von links).<\/span><\/p>\t\t\t\t\t\t<\/div>\n\t\t\t\t<\/div>\n\t\t\t\t<div class=\"elementor-element elementor-element-6520198 elementor-widget elementor-widget-shortcode\" data-id=\"6520198\" data-element_type=\"widget\" data-widget_type=\"shortcode.default\">\n\t\t\t\t<div class=\"elementor-widget-container\">\n\t\t\t\t\t<div class=\"elementor-shortcode\"><!-- Beginn https:\/\/www.financeads.net\/-Code --><a href=\"https:\/\/www.financeads.net\/tc.php?t=36648C38513858B\" target=\"_blank\"><center><img decoding=\"async\" src=\"https:\/\/www.financeads.net\/tb.php?t=36648V38513858B&https=1\" alt=\"\" border=\"0\" width=\"468\" height=\"60\"><\/a><!-- Ende https:\/\/www.financeads.net\/-Code --><\/div>\n\t\t\t\t<\/div>\n\t\t\t\t<\/div>\n\t\t\t\t<div class=\"elementor-element elementor-element-21c3450 elementor-widget-divider--view-line elementor-widget elementor-widget-divider\" data-id=\"21c3450\" data-element_type=\"widget\" data-widget_type=\"divider.default\">\n\t\t\t\t<div class=\"elementor-widget-container\">\n\t\t\t\t\t<div class=\"elementor-divider\">\n\t\t\t<span class=\"elementor-divider-separator\">\n\t\t\t\t\t\t<\/span>\n\t\t<\/div>\n\t\t\t\t<\/div>\n\t\t\t\t<\/div>\n\t\t\t\t<div class=\"elementor-element elementor-element-f4c690c elementor-widget elementor-widget-google_maps\" data-id=\"f4c690c\" data-element_type=\"widget\" data-widget_type=\"google_maps.default\">\n\t\t\t\t<div class=\"elementor-widget-container\">\n\t\t\t\t\t<div class=\"elementor-custom-embed\">\n\t\t\t<iframe loading=\"lazy\"\n\t\t\t\t\tsrc=\"https:\/\/maps.google.com\/maps?q=K%C3%B6nigsplatz%201%2C%20Schwabach%2C%20Deutschland&#038;t=m&#038;z=16&#038;output=embed&#038;iwloc=near\"\n\t\t\t\t\ttitle=\"K\u00f6nigsplatz 1, Schwabach, Deutschland\"\n\t\t\t\t\taria-label=\"K\u00f6nigsplatz 1, Schwabach, Deutschland\"\n\t\t\t><\/iframe>\n\t\t<\/div>\n\t\t\t\t<\/div>\n\t\t\t\t<\/div>\n\t\t\t\t\t<\/div>\n\t\t<\/div>\n\t\t\t\t<div class=\"elementor-column elementor-col-50 elementor-top-column elementor-element elementor-element-dd4c02c\" data-id=\"dd4c02c\" data-element_type=\"column\">\n\t\t\t<div class=\"elementor-widget-wrap elementor-element-populated\">\n\t\t\t\t\t\t<div class=\"elementor-element elementor-element-afcda01 elementor-widget elementor-widget-heading\" data-id=\"afcda01\" data-element_type=\"widget\" data-widget_type=\"heading.default\">\n\t\t\t\t<div class=\"elementor-widget-container\">\n\t\t\t<h3 class=\"elementor-heading-title elementor-size-default\">Schnell vergleichen und sparen!<\/h3>\t\t<\/div>\n\t\t\t\t<\/div>\n\t\t\t\t<div class=\"elementor-element elementor-element-4a29827 elementor-widget elementor-widget-wp-widget-advads_ad_widget\" data-id=\"4a29827\" data-element_type=\"widget\" data-widget_type=\"wp-widget-advads_ad_widget.default\">\n\t\t\t\t<div class=\"elementor-widget-container\">\n\t\t\t<div id=\"regio-2290317929\"><div class=\"regio-adlabel\">Werbung<\/div><!-- Beginn https:\/\/www.financeads.net\/-Code --><a href=\"https:\/\/www.financeads.net\/tc.php?t=36648C236142529B\" target=\"_blank\"><img fetchpriority=\"high\" decoding=\"async\" src=\"https:\/\/www.financeads.net\/tb.php?t=36648V236142529B&https=1\" alt=\"\" border=\"0\" width=\"300\" height=\"250\"><\/a><!-- Ende https:\/\/www.financeads.net\/-Code --><\/div>\t\t<\/div>\n\t\t\t\t<\/div>\n\t\t\t\t<div class=\"elementor-element elementor-element-1017dfe elementor-widget elementor-widget-wp-widget-advads_ad_widget\" data-id=\"1017dfe\" data-element_type=\"widget\" data-widget_type=\"wp-widget-advads_ad_widget.default\">\n\t\t\t\t<div class=\"elementor-widget-container\">\n\t\t\t<div id=\"regio-3692133126\"><div class=\"regio-adlabel\">Werbung<\/div><!-- Beginn https:\/\/www.financeads.net\/-Code --><a href=\"https:\/\/www.financeads.net\/tc.php?t=36648C42614510B\" target=\"_blank\"><img decoding=\"async\" src=\"https:\/\/www.financeads.net\/tb.php?t=36648V42614510B&https=1\" alt=\"\" border=\"0\" width=\"200\" height=\"300\"><\/a><!-- Ende https:\/\/www.financeads.net\/-Code --><\/div>\t\t<\/div>\n\t\t\t\t<\/div>\n\t\t\t\t<div class=\"elementor-element elementor-element-fd0ad79 elementor-widget elementor-widget-wp-widget-advads_ad_widget\" data-id=\"fd0ad79\" data-element_type=\"widget\" data-widget_type=\"wp-widget-advads_ad_widget.default\">\n\t\t\t\t<div class=\"elementor-widget-container\">\n\t\t\t<div id=\"regio-574455000\"><div class=\"regio-adlabel\">Werbung<\/div><!-- Beginn https:\/\/www.financeads.net\/-Code --><a href=\"https:\/\/www.financeads.net\/tc.php?t=36648C205040072B\" target=\"_blank\"><img loading=\"lazy\" decoding=\"async\" src=\"https:\/\/www.financeads.net\/tb.php?t=36648V205040072B&https=1\" alt=\"\" border=\"0\" width=\"300\" height=\"250\"><\/a><!-- Ende https:\/\/www.financeads.net\/-Code --><\/div>\t\t<\/div>\n\t\t\t\t<\/div>\n\t\t\t\t<div class=\"elementor-element elementor-element-4484a81 elementor-widget elementor-widget-wp-widget-advads_ad_widget\" data-id=\"4484a81\" data-element_type=\"widget\" data-widget_type=\"wp-widget-advads_ad_widget.default\">\n\t\t\t\t<div class=\"elementor-widget-container\">\n\t\t\t<div id=\"regio-2361506956\"><div class=\"regio-adlabel\">Werbung<\/div><!-- Beginn https:\/\/www.financeads.net\/-Code --><a href=\"https:\/\/www.financeads.net\/tc.php?t=36648C271460142B\" target=\"_blank\"><img loading=\"lazy\" decoding=\"async\" src=\"https:\/\/www.financeads.net\/tb.php?t=36648V271460142B&https=1\" alt=\"PETPROTECT_Hund&Katze_Banner\" border=\"0\" width=\"250\" height=\"250\"><\/a><!-- Ende https:\/\/www.financeads.net\/-Code --><\/div>\t\t<\/div>\n\t\t\t\t<\/div>\n\t\t\t\t\t<\/div>\n\t\t<\/div>\n\t\t\t\t\t<\/div>\n\t\t<\/section>\n\t\t\t\t<\/div>\n\t\t","protected":false},"excerpt":{"rendered":"<div class=\"mh-excerpt\"><p>Schul- und Sportamt beschafft Ger\u00e4te aus staatlichem F\u00f6rderprogramm 587 Leih-Tablets f\u00fcr Schwabacher Schulen Schwabach &#8211; Die Corona-Pandemie hat das Schulleben in den letzten Monaten stark ver\u00e4ndert. Unterricht in der Schule und Lernen zu Hause (\u201eHomeschooling\u201c) <a class=\"mh-excerpt-more\" href=\"https:\/\/www.region-schwabach.de\/wordpress\/schul-und-sportamt-beschafft-587-leih-tablets-aus-staatlichem-forderprogramm\/\" title=\"Schul- und Sportamt beschafft 587 Leih-Tablets aus staatlichem F\u00f6rderprogramm\">[&#8230;]<\/a><\/p>\n<\/div>","protected":false},"author":1,"featured_media":115403,"comment_status":"open","ping_status":"open","sticky":false,"template":"","format":"standard","meta":{"_cbd_carousel_blocks":"[]","footnotes":""},"categories":[16,287,79,61],"tags":[13161,8703,13162,12771,13160,5269,12385,1480,6877,19,13164,6878,13163,3151],"class_list":{"0":"post-115402","1":"post","2":"type-post","3":"status-publish","4":"format-standard","5":"has-post-thumbnail","7":"category-aktuell","8":"category-jugend-und-familie","9":"category-politik","10":"category-rathaus","11":"tag-corona-pandemie","12":"tag-foerderprogramm","13":"tag-homeschooling","14":"tag-juni-2020","15":"tag-leih-tablets","16":"tag-oberbuergermeister","17":"tag-peter-reiss","18":"tag-rathaus","19":"tag-schulamt","20":"tag-schwabach","21":"tag-sonderbudget-leihgeraete","22":"tag-sportamt","23":"tag-staatsregierung","24":"tag-stadt-schwabach"},"_links":{"self":[{"href":"https:\/\/www.region-schwabach.de\/wordpress\/wp-json\/wp\/v2\/posts\/115402","targetHints":{"allow":["GET"]}}],"collection":[{"href":"https:\/\/www.region-schwabach.de\/wordpress\/wp-json\/wp\/v2\/posts"}],"about":[{"href":"https:\/\/www.region-schwabach.de\/wordpress\/wp-json\/wp\/v2\/types\/post"}],"author":[{"embeddable":true,"href":"https:\/\/www.region-schwabach.de\/wordpress\/wp-json\/wp\/v2\/users\/1"}],"replies":[{"embeddable":true,"href":"https:\/\/www.region-schwabach.de\/wordpress\/wp-json\/wp\/v2\/comments?post=115402"}],"version-history":[{"count":0,"href":"https:\/\/www.region-schwabach.de\/wordpress\/wp-json\/wp\/v2\/posts\/115402\/revisions"}],"wp:featuredmedia":[{"embeddable":true,"href":"https:\/\/www.region-schwabach.de\/wordpress\/wp-json\/wp\/v2\/media\/115403"}],"wp:attachment":[{"href":"https:\/\/www.region-schwabach.de\/wordpress\/wp-json\/wp\/v2\/media?parent=115402"}],"wp:term":[{"taxonomy":"category","embeddable":true,"href":"https:\/\/www.region-schwabach.de\/wordpress\/wp-json\/wp\/v2\/categories?post=115402"},{"taxonomy":"post_tag","embeddable":true,"href":"https:\/\/www.region-schwabach.de\/wordpress\/wp-json\/wp\/v2\/tags?post=115402"}],"curies":[{"name":"wp","href":"https:\/\/api.w.org\/{rel}","templated":true}]}}