{"id":115443,"date":"2020-07-13T00:15:00","date_gmt":"2020-07-12T22:15:00","guid":{"rendered":"https:\/\/www.region-schwabach.de\/wordpress\/?p=115443"},"modified":"2020-07-13T11:23:54","modified_gmt":"2020-07-13T09:23:54","slug":"haus-fur-kinder-altstadt-durch-oberburgermeister-peter-reiss-eingeweiht","status":"publish","type":"post","link":"https:\/\/www.region-schwabach.de\/wordpress\/haus-fur-kinder-altstadt-durch-oberburgermeister-peter-reiss-eingeweiht\/","title":{"rendered":"&#8222;Haus f\u00fcr Kinder Altstadt&#8220; durch Oberb\u00fcrgermeister Peter Rei\u00df eingeweiht"},"content":{"rendered":"\t\t<div data-elementor-type=\"wp-post\" data-elementor-id=\"115443\" class=\"elementor elementor-115443\">\n\t\t\t\t\t\t<section class=\"elementor-section elementor-top-section elementor-element elementor-element-678181b elementor-section-boxed elementor-section-height-default elementor-section-height-default\" data-id=\"678181b\" data-element_type=\"section\">\n\t\t\t\t\t\t<div class=\"elementor-container elementor-column-gap-default\">\n\t\t\t\t\t<div class=\"elementor-column elementor-col-50 elementor-top-column elementor-element elementor-element-6b34026\" data-id=\"6b34026\" data-element_type=\"column\">\n\t\t\t<div class=\"elementor-widget-wrap elementor-element-populated\">\n\t\t\t\t\t\t<div class=\"elementor-element elementor-element-5f523b7 elementor-widget elementor-widget-wp-widget-advads_ad_widget\" data-id=\"5f523b7\" data-element_type=\"widget\" data-widget_type=\"wp-widget-advads_ad_widget.default\">\n\t\t\t\t<div class=\"elementor-widget-container\">\n\t\t\t<div id=\"regio-3429317562\"><div class=\"regio-adlabel\">Werbung<\/div><center><a href=\"https:\/\/a.partner-versicherung.de\/click.php?partner_id=19992&ad_id=1578&deep=kreditkarten\"  target=\"_blank\"><img decoding=\"async\" src=\"https:\/\/a.partner-versicherung.de\/view.php?partner_id=19992&ad_id=1578\" ><\/a><\/center><\/div>\t\t<\/div>\n\t\t\t\t<\/div>\n\t\t\t\t<div class=\"elementor-element elementor-element-443ab98 elementor-widget elementor-widget-text-editor\" data-id=\"443ab98\" data-element_type=\"widget\" data-widget_type=\"text-editor.default\">\n\t\t\t\t<div class=\"elementor-widget-container\">\n\t\t\t\t\t\t\t<h3>\u201eTolles Umfeld\u201c:<br \/>Haus f\u00fcr Kinder Altstadt eingeweiht<\/h3><p><span style=\"font-size: 12pt;\">Schwabach &#8211; Voller Vorfreude eroberten die Kindergarten-Kinder am 1. Juli ihr neues \u201eHaus f\u00fcr Kinder Altstadt\u201c. Eineinhalb Jahre hat es vom Abriss des alten Kindergartens an der Petzoldstra\u00dfe bis zum Einzug in den Neubau gedauert. F\u00fcr die Kinder eine lange Zeit, f\u00fcr das gelungene Projekt nicht. Und es hat sich gelohnt: Helle, gro\u00dfe R\u00e4ume, ein weitl\u00e4ufiger Garten und viele M\u00f6glichkeiten f\u00fcr die Kleinen, sich zu entfalten, bieten das neue Geb\u00e4ude. Au\u00dfer den 100 Kindergartenkindern wird hier auch eine Krippe mit 24 Kleinen einziehen.<\/span><\/p><h3>Oberb\u00fcrgermeister Peter Rei\u00df nimmt Einweihung vor\u00a0<\/h3><p><span style=\"font-size: 12pt;\">Oberb\u00fcrgermeister Peter Rei\u00df lie\u00df es sich nicht nehmen, die Einrichtung einzuweihen, und fand viele lobende Worte f\u00fcr die Beteiligten: \u201eIch danke allen, die sich hier engagiert haben, sehr herzlich. Sowohl denen, die geplant haben als auch denen, die dieses `Haus f\u00fcr Kinder\u00b4 gebaut haben. Das Ergebnis kann sich nun wirklich sehen lassen.\u201c Federf\u00fchrend betreut hat das Projekt das Amt f\u00fcr Geb\u00e4udemanagement, umgesetzt hat es das B\u00fcro \u201ed\u00fcrschinger architekten\u201c.<\/span><\/p><p><span style=\"font-size: 12pt;\">\u201eNun w\u00fcnsche ich allen Kindern, ihren Eltern und nat\u00fcrlich auch dem Team ganz viel Freude in den neuen R\u00e4umen\u201c, so der OB weiter. Mit einem kr\u00e4ftigen Schlag auf eine gro\u00dfe Klangscheibe wurde das Haus dann auch mit einem akustischen Signal er\u00f6ffnet. Diese hat der Elternbeirat beigesteuert.<\/span><\/p><h3>Weiterer Beitrag zur Vereinbarkeit von Familie und Beruf<\/h3><p><span style=\"font-size: 12pt;\">\u201eDiese Einrichtung ist ein weiterer Beitrag zur Vereinbarkeit von Familie und Beruf in Schwabach. Aber in erster Linie ist das ein tolles Umfeld f\u00fcr die Kinder\u201c, erg\u00e4nzte Knut Engelbrecht, Referent f\u00fcr Recht, Soziales und Umwelt. Weil der Bedarf an zus\u00e4tzlichen Kinderbetreuungseinrichtungen in Schwabach noch steigt, sind weitere Projekte im Stadtgebiet in der Planung. \u201eDas Haus f\u00fcr Kinder Altstadt ist da ganz sicher ein Vorbild f\u00fcr weitere Projekte, die in Schwabach umgesetzt werden\u201c, so Engelbrecht weiter.<\/span><\/p><p><strong><span style=\"font-size: 12pt;\">Fotos:<\/span><\/strong><\/p><ol><li><span style=\"font-size: 12pt;\">Die Vorfreude der Kinder war riesengro\u00df.<\/span><\/li><li><span style=\"font-size: 12pt;\">Zur offiziellen Er\u00f6ffnung begr\u00fc\u00dfte Oberb\u00fcrgermeister Peter Rei\u00df (Mitte) <\/span><span style=\"font-size: 12pt;\">sowohl die beteiligten Kolleginnen und Kollegen aus der <\/span><span style=\"font-size: 12pt;\">Stadtverwaltung, den Architekten und Mitglieder des Elternbeirats und <\/span><span style=\"font-size: 12pt;\">des Stadtrats.<\/span><\/li><li><span style=\"font-size: 12pt;\">Vieles muss noch ausgepackt werden.<\/span><\/li><\/ol>\t\t\t\t\t\t<\/div>\n\t\t\t\t<\/div>\n\t\t\t\t<div class=\"elementor-element elementor-element-69bd1a5 elementor-widget elementor-widget-shortcode\" data-id=\"69bd1a5\" data-element_type=\"widget\" data-widget_type=\"shortcode.default\">\n\t\t\t\t<div class=\"elementor-widget-container\">\n\t\t\t\t\t<div class=\"elementor-shortcode\"><!-- Beginn https:\/\/www.financeads.net\/-Code --><a href=\"https:\/\/www.financeads.net\/tc.php?t=36648C38513858B\" target=\"_blank\"><center><img decoding=\"async\" src=\"https:\/\/www.financeads.net\/tb.php?t=36648V38513858B&https=1\" alt=\"\" border=\"0\" width=\"468\" height=\"60\"><\/a><!-- Ende https:\/\/www.financeads.net\/-Code --><\/div>\n\t\t\t\t<\/div>\n\t\t\t\t<\/div>\n\t\t\t\t<div class=\"elementor-element elementor-element-6ba1d24 elementor-widget elementor-widget-image\" data-id=\"6ba1d24\" data-element_type=\"widget\" data-widget_type=\"image.default\">\n\t\t\t\t<div class=\"elementor-widget-container\">\n\t\t\t\t\t\t\t\t\t\t\t\t\t<img fetchpriority=\"high\" decoding=\"async\" width=\"1024\" height=\"762\" src=\"https:\/\/www.region-schwabach.de\/wordpress\/wp-content\/uploads\/2020\/07\/PM116_Vorfreude-Kinder-1024x762.jpg\" class=\"attachment-large size-large wp-image-115447\" alt=\"\" srcset=\"https:\/\/www.region-schwabach.de\/wordpress\/wp-content\/uploads\/2020\/07\/PM116_Vorfreude-Kinder-1024x762.jpg 1024w, https:\/\/www.region-schwabach.de\/wordpress\/wp-content\/uploads\/2020\/07\/PM116_Vorfreude-Kinder-300x223.jpg 300w, https:\/\/www.region-schwabach.de\/wordpress\/wp-content\/uploads\/2020\/07\/PM116_Vorfreude-Kinder-768x572.jpg 768w, https:\/\/www.region-schwabach.de\/wordpress\/wp-content\/uploads\/2020\/07\/PM116_Vorfreude-Kinder-80x60.jpg 80w, https:\/\/www.region-schwabach.de\/wordpress\/wp-content\/uploads\/2020\/07\/PM116_Vorfreude-Kinder-e1594631827314.jpg 960w\" sizes=\"(max-width: 1024px) 100vw, 1024px\" \/>\t\t\t\t\t\t\t\t\t\t\t\t\t<\/div>\n\t\t\t\t<\/div>\n\t\t\t\t<div class=\"elementor-element elementor-element-0f54f7a elementor-widget elementor-widget-image\" data-id=\"0f54f7a\" data-element_type=\"widget\" data-widget_type=\"image.default\">\n\t\t\t\t<div class=\"elementor-widget-container\">\n\t\t\t\t\t\t\t\t\t\t\t\t\t<img decoding=\"async\" width=\"1024\" height=\"470\" src=\"https:\/\/www.region-schwabach.de\/wordpress\/wp-content\/uploads\/2020\/07\/PM116_OB_Elternbeirat_Mitarbeitende-1024x470.jpg\" class=\"attachment-large size-large wp-image-115444\" alt=\"\" srcset=\"https:\/\/www.region-schwabach.de\/wordpress\/wp-content\/uploads\/2020\/07\/PM116_OB_Elternbeirat_Mitarbeitende-1024x470.jpg 1024w, https:\/\/www.region-schwabach.de\/wordpress\/wp-content\/uploads\/2020\/07\/PM116_OB_Elternbeirat_Mitarbeitende-300x138.jpg 300w, https:\/\/www.region-schwabach.de\/wordpress\/wp-content\/uploads\/2020\/07\/PM116_OB_Elternbeirat_Mitarbeitende-768x352.jpg 768w, https:\/\/www.region-schwabach.de\/wordpress\/wp-content\/uploads\/2020\/07\/PM116_OB_Elternbeirat_Mitarbeitende-1536x705.jpg 1536w, https:\/\/www.region-schwabach.de\/wordpress\/wp-content\/uploads\/2020\/07\/PM116_OB_Elternbeirat_Mitarbeitende-e1594630903555.jpg 960w\" sizes=\"(max-width: 1024px) 100vw, 1024px\" \/>\t\t\t\t\t\t\t\t\t\t\t\t\t<\/div>\n\t\t\t\t<\/div>\n\t\t\t\t<div class=\"elementor-element elementor-element-c67ef80 elementor-widget elementor-widget-image\" data-id=\"c67ef80\" data-element_type=\"widget\" data-widget_type=\"image.default\">\n\t\t\t\t<div class=\"elementor-widget-container\">\n\t\t\t\t\t\t\t\t\t\t\t\t\t<img loading=\"lazy\" decoding=\"async\" width=\"1024\" height=\"773\" src=\"https:\/\/www.region-schwabach.de\/wordpress\/wp-content\/uploads\/2020\/07\/PM116_Haus-f\u00fcr-Kinder_Raum-1024x773.jpg\" class=\"attachment-large size-large wp-image-115451\" alt=\"\" srcset=\"https:\/\/www.region-schwabach.de\/wordpress\/wp-content\/uploads\/2020\/07\/PM116_Haus-f\u00fcr-Kinder_Raum-1024x773.jpg 1024w, https:\/\/www.region-schwabach.de\/wordpress\/wp-content\/uploads\/2020\/07\/PM116_Haus-f\u00fcr-Kinder_Raum-300x226.jpg 300w, https:\/\/www.region-schwabach.de\/wordpress\/wp-content\/uploads\/2020\/07\/PM116_Haus-f\u00fcr-Kinder_Raum-768x580.jpg 768w, https:\/\/www.region-schwabach.de\/wordpress\/wp-content\/uploads\/2020\/07\/PM116_Haus-f\u00fcr-Kinder_Raum-326x245.jpg 326w, https:\/\/www.region-schwabach.de\/wordpress\/wp-content\/uploads\/2020\/07\/PM116_Haus-f\u00fcr-Kinder_Raum-80x60.jpg 80w, https:\/\/www.region-schwabach.de\/wordpress\/wp-content\/uploads\/2020\/07\/PM116_Haus-f\u00fcr-Kinder_Raum-e1594632139210.jpg 960w\" sizes=\"(max-width: 1024px) 100vw, 1024px\" \/>\t\t\t\t\t\t\t\t\t\t\t\t\t<\/div>\n\t\t\t\t<\/div>\n\t\t\t\t\t<\/div>\n\t\t<\/div>\n\t\t\t\t<div class=\"elementor-column elementor-col-50 elementor-top-column elementor-element elementor-element-c785129\" data-id=\"c785129\" data-element_type=\"column\">\n\t\t\t<div class=\"elementor-widget-wrap elementor-element-populated\">\n\t\t\t\t\t\t<div class=\"elementor-element elementor-element-631e3bb elementor-widget elementor-widget-heading\" data-id=\"631e3bb\" data-element_type=\"widget\" data-widget_type=\"heading.default\">\n\t\t\t\t<div class=\"elementor-widget-container\">\n\t\t\t<h3 class=\"elementor-heading-title elementor-size-default\">Schnell vergleichen und sparen!<\/h3>\t\t<\/div>\n\t\t\t\t<\/div>\n\t\t\t\t<div class=\"elementor-element elementor-element-be89023 elementor-widget elementor-widget-wp-widget-advads_ad_widget\" data-id=\"be89023\" data-element_type=\"widget\" data-widget_type=\"wp-widget-advads_ad_widget.default\">\n\t\t\t\t<div class=\"elementor-widget-container\">\n\t\t\t<div id=\"regio-904524634\"><div class=\"regio-adlabel\">Werbung<\/div><!-- Beginn https:\/\/www.financeads.net\/-Code --><a href=\"https:\/\/www.financeads.net\/tc.php?t=36648C236142529B\" target=\"_blank\"><img loading=\"lazy\" decoding=\"async\" src=\"https:\/\/www.financeads.net\/tb.php?t=36648V236142529B&https=1\" alt=\"\" border=\"0\" width=\"300\" height=\"250\"><\/a><!-- Ende https:\/\/www.financeads.net\/-Code --><\/div>\t\t<\/div>\n\t\t\t\t<\/div>\n\t\t\t\t<div class=\"elementor-element elementor-element-a0b548f elementor-widget elementor-widget-wp-widget-advads_ad_widget\" data-id=\"a0b548f\" data-element_type=\"widget\" data-widget_type=\"wp-widget-advads_ad_widget.default\">\n\t\t\t\t<div class=\"elementor-widget-container\">\n\t\t\t<div id=\"regio-3333478806\"><div class=\"regio-adlabel\">Werbung<\/div><!-- Beginn https:\/\/www.financeads.net\/-Code --><a href=\"https:\/\/www.financeads.net\/tc.php?t=36648C42614510B\" target=\"_blank\"><img loading=\"lazy\" decoding=\"async\" src=\"https:\/\/www.financeads.net\/tb.php?t=36648V42614510B&https=1\" alt=\"\" border=\"0\" width=\"200\" height=\"300\"><\/a><!-- Ende https:\/\/www.financeads.net\/-Code --><\/div>\t\t<\/div>\n\t\t\t\t<\/div>\n\t\t\t\t<div class=\"elementor-element elementor-element-08fb342 elementor-widget elementor-widget-wp-widget-advads_ad_widget\" data-id=\"08fb342\" data-element_type=\"widget\" data-widget_type=\"wp-widget-advads_ad_widget.default\">\n\t\t\t\t<div class=\"elementor-widget-container\">\n\t\t\t<div id=\"regio-3419219187\"><div class=\"regio-adlabel\">Werbung<\/div><!-- Beginn https:\/\/www.financeads.net\/-Code --><a href=\"https:\/\/www.financeads.net\/tc.php?t=36648C205040072B\" target=\"_blank\"><img loading=\"lazy\" decoding=\"async\" src=\"https:\/\/www.financeads.net\/tb.php?t=36648V205040072B&https=1\" alt=\"\" border=\"0\" width=\"300\" height=\"250\"><\/a><!-- Ende https:\/\/www.financeads.net\/-Code --><\/div>\t\t<\/div>\n\t\t\t\t<\/div>\n\t\t\t\t<div class=\"elementor-element elementor-element-eb39dc8 elementor-widget elementor-widget-wp-widget-advads_ad_widget\" data-id=\"eb39dc8\" data-element_type=\"widget\" data-widget_type=\"wp-widget-advads_ad_widget.default\">\n\t\t\t\t<div class=\"elementor-widget-container\">\n\t\t\t<div id=\"regio-2426193829\"><div class=\"regio-adlabel\">Werbung<\/div><!-- Beginn https:\/\/www.financeads.net\/-Code --><a href=\"https:\/\/www.financeads.net\/tc.php?t=36648C271460142B\" target=\"_blank\"><img loading=\"lazy\" decoding=\"async\" src=\"https:\/\/www.financeads.net\/tb.php?t=36648V271460142B&https=1\" alt=\"PETPROTECT_Hund&Katze_Banner\" border=\"0\" width=\"250\" height=\"250\"><\/a><!-- Ende https:\/\/www.financeads.net\/-Code --><\/div>\t\t<\/div>\n\t\t\t\t<\/div>\n\t\t\t\t\t<\/div>\n\t\t<\/div>\n\t\t\t\t\t<\/div>\n\t\t<\/section>\n\t\t\t\t<\/div>\n\t\t","protected":false},"excerpt":{"rendered":"<div class=\"mh-excerpt\"><p>\u201eTolles Umfeld\u201c:Haus f\u00fcr Kinder Altstadt eingeweiht Schwabach &#8211; Voller Vorfreude eroberten die Kindergarten-Kinder am 1. Juli ihr neues \u201eHaus f\u00fcr Kinder Altstadt\u201c. Eineinhalb Jahre hat es vom Abriss des alten Kindergartens an der Petzoldstra\u00dfe bis <a class=\"mh-excerpt-more\" href=\"https:\/\/www.region-schwabach.de\/wordpress\/haus-fur-kinder-altstadt-durch-oberburgermeister-peter-reiss-eingeweiht\/\" title=\"&#8222;Haus f\u00fcr Kinder Altstadt&#8220; durch Oberb\u00fcrgermeister Peter Rei\u00df eingeweiht\">[&#8230;]<\/a><\/p>\n<\/div>","protected":false},"author":1,"featured_media":115444,"comment_status":"open","ping_status":"open","sticky":false,"template":"","format":"standard","meta":{"_cbd_carousel_blocks":"[]","footnotes":""},"categories":[16,287,79,61],"tags":[3956,6985,13042,12901,47,3958,572,3957,1480,19,3012,3151,987],"class_list":{"0":"post-115443","1":"post","2":"type-post","3":"status-publish","4":"format-standard","5":"has-post-thumbnail","7":"category-aktuell","8":"category-jugend-und-familie","9":"category-politik","10":"category-rathaus","11":"tag-altstadt-kindergarten","12":"tag-einweihung","13":"tag-haus-fuer-kinder-altstadt","14":"tag-juli-2020","15":"tag-kindertagesstaette","16":"tag-nebengebaeude","17":"tag-neubau","18":"tag-petzoldtstrasse","19":"tag-rathaus","20":"tag-schwabach","21":"tag-stadt","22":"tag-stadt-schwabach","23":"tag-umzug"},"_links":{"self":[{"href":"https:\/\/www.region-schwabach.de\/wordpress\/wp-json\/wp\/v2\/posts\/115443","targetHints":{"allow":["GET"]}}],"collection":[{"href":"https:\/\/www.region-schwabach.de\/wordpress\/wp-json\/wp\/v2\/posts"}],"about":[{"href":"https:\/\/www.region-schwabach.de\/wordpress\/wp-json\/wp\/v2\/types\/post"}],"author":[{"embeddable":true,"href":"https:\/\/www.region-schwabach.de\/wordpress\/wp-json\/wp\/v2\/users\/1"}],"replies":[{"embeddable":true,"href":"https:\/\/www.region-schwabach.de\/wordpress\/wp-json\/wp\/v2\/comments?post=115443"}],"version-history":[{"count":0,"href":"https:\/\/www.region-schwabach.de\/wordpress\/wp-json\/wp\/v2\/posts\/115443\/revisions"}],"wp:featuredmedia":[{"embeddable":true,"href":"https:\/\/www.region-schwabach.de\/wordpress\/wp-json\/wp\/v2\/media\/115444"}],"wp:attachment":[{"href":"https:\/\/www.region-schwabach.de\/wordpress\/wp-json\/wp\/v2\/media?parent=115443"}],"wp:term":[{"taxonomy":"category","embeddable":true,"href":"https:\/\/www.region-schwabach.de\/wordpress\/wp-json\/wp\/v2\/categories?post=115443"},{"taxonomy":"post_tag","embeddable":true,"href":"https:\/\/www.region-schwabach.de\/wordpress\/wp-json\/wp\/v2\/tags?post=115443"}],"curies":[{"name":"wp","href":"https:\/\/api.w.org\/{rel}","templated":true}]}}