{"id":115863,"date":"2020-07-22T00:55:00","date_gmt":"2020-07-21T22:55:00","guid":{"rendered":"https:\/\/www.region-schwabach.de\/wordpress\/?p=115863"},"modified":"2020-07-22T08:20:48","modified_gmt":"2020-07-22T06:20:48","slug":"burgerversammlung-bezirk-ost-gartenheim-iii-im-markgrafensaal-in-schwabach","status":"publish","type":"post","link":"https:\/\/www.region-schwabach.de\/wordpress\/burgerversammlung-bezirk-ost-gartenheim-iii-im-markgrafensaal-in-schwabach\/","title":{"rendered":"B\u00fcrgerversammlung Bezirk Ost\/Gartenheim, III. im Markgrafensaal in Schwabach"},"content":{"rendered":"\t\t<div data-elementor-type=\"wp-post\" data-elementor-id=\"115863\" class=\"elementor elementor-115863\">\n\t\t\t\t\t\t<section class=\"elementor-section elementor-top-section elementor-element elementor-element-5436baf elementor-section-boxed elementor-section-height-default elementor-section-height-default\" data-id=\"5436baf\" data-element_type=\"section\">\n\t\t\t\t\t\t<div class=\"elementor-container elementor-column-gap-default\">\n\t\t\t\t\t<div class=\"elementor-column elementor-col-66 elementor-top-column elementor-element elementor-element-a5f5ee5\" data-id=\"a5f5ee5\" data-element_type=\"column\">\n\t\t\t<div class=\"elementor-widget-wrap elementor-element-populated\">\n\t\t\t\t\t\t<div class=\"elementor-element elementor-element-f9ec26d elementor-widget elementor-widget-wp-widget-advads_ad_widget\" data-id=\"f9ec26d\" data-element_type=\"widget\" data-widget_type=\"wp-widget-advads_ad_widget.default\">\n\t\t\t\t<div class=\"elementor-widget-container\">\n\t\t\t<div id=\"regio-2306462929\"><div class=\"regio-adlabel\">Werbung<\/div><center><a href=\"https:\/\/a.partner-versicherung.de\/click.php?partner_id=19992&ad_id=1578&deep=kreditkarten\"  target=\"_blank\"><img decoding=\"async\" src=\"https:\/\/a.partner-versicherung.de\/view.php?partner_id=19992&ad_id=1578\" ><\/a><\/center><\/div>\t\t<\/div>\n\t\t\t\t<\/div>\n\t\t\t\t<div class=\"elementor-element elementor-element-d0b0674 elementor-widget elementor-widget-text-editor\" data-id=\"d0b0674\" data-element_type=\"widget\" data-widget_type=\"text-editor.default\">\n\t\t\t\t<div class=\"elementor-widget-container\">\n\t\t\t\t\t\t\t<h3>B\u00fcrgerversammlung im\u00a0<span class=\"value\">Markgrafensaal<\/span><\/h3><p><span style=\"font-size: 12pt;\">Schwabach &#8211; Am Mittwoch, den 22.07.2020, findet im Markgrafensaal Schwabach<span class=\"value\"> in der Ludwigstra\u00dfe <\/span>eine B\u00fcrgerversammlung f\u00fcr den Bezirk III (Ost\/Gartenheim) statt. <\/span><\/p><p><span style=\"font-size: 12pt;\">Hier haben die B\u00fcrgerinnen und B\u00fcrger zusammen mit der Stadtspitze und den Referenten die M\u00f6glichkeit, Anregungen, W\u00fcnsche und Beschwerden aus der B\u00fcrgerschaft\u00a0 zu diskutieren.<\/span><\/p><p><a href=\"https:\/\/www.schwabach.de\/de\/stadtverwaltung\/oberbuergermeister\/97-buergermeister-und-presseamt\/98-neues-aus-dem-buergermeister-und-presseamt\/8136-buergerversammlungen-2020.html\" target=\"_blank\" rel=\"noopener\">F\u00fcr weitere Informationen hier klicken &#8230;<\/a><\/p>\t\t\t\t\t\t<\/div>\n\t\t\t\t<\/div>\n\t\t\t\t<div class=\"elementor-element elementor-element-34ad0b5 elementor-widget elementor-widget-google_maps\" data-id=\"34ad0b5\" data-element_type=\"widget\" data-widget_type=\"google_maps.default\">\n\t\t\t\t<div class=\"elementor-widget-container\">\n\t\t\t\t\t<div class=\"elementor-custom-embed\">\n\t\t\t<iframe loading=\"lazy\"\n\t\t\t\t\tsrc=\"https:\/\/maps.google.com\/maps?q=Dietersdorfer%20Stra%C3%9Fe%20177%2C%20Schwabach%2C%20Deutschland&#038;t=m&#038;z=16&#038;output=embed&#038;iwloc=near\"\n\t\t\t\t\ttitle=\"Dietersdorfer Stra\u00dfe 177, Schwabach, Deutschland\"\n\t\t\t\t\taria-label=\"Dietersdorfer Stra\u00dfe 177, Schwabach, Deutschland\"\n\t\t\t><\/iframe>\n\t\t<\/div>\n\t\t\t\t<\/div>\n\t\t\t\t<\/div>\n\t\t\t\t\t<\/div>\n\t\t<\/div>\n\t\t\t\t<div class=\"elementor-column elementor-col-33 elementor-top-column elementor-element elementor-element-a271905\" data-id=\"a271905\" data-element_type=\"column\">\n\t\t\t<div class=\"elementor-widget-wrap elementor-element-populated\">\n\t\t\t\t\t\t<div class=\"elementor-element elementor-element-abf0eed elementor-widget elementor-widget-wp-widget-advads_ad_widget\" data-id=\"abf0eed\" data-element_type=\"widget\" data-widget_type=\"wp-widget-advads_ad_widget.default\">\n\t\t\t\t<div class=\"elementor-widget-container\">\n\t\t\t<div id=\"regio-567847711\"><div class=\"regio-adlabel\">Werbung<\/div><div id=\"regio-2186509437\"><!-- Beginn https:\/\/www.financeads.net\/-Code --><a href=\"https:\/\/www.financeads.net\/tc.php?t=36648C271460142B\" target=\"_blank\"><img fetchpriority=\"high\" decoding=\"async\" src=\"https:\/\/www.financeads.net\/tb.php?t=36648V271460142B&https=1\" alt=\"PETPROTECT_Hund&Katze_Banner\" border=\"0\" width=\"250\" height=\"250\"><\/a><!-- Ende https:\/\/www.financeads.net\/-Code --><\/div><div id=\"regio-2542306499\"><!-- Beginn https:\/\/www.financeads.net\/-Code --><a href=\"https:\/\/www.financeads.net\/tc.php?t=36648C236142529B\" target=\"_blank\"><img decoding=\"async\" src=\"https:\/\/www.financeads.net\/tb.php?t=36648V236142529B&https=1\" alt=\"\" border=\"0\" width=\"300\" height=\"250\"><\/a><!-- Ende https:\/\/www.financeads.net\/-Code --><\/div><div id=\"regio-1583732393\"><!-- Beginn https:\/\/www.financeads.net\/-Code --><a href=\"https:\/\/www.financeads.net\/tc.php?t=36648C205040072B\" target=\"_blank\"><img decoding=\"async\" src=\"https:\/\/www.financeads.net\/tb.php?t=36648V205040072B&https=1\" alt=\"\" border=\"0\" width=\"300\" height=\"250\"><\/a><!-- Ende https:\/\/www.financeads.net\/-Code --><\/div><div id=\"regio-2478671272\"><!-- Beginn https:\/\/www.financeads.net\/-Code --><a href=\"https:\/\/www.financeads.net\/tc.php?t=36648C42614510B\" target=\"_blank\"><img loading=\"lazy\" decoding=\"async\" src=\"https:\/\/www.financeads.net\/tb.php?t=36648V42614510B&https=1\" alt=\"\" border=\"0\" width=\"200\" height=\"300\"><\/a><!-- Ende https:\/\/www.financeads.net\/-Code --><\/div><\/div>\t\t<\/div>\n\t\t\t\t<\/div>\n\t\t\t\t\t<\/div>\n\t\t<\/div>\n\t\t\t\t\t<\/div>\n\t\t<\/section>\n\t\t\t\t<\/div>\n\t\t","protected":false},"excerpt":{"rendered":"<div class=\"mh-excerpt\"><p>B\u00fcrgerversammlung im&nbsp;Markgrafensaal Schwabach &#8211; Am Mittwoch, den 22.07.2020, findet im Markgrafensaal Schwabach in der Ludwigstra\u00dfe eine B\u00fcrgerversammlung f\u00fcr den Bezirk III (Ost\/Gartenheim) statt. Hier haben die B\u00fcrgerinnen und B\u00fcrger zusammen mit der Stadtspitze und den <a class=\"mh-excerpt-more\" href=\"https:\/\/www.region-schwabach.de\/wordpress\/burgerversammlung-bezirk-ost-gartenheim-iii-im-markgrafensaal-in-schwabach\/\" title=\"B\u00fcrgerversammlung Bezirk Ost\/Gartenheim, III. im Markgrafensaal in Schwabach\">[&#8230;]<\/a><\/p>\n<\/div>","protected":false},"author":1,"featured_media":115864,"comment_status":"open","ping_status":"open","sticky":false,"template":"","format":"standard","meta":{"_cbd_carousel_blocks":"[]","footnotes":""},"categories":[16,1,79,61],"tags":[13234,13232,3490,3486,7073,2029,2028,13233,3491,19,3012],"class_list":{"0":"post-115863","1":"post","2":"type-post","3":"status-publish","4":"format-standard","5":"has-post-thumbnail","7":"category-aktuell","8":"category-allgemein","9":"category-politik","10":"category-rathaus","11":"tag-22-07-2020","12":"tag-bezirk-iii","13":"tag-buergermeister","14":"tag-buergerversammlung","15":"tag-gartenheim","16":"tag-ludwigstrasse","17":"tag-markgrafensaal","18":"tag-ost","19":"tag-referenten","20":"tag-schwabach","21":"tag-stadt"},"_links":{"self":[{"href":"https:\/\/www.region-schwabach.de\/wordpress\/wp-json\/wp\/v2\/posts\/115863","targetHints":{"allow":["GET"]}}],"collection":[{"href":"https:\/\/www.region-schwabach.de\/wordpress\/wp-json\/wp\/v2\/posts"}],"about":[{"href":"https:\/\/www.region-schwabach.de\/wordpress\/wp-json\/wp\/v2\/types\/post"}],"author":[{"embeddable":true,"href":"https:\/\/www.region-schwabach.de\/wordpress\/wp-json\/wp\/v2\/users\/1"}],"replies":[{"embeddable":true,"href":"https:\/\/www.region-schwabach.de\/wordpress\/wp-json\/wp\/v2\/comments?post=115863"}],"version-history":[{"count":0,"href":"https:\/\/www.region-schwabach.de\/wordpress\/wp-json\/wp\/v2\/posts\/115863\/revisions"}],"wp:featuredmedia":[{"embeddable":true,"href":"https:\/\/www.region-schwabach.de\/wordpress\/wp-json\/wp\/v2\/media\/115864"}],"wp:attachment":[{"href":"https:\/\/www.region-schwabach.de\/wordpress\/wp-json\/wp\/v2\/media?parent=115863"}],"wp:term":[{"taxonomy":"category","embeddable":true,"href":"https:\/\/www.region-schwabach.de\/wordpress\/wp-json\/wp\/v2\/categories?post=115863"},{"taxonomy":"post_tag","embeddable":true,"href":"https:\/\/www.region-schwabach.de\/wordpress\/wp-json\/wp\/v2\/tags?post=115863"}],"curies":[{"name":"wp","href":"https:\/\/api.w.org\/{rel}","templated":true}]}}