{"id":115972,"date":"2020-07-24T00:45:00","date_gmt":"2020-07-23T22:45:00","guid":{"rendered":"https:\/\/www.region-schwabach.de\/wordpress\/?p=115972"},"modified":"2020-07-24T07:45:49","modified_gmt":"2020-07-24T05:45:49","slug":"das-umweltmobil-der-stadt-schwabach-ist-am-24-juli-2020-wieder-im-einsatz","status":"publish","type":"post","link":"https:\/\/www.region-schwabach.de\/wordpress\/das-umweltmobil-der-stadt-schwabach-ist-am-24-juli-2020-wieder-im-einsatz\/","title":{"rendered":"Das Umweltmobil der Stadt Schwabach ist am 24. Juli 2020 wieder im Einsatz"},"content":{"rendered":"\t\t<div data-elementor-type=\"wp-post\" data-elementor-id=\"115972\" class=\"elementor elementor-115972\">\n\t\t\t\t\t\t<section class=\"elementor-section elementor-top-section elementor-element elementor-element-tlus4ia elementor-section-boxed elementor-section-height-default elementor-section-height-default\" data-id=\"tlus4ia\" data-element_type=\"section\">\n\t\t\t\t\t\t<div class=\"elementor-container elementor-column-gap-default\">\n\t\t\t\t\t<div class=\"elementor-column elementor-col-50 elementor-top-column elementor-element elementor-element-sphcucl\" data-id=\"sphcucl\" data-element_type=\"column\">\n\t\t\t<div class=\"elementor-widget-wrap elementor-element-populated\">\n\t\t\t\t\t\t<div class=\"elementor-element elementor-element-56aae87 elementor-widget elementor-widget-wp-widget-advads_ad_widget\" data-id=\"56aae87\" data-element_type=\"widget\" data-widget_type=\"wp-widget-advads_ad_widget.default\">\n\t\t\t\t<div class=\"elementor-widget-container\">\n\t\t\t<div id=\"regio-2993469258\"><div class=\"regio-adlabel\">Werbung<\/div><center><a href=\"https:\/\/a.partner-versicherung.de\/click.php?partner_id=19992&ad_id=1578&deep=kreditkarten\"  target=\"_blank\"><img decoding=\"async\" src=\"https:\/\/a.partner-versicherung.de\/view.php?partner_id=19992&ad_id=1578\" ><\/a><\/center><\/div>\t\t<\/div>\n\t\t\t\t<\/div>\n\t\t\t\t<div class=\"elementor-element elementor-element-4f2h2af elementor-widget elementor-widget-text-editor\" data-id=\"4f2h2af\" data-element_type=\"widget\" data-widget_type=\"text-editor.default\">\n\t\t\t\t<div class=\"elementor-widget-container\">\n\t\t\t\t\t\t\t<h3>Das Schadstoffmobil kommt<br \/>Giftige Abf\u00e4lle am 24. Juli 2020 kostenlos abgeben<\/h3><p><span style=\"font-size: 12pt;\">Giftige und umweltsch\u00e4dliche Abf\u00e4lle sammelt die Stadt wieder kostenlos am Freitag, den 24. Juli 2020. Angeliefert werden k\u00f6nnen Sonderm\u00fcll von Schwabacher Privathaushalten sowie vergleichbare Abf\u00e4lle aus Schwabacher Gewerbe- und Dienstleistungsbetrieben in haushalts\u00fcblichen Kleinmengen.<\/span><\/p><h3>Die Standorte:<\/h3><p><span style=\"font-size: 12pt;\">Das Umweltmobil\u00a0steht an folgenden Standorten:<\/span><\/p><ul style=\"list-style-type: disc;\"><li><span style=\"font-size: 12pt;\">13.30 Uhr bis 14.30 Uhr\u00a0 &#8211; Penzendorf, Rennweg<\/span><\/li><li><span style=\"font-size: 12pt;\">15.30 Uhr bis 17.00 Uhr\u00a0 &#8211; Waikersreuther Stra\u00dfe (Realschule)<\/span><\/li><\/ul><p><span style=\"font-size: 12pt;\">Abgegeben werden k\u00f6nnen insbesondere: Lackdosen (mit fl\u00fcssigem Inhalt),\u00a0L\u00f6semittel, Pinselreiniger, Spraydosen mit sch\u00e4dlichem Restinhalt,\u00a0Holzschutzmittel, Chemikalien aller Art, S\u00e4uren, Laugen, Klebstoffe\u00a0(l\u00f6semittelhaltig), Spezial-Reinigungsmittel, Energiesparlampen,\u00a0Leuchtstoffr\u00f6hren, Bremsfl\u00fcssigkeit, Kleinmengen verschmutzter Kraftstoffe,\u00a0Pflanzenschutzmittel oder Unkrautvernichtungsmittel.<\/span><\/p><h3>Weitere Informationen<\/h3><p><span style=\"font-size: 12pt;\">Weitere Informationen finden sich im Internet unter\u00a0<a href=\"http:\/\/www.schwabach.de\/Entsorgungswegweiser\" target=\"_blank\" rel=\"noopener\">www.schwabach.de\/Entsorgungswegweiser<\/a>. Auch die Abfallberatung hilft unter\u00a0der Telefonnummer 860-228 weiter.<\/span><\/p><p><span style=\"font-size: 12pt;\">Die n\u00e4chste Schadstoffsammlung in Schwabach findet am Samstag, den 21. September 2019 &#8211; dann wieder in Wolkersdorf und am Ostanger (Parkbad) &#8211; statt.<\/span><\/p><h3>Weiterf\u00fchrende Links:<\/h3><p><a href=\"http:\/\/www.schwabach.de\/de\/stadtverwaltung\/referat-2-recht-soziales-und-umwelt\/490-umweltschutzamt\/dienstleistungen\/abfallwirtschaft\/2173-abfallberatung-faq.html\" target=\"_blank\" rel=\"noopener\"><span style=\"font-size: 12pt;\">Die wichtigsten Antworten im Zusammenhang mit der Abfallwirtschaft finden Sie hier &#8230;<\/span><\/a><\/p>\t\t\t\t\t\t<\/div>\n\t\t\t\t<\/div>\n\t\t\t\t<div class=\"elementor-element elementor-element-6c8acaa elementor-widget elementor-widget-shortcode\" data-id=\"6c8acaa\" data-element_type=\"widget\" data-widget_type=\"shortcode.default\">\n\t\t\t\t<div class=\"elementor-widget-container\">\n\t\t\t\t\t<div class=\"elementor-shortcode\"><!-- Beginn https:\/\/www.financeads.net\/-Code --><a href=\"https:\/\/www.financeads.net\/tc.php?t=36648C38513858B\" target=\"_blank\"><center><img decoding=\"async\" src=\"https:\/\/www.financeads.net\/tb.php?t=36648V38513858B&https=1\" alt=\"\" border=\"0\" width=\"468\" height=\"60\"><\/a><!-- Ende https:\/\/www.financeads.net\/-Code --><\/div>\n\t\t\t\t<\/div>\n\t\t\t\t<\/div>\n\t\t\t\t<div class=\"elementor-element elementor-element-772dde2 elementor-widget-divider--view-line elementor-widget elementor-widget-divider\" data-id=\"772dde2\" data-element_type=\"widget\" data-widget_type=\"divider.default\">\n\t\t\t\t<div class=\"elementor-widget-container\">\n\t\t\t\t\t<div class=\"elementor-divider\">\n\t\t\t<span class=\"elementor-divider-separator\">\n\t\t\t\t\t\t<\/span>\n\t\t<\/div>\n\t\t\t\t<\/div>\n\t\t\t\t<\/div>\n\t\t\t\t<div class=\"elementor-element elementor-element-56db822 elementor-widget elementor-widget-google_maps\" data-id=\"56db822\" data-element_type=\"widget\" data-widget_type=\"google_maps.default\">\n\t\t\t\t<div class=\"elementor-widget-container\">\n\t\t\t\t\t<div class=\"elementor-custom-embed\">\n\t\t\t<iframe loading=\"lazy\"\n\t\t\t\t\tsrc=\"https:\/\/maps.google.com\/maps?q=Waikersreuther%20Stra%C3%9Fe%2C%20Schwabach%2C%20Deutschland&#038;t=m&#038;z=17&#038;output=embed&#038;iwloc=near\"\n\t\t\t\t\ttitle=\"Waikersreuther Stra\u00dfe, Schwabach, Deutschland\"\n\t\t\t\t\taria-label=\"Waikersreuther Stra\u00dfe, Schwabach, Deutschland\"\n\t\t\t><\/iframe>\n\t\t<\/div>\n\t\t\t\t<\/div>\n\t\t\t\t<\/div>\n\t\t\t\t<div class=\"elementor-element elementor-element-39c5f74 elementor-widget elementor-widget-google_maps\" data-id=\"39c5f74\" data-element_type=\"widget\" data-widget_type=\"google_maps.default\">\n\t\t\t\t<div class=\"elementor-widget-container\">\n\t\t\t\t\t<div class=\"elementor-custom-embed\">\n\t\t\t<iframe loading=\"lazy\"\n\t\t\t\t\tsrc=\"https:\/\/maps.google.com\/maps?q=Rennweg%2C%20Penzendorf%2C%20Deutschland&#038;t=m&#038;z=17&#038;output=embed&#038;iwloc=near\"\n\t\t\t\t\ttitle=\"Rennweg, Penzendorf, Deutschland\"\n\t\t\t\t\taria-label=\"Rennweg, Penzendorf, Deutschland\"\n\t\t\t><\/iframe>\n\t\t<\/div>\n\t\t\t\t<\/div>\n\t\t\t\t<\/div>\n\t\t\t\t\t<\/div>\n\t\t<\/div>\n\t\t\t\t<div class=\"elementor-column elementor-col-50 elementor-top-column elementor-element elementor-element-e395db3\" data-id=\"e395db3\" data-element_type=\"column\">\n\t\t\t<div class=\"elementor-widget-wrap elementor-element-populated\">\n\t\t\t\t\t\t<div class=\"elementor-element elementor-element-5f8c772 elementor-widget elementor-widget-heading\" data-id=\"5f8c772\" data-element_type=\"widget\" data-widget_type=\"heading.default\">\n\t\t\t\t<div class=\"elementor-widget-container\">\n\t\t\t<h3 class=\"elementor-heading-title elementor-size-default\">Schnell vergleichen und sparen!<\/h3>\t\t<\/div>\n\t\t\t\t<\/div>\n\t\t\t\t<div class=\"elementor-element elementor-element-1c22bb4 elementor-widget elementor-widget-wp-widget-advads_ad_widget\" data-id=\"1c22bb4\" data-element_type=\"widget\" data-widget_type=\"wp-widget-advads_ad_widget.default\">\n\t\t\t\t<div class=\"elementor-widget-container\">\n\t\t\t<div id=\"regio-289365932\"><div class=\"regio-adlabel\">Werbung<\/div><!-- Beginn https:\/\/www.financeads.net\/-Code --><a href=\"https:\/\/www.financeads.net\/tc.php?t=36648C236142529B\" target=\"_blank\"><img fetchpriority=\"high\" decoding=\"async\" src=\"https:\/\/www.financeads.net\/tb.php?t=36648V236142529B&https=1\" alt=\"\" border=\"0\" width=\"300\" height=\"250\"><\/a><!-- Ende https:\/\/www.financeads.net\/-Code --><\/div>\t\t<\/div>\n\t\t\t\t<\/div>\n\t\t\t\t<div class=\"elementor-element elementor-element-acf1d7d elementor-widget elementor-widget-wp-widget-advads_ad_widget\" data-id=\"acf1d7d\" data-element_type=\"widget\" data-widget_type=\"wp-widget-advads_ad_widget.default\">\n\t\t\t\t<div class=\"elementor-widget-container\">\n\t\t\t<div id=\"regio-1873506973\"><div class=\"regio-adlabel\">Werbung<\/div><!-- Beginn https:\/\/www.financeads.net\/-Code --><a href=\"https:\/\/www.financeads.net\/tc.php?t=36648C42614510B\" target=\"_blank\"><img decoding=\"async\" src=\"https:\/\/www.financeads.net\/tb.php?t=36648V42614510B&https=1\" alt=\"\" border=\"0\" width=\"200\" height=\"300\"><\/a><!-- Ende https:\/\/www.financeads.net\/-Code --><\/div>\t\t<\/div>\n\t\t\t\t<\/div>\n\t\t\t\t<div class=\"elementor-element elementor-element-ae5c70f elementor-widget elementor-widget-wp-widget-advads_ad_widget\" data-id=\"ae5c70f\" data-element_type=\"widget\" data-widget_type=\"wp-widget-advads_ad_widget.default\">\n\t\t\t\t<div class=\"elementor-widget-container\">\n\t\t\t<div id=\"regio-735131923\"><div class=\"regio-adlabel\">Werbung<\/div><!-- Beginn https:\/\/www.financeads.net\/-Code --><a href=\"https:\/\/www.financeads.net\/tc.php?t=36648C205040072B\" target=\"_blank\"><img loading=\"lazy\" decoding=\"async\" src=\"https:\/\/www.financeads.net\/tb.php?t=36648V205040072B&https=1\" alt=\"\" border=\"0\" width=\"300\" height=\"250\"><\/a><!-- Ende https:\/\/www.financeads.net\/-Code --><\/div>\t\t<\/div>\n\t\t\t\t<\/div>\n\t\t\t\t<div class=\"elementor-element elementor-element-e954ba5 elementor-widget elementor-widget-wp-widget-advads_ad_widget\" data-id=\"e954ba5\" data-element_type=\"widget\" data-widget_type=\"wp-widget-advads_ad_widget.default\">\n\t\t\t\t<div class=\"elementor-widget-container\">\n\t\t\t<div id=\"regio-2573497701\"><div class=\"regio-adlabel\">Werbung<\/div><!-- Beginn https:\/\/www.financeads.net\/-Code --><a href=\"https:\/\/www.financeads.net\/tc.php?t=36648C271460142B\" target=\"_blank\"><img loading=\"lazy\" decoding=\"async\" src=\"https:\/\/www.financeads.net\/tb.php?t=36648V271460142B&https=1\" alt=\"PETPROTECT_Hund&Katze_Banner\" border=\"0\" width=\"250\" height=\"250\"><\/a><!-- Ende https:\/\/www.financeads.net\/-Code --><\/div>\t\t<\/div>\n\t\t\t\t<\/div>\n\t\t\t\t\t<\/div>\n\t\t<\/div>\n\t\t\t\t\t<\/div>\n\t\t<\/section>\n\t\t\t\t<\/div>\n\t\t","protected":false},"excerpt":{"rendered":"<div class=\"mh-excerpt\"><p>Das Schadstoffmobil kommt Giftige Abf\u00e4lle am 24. Juli 2020 kostenlos abgeben Giftige und umweltsch\u00e4dliche Abf\u00e4lle sammelt die Stadt wieder kostenlos am Freitag, den 24. Juli 2020. Angeliefert werden k\u00f6nnen Sonderm\u00fcll von Schwabacher Privathaushalten sowie vergleichbare <a class=\"mh-excerpt-more\" href=\"https:\/\/www.region-schwabach.de\/wordpress\/das-umweltmobil-der-stadt-schwabach-ist-am-24-juli-2020-wieder-im-einsatz\/\" title=\"Das Umweltmobil der Stadt Schwabach ist am 24. Juli 2020 wieder im Einsatz\">[&#8230;]<\/a><\/p>\n<\/div>","protected":false},"author":1,"featured_media":85837,"comment_status":"open","ping_status":"open","sticky":false,"template":"","format":"standard","meta":{"_cbd_carousel_blocks":"[]","footnotes":""},"categories":[16,4306,61,203,231],"tags":[13258,4385,2564,1480,3447,5084,19,3012,3151,4384,3448],"class_list":{"0":"post-115972","1":"post","2":"type-post","3":"status-publish","4":"format-standard","5":"has-post-thumbnail","7":"category-aktuell","8":"category-ratgeber","9":"category-rathaus","10":"category-umwelt-nachrichten","11":"category-veranstaltungsnews","12":"tag-24-07-2020","13":"tag-giftiger-und-umweltschaedlicher-abfall","14":"tag-penzendorf","15":"tag-rathaus","16":"tag-realschule","17":"tag-rennweg","18":"tag-schwabach","19":"tag-stadt","20":"tag-stadt-schwabach","21":"tag-umweltmobil","22":"tag-waikersreuther-strasse"},"_links":{"self":[{"href":"https:\/\/www.region-schwabach.de\/wordpress\/wp-json\/wp\/v2\/posts\/115972","targetHints":{"allow":["GET"]}}],"collection":[{"href":"https:\/\/www.region-schwabach.de\/wordpress\/wp-json\/wp\/v2\/posts"}],"about":[{"href":"https:\/\/www.region-schwabach.de\/wordpress\/wp-json\/wp\/v2\/types\/post"}],"author":[{"embeddable":true,"href":"https:\/\/www.region-schwabach.de\/wordpress\/wp-json\/wp\/v2\/users\/1"}],"replies":[{"embeddable":true,"href":"https:\/\/www.region-schwabach.de\/wordpress\/wp-json\/wp\/v2\/comments?post=115972"}],"version-history":[{"count":0,"href":"https:\/\/www.region-schwabach.de\/wordpress\/wp-json\/wp\/v2\/posts\/115972\/revisions"}],"wp:featuredmedia":[{"embeddable":true,"href":"https:\/\/www.region-schwabach.de\/wordpress\/wp-json\/wp\/v2\/media\/85837"}],"wp:attachment":[{"href":"https:\/\/www.region-schwabach.de\/wordpress\/wp-json\/wp\/v2\/media?parent=115972"}],"wp:term":[{"taxonomy":"category","embeddable":true,"href":"https:\/\/www.region-schwabach.de\/wordpress\/wp-json\/wp\/v2\/categories?post=115972"},{"taxonomy":"post_tag","embeddable":true,"href":"https:\/\/www.region-schwabach.de\/wordpress\/wp-json\/wp\/v2\/tags?post=115972"}],"curies":[{"name":"wp","href":"https:\/\/api.w.org\/{rel}","templated":true}]}}