{"id":115976,"date":"2020-07-24T00:35:00","date_gmt":"2020-07-23T22:35:00","guid":{"rendered":"https:\/\/www.region-schwabach.de\/wordpress\/?p=115976"},"modified":"2020-07-24T07:45:57","modified_gmt":"2020-07-24T05:45:57","slug":"offentliche-sitzung-des-stadtrats-am-24-juli-2020","status":"publish","type":"post","link":"https:\/\/www.region-schwabach.de\/wordpress\/offentliche-sitzung-des-stadtrats-am-24-juli-2020\/","title":{"rendered":"\u00d6ffentliche Sitzung des Stadtrats am 24. Juli 2020"},"content":{"rendered":"\t\t<div data-elementor-type=\"wp-post\" data-elementor-id=\"115976\" class=\"elementor elementor-115976\">\n\t\t\t\t\t\t<section class=\"elementor-section elementor-top-section elementor-element elementor-element-678181b elementor-section-boxed elementor-section-height-default elementor-section-height-default\" data-id=\"678181b\" data-element_type=\"section\">\n\t\t\t\t\t\t<div class=\"elementor-container elementor-column-gap-default\">\n\t\t\t\t\t<div class=\"elementor-column elementor-col-50 elementor-top-column elementor-element elementor-element-6b34026\" data-id=\"6b34026\" data-element_type=\"column\">\n\t\t\t<div class=\"elementor-widget-wrap elementor-element-populated\">\n\t\t\t\t\t\t<div class=\"elementor-element elementor-element-2e31143 elementor-widget elementor-widget-wp-widget-advads_ad_widget\" data-id=\"2e31143\" data-element_type=\"widget\" data-widget_type=\"wp-widget-advads_ad_widget.default\">\n\t\t\t\t<div class=\"elementor-widget-container\">\n\t\t\t<div id=\"regio-1802870224\"><div class=\"regio-adlabel\">Werbung<\/div><center><a href=\"https:\/\/a.partner-versicherung.de\/click.php?partner_id=19992&ad_id=1578&deep=kreditkarten\"  target=\"_blank\"><img decoding=\"async\" src=\"https:\/\/a.partner-versicherung.de\/view.php?partner_id=19992&ad_id=1578\" ><\/a><\/center><\/div>\t\t<\/div>\n\t\t\t\t<\/div>\n\t\t\t\t<div class=\"elementor-element elementor-element-443ab98 elementor-widget elementor-widget-text-editor\" data-id=\"443ab98\" data-element_type=\"widget\" data-widget_type=\"text-editor.default\">\n\t\t\t\t<div class=\"elementor-widget-container\">\n\t\t\t\t\t\t\t<h3>Freitag, den 24. Juli 2020 im Markgrafensaal:<br \/>\u00d6ffentliche Sitzung des Stadtrats<\/h3><p><span style=\"font-size: 12pt;\">Schwabach &#8211; Am Freitag, den 24.07.2020, findet im Markrafensaal Schwabach, in der Ludwigstar\u00dfe 16, um 16.00 Uhr die \u00f6ffentliche Sitzung des Stadtrats mit foldender Tagesordnung statt:<\/span><\/p><ol><li><p><span style=\"font-size: 12pt;\">Konzern St\u00e4dtische Werke Schwabach Jahresberichte 2019; Gesellschafterversammlung St\u00e4dtische Werke Schwabach GmbH und Stadtdienste Schwabach GmbH;<\/span><\/p><\/li><li><p><span style=\"font-size: 12pt;\">Sachstandsbericht zur Einf\u00fchrung des Dokumentenmanagementsystems (DMS)<\/span><\/p><\/li><li><p><span style=\"font-size: 12pt;\">Einf\u00fchrung papierloser Stadtrat und \u00c4nderung der Gesch\u00e4ftsordnung des Stadtrates<\/span><\/p><\/li><li><p><span style=\"font-size: 12pt;\">Besetzung des Wirtschaftsausschusses<\/span><\/p><\/li><li><p><span style=\"font-size: 12pt;\">Umbesetzung des Jugendhilfeausschusses<\/span><\/p><\/li><li><p><span style=\"font-size: 12pt;\">Marionettenb\u00fchne &#8211; k\u00fcnftiger st\u00e4dtischer Zuschuss<\/span><\/p><\/li><li><p><span style=\"font-size: 12pt;\">Adolph von Henselt-Musikschule &#8211; \u00c4nderung der Geb\u00fchrensatzung<\/span><\/p><\/li><li><p><span style=\"font-size: 12pt;\">Errichtung einer Staatlichen Fachoberschule Schwabach<\/span><\/p><\/li><li><p><span style=\"font-size: 12pt;\">Aufhebung der Satzung f\u00fcr die St\u00e4dtische Berufsoberschule Schwabach (BOS)<\/span><\/p><\/li><li><p><span style=\"font-size: 12pt;\">Erlass einer Satzung f\u00fcr die Frauenkommission der Stadt Schwabach<\/span><\/p><\/li><li><p><span style=\"font-size: 12pt;\">Mobilit\u00e4tsplan Stadt Schwabach &#8211; Aufstellung, Planungsablauf und Beteiligungsprozess<\/span><\/p><\/li><li><p><span style=\"font-size: 12pt;\">Sachstand zum 365-Euro-Ticket und Haltung der Stadt Schwabach<\/span><\/p><\/li><li><p><span style=\"font-size: 12pt;\">Beteiligung der Stadt Schwabach am St\u00e4dteb\u00fcndnis &#8222;Sichere H\u00e4fen&#8220;<\/span><\/p><\/li><li><p><span style=\"font-size: 12pt;\">\u00c4nderung der Verbandssatzung des Zweckverbandes Verkehrsverbund Gro\u00dfraum N\u00fcrnberg (ZVVGN)<\/span><\/p><\/li><li><p><span style=\"font-size: 12pt;\">Schaffung von 50 Kindergartenpl\u00e4tzen, Interimsma\u00dfnahme Kita Galgengartenstr., Betreiber: Diakoneo<\/span><\/p><\/li><li><p><span style=\"font-size: 12pt;\">Kindertagesst\u00e4tte Unterreichenbach: Ersatzneubau und Interimsnutzung<\/span><\/p><\/li><li><p><span style=\"font-size: 12pt;\">Abfallwirtschaft;<\/span><br \/><span style=\"font-size: 12pt;\">1. Betriebsabrechnung 2019 und Vorkalkulation 2021 f\u00fcr den Betrieb des Entsorgungszentrums Schwabach (EZS) durch die Stadtdienste Schwabach GmbH;<\/span><br \/><span style=\"font-size: 12pt;\">2. Investitionsplan EZS 2021<\/span><\/p><\/li><li><p><span style=\"font-size: 12pt;\">Nachtragshaushaltssatzung und Nachtragshaushaltsplan 2020<\/span><\/p><\/li><li><p><span style=\"font-size: 12pt;\">Jahresabschluss der Stadt Schwabach 2019 mit Schlussbilanz und Rechenschaftsbericht<\/span><\/p><\/li><li><p><span style=\"font-size: 12pt;\">Eisentraut&#8217;sche Wohlt\u00e4tigkeitsstiftung; Jahresabschluss 2019 mit Schlussbilanz und Rechenschaftsbericht<\/span><\/p><\/li><li><p><span style=\"font-size: 12pt;\">Hospitalstiftung Schwabach; Jahresabschluss 2019 mit Schlussbilanz und Rechenschaftsbericht<\/span><\/p><\/li><li><p><span style=\"font-size: 12pt;\">Ludwig- und Theresien-Waisenhausstiftung; Jahresabschluss 2019 mit Schlussbilanz und Rechenschaftsbericht<\/span><\/p><\/li><\/ol>\t\t\t\t\t\t<\/div>\n\t\t\t\t<\/div>\n\t\t\t\t<div class=\"elementor-element elementor-element-66aafb7 elementor-widget elementor-widget-shortcode\" data-id=\"66aafb7\" data-element_type=\"widget\" data-widget_type=\"shortcode.default\">\n\t\t\t\t<div class=\"elementor-widget-container\">\n\t\t\t\t\t<div class=\"elementor-shortcode\"><!-- Beginn https:\/\/www.financeads.net\/-Code --><a href=\"https:\/\/www.financeads.net\/tc.php?t=36648C38513858B\" target=\"_blank\"><center><img decoding=\"async\" src=\"https:\/\/www.financeads.net\/tb.php?t=36648V38513858B&https=1\" alt=\"\" border=\"0\" width=\"468\" height=\"60\"><\/a><!-- Ende https:\/\/www.financeads.net\/-Code --><\/div>\n\t\t\t\t<\/div>\n\t\t\t\t<\/div>\n\t\t\t\t<div class=\"elementor-element elementor-element-21c3450 elementor-widget-divider--view-line elementor-widget elementor-widget-divider\" data-id=\"21c3450\" data-element_type=\"widget\" data-widget_type=\"divider.default\">\n\t\t\t\t<div class=\"elementor-widget-container\">\n\t\t\t\t\t<div class=\"elementor-divider\">\n\t\t\t<span class=\"elementor-divider-separator\">\n\t\t\t\t\t\t<\/span>\n\t\t<\/div>\n\t\t\t\t<\/div>\n\t\t\t\t<\/div>\n\t\t\t\t<div class=\"elementor-element elementor-element-f4c690c elementor-widget elementor-widget-google_maps\" data-id=\"f4c690c\" data-element_type=\"widget\" data-widget_type=\"google_maps.default\">\n\t\t\t\t<div class=\"elementor-widget-container\">\n\t\t\t\t\t<div class=\"elementor-custom-embed\">\n\t\t\t<iframe loading=\"lazy\"\n\t\t\t\t\tsrc=\"https:\/\/maps.google.com\/maps?q=Ludwigstra%C3%9Fe%2016%2C%20Schwabach%2C%20Deutschland&#038;t=m&#038;z=17&#038;output=embed&#038;iwloc=near\"\n\t\t\t\t\ttitle=\"Ludwigstra\u00dfe 16, Schwabach, Deutschland\"\n\t\t\t\t\taria-label=\"Ludwigstra\u00dfe 16, Schwabach, Deutschland\"\n\t\t\t><\/iframe>\n\t\t<\/div>\n\t\t\t\t<\/div>\n\t\t\t\t<\/div>\n\t\t\t\t\t<\/div>\n\t\t<\/div>\n\t\t\t\t<div class=\"elementor-column elementor-col-50 elementor-top-column elementor-element elementor-element-dd4c02c\" data-id=\"dd4c02c\" data-element_type=\"column\">\n\t\t\t<div class=\"elementor-widget-wrap elementor-element-populated\">\n\t\t\t\t\t\t<div class=\"elementor-element elementor-element-afcda01 elementor-widget elementor-widget-heading\" data-id=\"afcda01\" data-element_type=\"widget\" data-widget_type=\"heading.default\">\n\t\t\t\t<div class=\"elementor-widget-container\">\n\t\t\t<h3 class=\"elementor-heading-title elementor-size-default\">Schnell vergleichen und sparen!<\/h3>\t\t<\/div>\n\t\t\t\t<\/div>\n\t\t\t\t<div class=\"elementor-element elementor-element-4a29827 elementor-widget elementor-widget-wp-widget-advads_ad_widget\" data-id=\"4a29827\" data-element_type=\"widget\" data-widget_type=\"wp-widget-advads_ad_widget.default\">\n\t\t\t\t<div class=\"elementor-widget-container\">\n\t\t\t<div id=\"regio-1353630894\"><div class=\"regio-adlabel\">Werbung<\/div><!-- Beginn https:\/\/www.financeads.net\/-Code --><a href=\"https:\/\/www.financeads.net\/tc.php?t=36648C236142529B\" target=\"_blank\"><img fetchpriority=\"high\" decoding=\"async\" src=\"https:\/\/www.financeads.net\/tb.php?t=36648V236142529B&https=1\" alt=\"\" border=\"0\" width=\"300\" height=\"250\"><\/a><!-- Ende https:\/\/www.financeads.net\/-Code --><\/div>\t\t<\/div>\n\t\t\t\t<\/div>\n\t\t\t\t<div class=\"elementor-element elementor-element-1017dfe elementor-widget elementor-widget-wp-widget-advads_ad_widget\" data-id=\"1017dfe\" data-element_type=\"widget\" data-widget_type=\"wp-widget-advads_ad_widget.default\">\n\t\t\t\t<div class=\"elementor-widget-container\">\n\t\t\t<div id=\"regio-3737005862\"><div class=\"regio-adlabel\">Werbung<\/div><!-- Beginn https:\/\/www.financeads.net\/-Code --><a href=\"https:\/\/www.financeads.net\/tc.php?t=36648C42614510B\" target=\"_blank\"><img decoding=\"async\" src=\"https:\/\/www.financeads.net\/tb.php?t=36648V42614510B&https=1\" alt=\"\" border=\"0\" width=\"200\" height=\"300\"><\/a><!-- Ende https:\/\/www.financeads.net\/-Code --><\/div>\t\t<\/div>\n\t\t\t\t<\/div>\n\t\t\t\t<div class=\"elementor-element elementor-element-fd0ad79 elementor-widget elementor-widget-wp-widget-advads_ad_widget\" data-id=\"fd0ad79\" data-element_type=\"widget\" data-widget_type=\"wp-widget-advads_ad_widget.default\">\n\t\t\t\t<div class=\"elementor-widget-container\">\n\t\t\t<div id=\"regio-1675326920\"><div class=\"regio-adlabel\">Werbung<\/div><!-- Beginn https:\/\/www.financeads.net\/-Code --><a href=\"https:\/\/www.financeads.net\/tc.php?t=36648C205040072B\" target=\"_blank\"><img loading=\"lazy\" decoding=\"async\" src=\"https:\/\/www.financeads.net\/tb.php?t=36648V205040072B&https=1\" alt=\"\" border=\"0\" width=\"300\" height=\"250\"><\/a><!-- Ende https:\/\/www.financeads.net\/-Code --><\/div>\t\t<\/div>\n\t\t\t\t<\/div>\n\t\t\t\t<div class=\"elementor-element elementor-element-4484a81 elementor-widget elementor-widget-wp-widget-advads_ad_widget\" data-id=\"4484a81\" data-element_type=\"widget\" data-widget_type=\"wp-widget-advads_ad_widget.default\">\n\t\t\t\t<div class=\"elementor-widget-container\">\n\t\t\t<div id=\"regio-2913139133\"><div class=\"regio-adlabel\">Werbung<\/div><!-- Beginn https:\/\/www.financeads.net\/-Code --><a href=\"https:\/\/www.financeads.net\/tc.php?t=36648C271460142B\" target=\"_blank\"><img loading=\"lazy\" decoding=\"async\" src=\"https:\/\/www.financeads.net\/tb.php?t=36648V271460142B&https=1\" alt=\"PETPROTECT_Hund&Katze_Banner\" border=\"0\" width=\"250\" height=\"250\"><\/a><!-- Ende https:\/\/www.financeads.net\/-Code --><\/div>\t\t<\/div>\n\t\t\t\t<\/div>\n\t\t\t\t\t<\/div>\n\t\t<\/div>\n\t\t\t\t\t<\/div>\n\t\t<\/section>\n\t\t\t\t<\/div>\n\t\t","protected":false},"excerpt":{"rendered":"<div class=\"mh-excerpt\"><p>Freitag, den 24. Juli 2020 im Markgrafensaal:\u00d6ffentliche Sitzung des Stadtrats Schwabach &#8211; Am Freitag, den 24.07.2020, findet im Markrafensaal Schwabach, in der Ludwigstar\u00dfe 16, um 16.00 Uhr die \u00f6ffentliche Sitzung des Stadtrats mit foldender Tagesordnung <a class=\"mh-excerpt-more\" href=\"https:\/\/www.region-schwabach.de\/wordpress\/offentliche-sitzung-des-stadtrats-am-24-juli-2020\/\" title=\"\u00d6ffentliche Sitzung des Stadtrats am 24. Juli 2020\">[&#8230;]<\/a><\/p>\n<\/div>","protected":false},"author":1,"featured_media":39357,"comment_status":"open","ping_status":"open","sticky":false,"template":"","format":"standard","meta":{"_cbd_carousel_blocks":"[]","footnotes":""},"categories":[16,79,61],"tags":[13258,13000,2029,2028,3960,1480,19,3012,3151],"class_list":{"0":"post-115976","1":"post","2":"type-post","3":"status-publish","4":"format-standard","5":"has-post-thumbnail","7":"category-aktuell","8":"category-politik","9":"category-rathaus","10":"tag-24-07-2020","11":"tag-26-06-2020","12":"tag-ludwigstrasse","13":"tag-markgrafensaal","14":"tag-oeffentliche-sitzung-des-stadtrats","15":"tag-rathaus","16":"tag-schwabach","17":"tag-stadt","18":"tag-stadt-schwabach"},"_links":{"self":[{"href":"https:\/\/www.region-schwabach.de\/wordpress\/wp-json\/wp\/v2\/posts\/115976","targetHints":{"allow":["GET"]}}],"collection":[{"href":"https:\/\/www.region-schwabach.de\/wordpress\/wp-json\/wp\/v2\/posts"}],"about":[{"href":"https:\/\/www.region-schwabach.de\/wordpress\/wp-json\/wp\/v2\/types\/post"}],"author":[{"embeddable":true,"href":"https:\/\/www.region-schwabach.de\/wordpress\/wp-json\/wp\/v2\/users\/1"}],"replies":[{"embeddable":true,"href":"https:\/\/www.region-schwabach.de\/wordpress\/wp-json\/wp\/v2\/comments?post=115976"}],"version-history":[{"count":0,"href":"https:\/\/www.region-schwabach.de\/wordpress\/wp-json\/wp\/v2\/posts\/115976\/revisions"}],"wp:featuredmedia":[{"embeddable":true,"href":"https:\/\/www.region-schwabach.de\/wordpress\/wp-json\/wp\/v2\/media\/39357"}],"wp:attachment":[{"href":"https:\/\/www.region-schwabach.de\/wordpress\/wp-json\/wp\/v2\/media?parent=115976"}],"wp:term":[{"taxonomy":"category","embeddable":true,"href":"https:\/\/www.region-schwabach.de\/wordpress\/wp-json\/wp\/v2\/categories?post=115976"},{"taxonomy":"post_tag","embeddable":true,"href":"https:\/\/www.region-schwabach.de\/wordpress\/wp-json\/wp\/v2\/tags?post=115976"}],"curies":[{"name":"wp","href":"https:\/\/api.w.org\/{rel}","templated":true}]}}