{"id":118592,"date":"2020-09-13T00:55:42","date_gmt":"2020-09-12T22:55:42","guid":{"rendered":"https:\/\/www.region-schwabach.de\/wordpress\/?p=118592"},"modified":"2020-09-13T08:43:52","modified_gmt":"2020-09-13T06:43:52","slug":"virtuelle-fuhrung-zum-tag-des-offenen-denkmals-am-13-september-2020","status":"publish","type":"post","link":"https:\/\/www.region-schwabach.de\/wordpress\/virtuelle-fuhrung-zum-tag-des-offenen-denkmals-am-13-september-2020\/","title":{"rendered":"Virtuelle F\u00fchrung zum Tag des offenen Denkmals am 13. September 2020"},"content":{"rendered":"\t\t<div data-elementor-type=\"wp-post\" data-elementor-id=\"118592\" class=\"elementor elementor-118592\">\n\t\t\t\t\t\t<section class=\"elementor-section elementor-top-section elementor-element elementor-element-678181b elementor-section-boxed elementor-section-height-default elementor-section-height-default\" data-id=\"678181b\" data-element_type=\"section\">\n\t\t\t\t\t\t<div class=\"elementor-container elementor-column-gap-default\">\n\t\t\t\t\t<div class=\"elementor-column elementor-col-50 elementor-top-column elementor-element elementor-element-6b34026\" data-id=\"6b34026\" data-element_type=\"column\">\n\t\t\t<div class=\"elementor-widget-wrap elementor-element-populated\">\n\t\t\t\t\t\t<div class=\"elementor-element elementor-element-dfcd45a elementor-widget elementor-widget-wp-widget-advads_ad_widget\" data-id=\"dfcd45a\" data-element_type=\"widget\" data-widget_type=\"wp-widget-advads_ad_widget.default\">\n\t\t\t\t<div class=\"elementor-widget-container\">\n\t\t\t<div id=\"regio-3944610823\"><div class=\"regio-adlabel\">Werbung<\/div><center><a href=\"https:\/\/a.partner-versicherung.de\/click.php?partner_id=19992&ad_id=1578&deep=kreditkarten\"  target=\"_blank\"><img decoding=\"async\" src=\"https:\/\/a.partner-versicherung.de\/view.php?partner_id=19992&ad_id=1578\" ><\/a><\/center><\/div>\t\t<\/div>\n\t\t\t\t<\/div>\n\t\t\t\t<div class=\"elementor-element elementor-element-443ab98 elementor-widget elementor-widget-text-editor\" data-id=\"443ab98\" data-element_type=\"widget\" data-widget_type=\"text-editor.default\">\n\t\t\t\t<div class=\"elementor-widget-container\">\n\t\t\t\t\t\t\t<h3>Tag des offenen Denkmals am Sonntag, 13. September 2020<br \/>F\u00fchrung zum Tag des offenen Denkmals<\/h3><h3>Sieben Objekte werden in einem ausf\u00fchrlichen PDF gezeigt<\/h3><p><span style=\"font-size: 12pt;\">Schwabach -Der Tag des offenen Denkmals am Sonntag, den 13. September 2020, findet 2020 nur digital statt. Die sonst \u00fcblichen F\u00fchrungen k\u00f6nnen wegen der Corona-Pandemie heuer nicht angeboten werden. Stadtheimatpflegerin Ursula Kaiser-Biburger und Kai Maier als Vertreter der Unteren Denkmalschutzbeh\u00f6rde haben unter dem Motto \u201eChance Denkmal: Erinnern. Erhalten. Neu denken.\u201c eine Pr\u00e4sentation zusammengestellt, die die eigentlich vorgesehenen F\u00fchrungen abbildet: <\/span><\/p><p><span style=\"font-size: 12pt;\">Darin werden folgende Objekte \u201ebesucht\u201c sowie in Wort und Bild gew\u00fcrdigt: <\/span><\/p><ul style=\"list-style-type: disc;\"><li><span style=\"font-size: 12pt;\">das ehemalige Finanzamt in der Bahnhofstra\u00dfe 6, <\/span><\/li><li><span style=\"font-size: 12pt;\">die Dreieinigkeitskirche, deren Altar saniert wurde, <\/span><\/li><li><span style=\"font-size: 12pt;\">das Alte DG in der Seminarstra\u00dfe, <\/span><\/li><li><span style=\"font-size: 12pt;\">die Boxlohe 10, <\/span><\/li><li><span style=\"font-size: 12pt;\">die W\u00f6hrwiese 8 <\/span><\/li><li><span style=\"font-size: 12pt;\">und der Pinzenberg 24.<\/span><\/li><\/ul><p><span style=\"font-size: 12pt;\"><strong>Foto<\/strong>: Das Alte DG ist ebenfalls Teil des virtuellen Rundgangs<\/span><\/p><h3>Weiterf\u00fchrende Links:<\/h3><p><span style=\"font-size: 12pt;\"><a href=\"https:\/\/www.schwabach.de\/images\/referate\/referat_4\/downloads\/stadtplanung\/denkmalschutz\/Virtueller_Stadtspaziergang_zum_Tag_des_offenen_Denkmals_Internet.pdf\" target=\"_blank\" rel=\"noopener\">Zu finden ist der virtuelle Rundgang als PDF-Dokument hier &#8230;<\/a><\/span><\/p>\t\t\t\t\t\t<\/div>\n\t\t\t\t<\/div>\n\t\t\t\t<div class=\"elementor-element elementor-element-77d717b elementor-widget elementor-widget-shortcode\" data-id=\"77d717b\" data-element_type=\"widget\" data-widget_type=\"shortcode.default\">\n\t\t\t\t<div class=\"elementor-widget-container\">\n\t\t\t\t\t<div class=\"elementor-shortcode\"><!-- Beginn https:\/\/www.financeads.net\/-Code --><a href=\"https:\/\/www.financeads.net\/tc.php?t=36648C38513858B\" target=\"_blank\"><center><img decoding=\"async\" src=\"https:\/\/www.financeads.net\/tb.php?t=36648V38513858B&https=1\" alt=\"\" border=\"0\" width=\"468\" height=\"60\"><\/a><!-- Ende https:\/\/www.financeads.net\/-Code --><\/div>\n\t\t\t\t<\/div>\n\t\t\t\t<\/div>\n\t\t\t\t<div class=\"elementor-element elementor-element-f976688 elementor-widget elementor-widget-google_maps\" data-id=\"f976688\" data-element_type=\"widget\" data-widget_type=\"google_maps.default\">\n\t\t\t\t<div class=\"elementor-widget-container\">\n\t\t\t\t\t<div class=\"elementor-custom-embed\">\n\t\t\t<iframe loading=\"lazy\"\n\t\t\t\t\tsrc=\"https:\/\/maps.google.com\/maps?q=K%C3%B6nigsplatz%2C%20Schwabach%2C%20Deutschland&#038;t=m&#038;z=17&#038;output=embed&#038;iwloc=near\"\n\t\t\t\t\ttitle=\"K\u00f6nigsplatz, Schwabach, Deutschland\"\n\t\t\t\t\taria-label=\"K\u00f6nigsplatz, Schwabach, Deutschland\"\n\t\t\t><\/iframe>\n\t\t<\/div>\n\t\t\t\t<\/div>\n\t\t\t\t<\/div>\n\t\t\t\t\t<\/div>\n\t\t<\/div>\n\t\t\t\t<div class=\"elementor-column elementor-col-50 elementor-top-column elementor-element elementor-element-52ef2ec\" data-id=\"52ef2ec\" data-element_type=\"column\">\n\t\t\t<div class=\"elementor-widget-wrap elementor-element-populated\">\n\t\t\t\t\t\t<div class=\"elementor-element elementor-element-66c7ced elementor-widget elementor-widget-heading\" data-id=\"66c7ced\" data-element_type=\"widget\" data-widget_type=\"heading.default\">\n\t\t\t\t<div class=\"elementor-widget-container\">\n\t\t\t<h3 class=\"elementor-heading-title elementor-size-default\">Schnell vergleichen und sparen!<\/h3>\t\t<\/div>\n\t\t\t\t<\/div>\n\t\t\t\t<div class=\"elementor-element elementor-element-d4f799c elementor-widget elementor-widget-wp-widget-advads_ad_widget\" data-id=\"d4f799c\" data-element_type=\"widget\" data-widget_type=\"wp-widget-advads_ad_widget.default\">\n\t\t\t\t<div class=\"elementor-widget-container\">\n\t\t\t<div id=\"regio-3819168591\"><div class=\"regio-adlabel\">Werbung<\/div><!-- Beginn https:\/\/www.financeads.net\/-Code --><a href=\"https:\/\/www.financeads.net\/tc.php?t=36648C236142529B\" target=\"_blank\"><img fetchpriority=\"high\" decoding=\"async\" src=\"https:\/\/www.financeads.net\/tb.php?t=36648V236142529B&https=1\" alt=\"\" border=\"0\" width=\"300\" height=\"250\"><\/a><!-- Ende https:\/\/www.financeads.net\/-Code --><\/div>\t\t<\/div>\n\t\t\t\t<\/div>\n\t\t\t\t<div class=\"elementor-element elementor-element-9247084 elementor-widget elementor-widget-wp-widget-advads_ad_widget\" data-id=\"9247084\" data-element_type=\"widget\" data-widget_type=\"wp-widget-advads_ad_widget.default\">\n\t\t\t\t<div class=\"elementor-widget-container\">\n\t\t\t<div id=\"regio-3130413205\"><div class=\"regio-adlabel\">Werbung<\/div><!-- Beginn https:\/\/www.financeads.net\/-Code --><a href=\"https:\/\/www.financeads.net\/tc.php?t=36648C42614510B\" target=\"_blank\"><img decoding=\"async\" src=\"https:\/\/www.financeads.net\/tb.php?t=36648V42614510B&https=1\" alt=\"\" border=\"0\" width=\"200\" height=\"300\"><\/a><!-- Ende https:\/\/www.financeads.net\/-Code --><\/div>\t\t<\/div>\n\t\t\t\t<\/div>\n\t\t\t\t<div class=\"elementor-element elementor-element-dd4c893 elementor-widget elementor-widget-wp-widget-advads_ad_widget\" data-id=\"dd4c893\" data-element_type=\"widget\" data-widget_type=\"wp-widget-advads_ad_widget.default\">\n\t\t\t\t<div class=\"elementor-widget-container\">\n\t\t\t<div id=\"regio-2284721650\"><div class=\"regio-adlabel\">Werbung<\/div><!-- Beginn https:\/\/www.financeads.net\/-Code --><a href=\"https:\/\/www.financeads.net\/tc.php?t=36648C205040072B\" target=\"_blank\"><img loading=\"lazy\" decoding=\"async\" src=\"https:\/\/www.financeads.net\/tb.php?t=36648V205040072B&https=1\" alt=\"\" border=\"0\" width=\"300\" height=\"250\"><\/a><!-- Ende https:\/\/www.financeads.net\/-Code --><\/div>\t\t<\/div>\n\t\t\t\t<\/div>\n\t\t\t\t<div class=\"elementor-element elementor-element-d576fb3 elementor-widget elementor-widget-wp-widget-advads_ad_widget\" data-id=\"d576fb3\" data-element_type=\"widget\" data-widget_type=\"wp-widget-advads_ad_widget.default\">\n\t\t\t\t<div class=\"elementor-widget-container\">\n\t\t\t<div id=\"regio-2399381680\"><div class=\"regio-adlabel\">Werbung<\/div><!-- Beginn https:\/\/www.financeads.net\/-Code --><a href=\"https:\/\/www.financeads.net\/tc.php?t=36648C271460142B\" target=\"_blank\"><img loading=\"lazy\" decoding=\"async\" src=\"https:\/\/www.financeads.net\/tb.php?t=36648V271460142B&https=1\" alt=\"PETPROTECT_Hund&Katze_Banner\" border=\"0\" width=\"250\" height=\"250\"><\/a><!-- Ende https:\/\/www.financeads.net\/-Code --><\/div>\t\t<\/div>\n\t\t\t\t<\/div>\n\t\t\t\t\t<\/div>\n\t\t<\/div>\n\t\t\t\t\t<\/div>\n\t\t<\/section>\n\t\t\t\t<\/div>\n\t\t","protected":false},"excerpt":{"rendered":"<div class=\"mh-excerpt\"><p>Tag des offenen Denkmals am Sonntag, 13. September 2020F\u00fchrung zum Tag des offenen Denkmals Sieben Objekte werden in einem ausf\u00fchrlichen PDF gezeigt Schwabach -Der Tag des offenen Denkmals am Sonntag, den 13. September 2020, findet <a class=\"mh-excerpt-more\" href=\"https:\/\/www.region-schwabach.de\/wordpress\/virtuelle-fuhrung-zum-tag-des-offenen-denkmals-am-13-september-2020\/\" title=\"Virtuelle F\u00fchrung zum Tag des offenen Denkmals am 13. September 2020\">[&#8230;]<\/a><\/p>\n<\/div>","protected":false},"author":1,"featured_media":118593,"comment_status":"open","ping_status":"open","sticky":false,"template":"","format":"standard","meta":{"_cbd_carousel_blocks":"[]","footnotes":""},"categories":[16,287,61,231],"tags":[13672,13673,1480,19,3151,5692,5691,56,13671],"class_list":{"0":"post-118592","1":"post","2":"type-post","3":"status-publish","4":"format-standard","5":"has-post-thumbnail","7":"category-aktuell","8":"category-jugend-und-familie","9":"category-rathaus","10":"category-veranstaltungsnews","11":"tag-kai-maier","12":"tag-pdf-dokument","13":"tag-rathaus","14":"tag-schwabach","15":"tag-stadt-schwabach","16":"tag-stadtheimatpflegerin-ursula-kaiser-biburger","17":"tag-tag-des-offenen-denkmals","18":"tag-tourismusbuero","19":"tag-virtueller-rundgang"},"_links":{"self":[{"href":"https:\/\/www.region-schwabach.de\/wordpress\/wp-json\/wp\/v2\/posts\/118592","targetHints":{"allow":["GET"]}}],"collection":[{"href":"https:\/\/www.region-schwabach.de\/wordpress\/wp-json\/wp\/v2\/posts"}],"about":[{"href":"https:\/\/www.region-schwabach.de\/wordpress\/wp-json\/wp\/v2\/types\/post"}],"author":[{"embeddable":true,"href":"https:\/\/www.region-schwabach.de\/wordpress\/wp-json\/wp\/v2\/users\/1"}],"replies":[{"embeddable":true,"href":"https:\/\/www.region-schwabach.de\/wordpress\/wp-json\/wp\/v2\/comments?post=118592"}],"version-history":[{"count":0,"href":"https:\/\/www.region-schwabach.de\/wordpress\/wp-json\/wp\/v2\/posts\/118592\/revisions"}],"wp:featuredmedia":[{"embeddable":true,"href":"https:\/\/www.region-schwabach.de\/wordpress\/wp-json\/wp\/v2\/media\/118593"}],"wp:attachment":[{"href":"https:\/\/www.region-schwabach.de\/wordpress\/wp-json\/wp\/v2\/media?parent=118592"}],"wp:term":[{"taxonomy":"category","embeddable":true,"href":"https:\/\/www.region-schwabach.de\/wordpress\/wp-json\/wp\/v2\/categories?post=118592"},{"taxonomy":"post_tag","embeddable":true,"href":"https:\/\/www.region-schwabach.de\/wordpress\/wp-json\/wp\/v2\/tags?post=118592"}],"curies":[{"name":"wp","href":"https:\/\/api.w.org\/{rel}","templated":true}]}}