{"id":11896,"date":"2017-09-27T09:14:29","date_gmt":"2017-09-27T07:14:29","guid":{"rendered":"http:\/\/www.region-schwabach.de\/wordpress\/?p=11896"},"modified":"2017-10-01T02:54:21","modified_gmt":"2017-10-01T00:54:21","slug":"buergerinformationsabend-zur-umgestaltung-des-martin-luther-platzes","status":"publish","type":"post","link":"https:\/\/www.region-schwabach.de\/wordpress\/buergerinformationsabend-zur-umgestaltung-des-martin-luther-platzes\/","title":{"rendered":"B\u00fcrgerinformationsabend zur Umgestaltung des Martin-Luther-Platzes"},"content":{"rendered":"\t\t<div data-elementor-type=\"wp-post\" data-elementor-id=\"11896\" class=\"elementor elementor-11896 elementor-bc-flex-widget\">\n\t\t\t\t\t\t<section class=\"elementor-section elementor-top-section elementor-element elementor-element-tlus4ia elementor-section-boxed elementor-section-height-default elementor-section-height-default\" data-id=\"tlus4ia\" data-element_type=\"section\">\n\t\t\t\t\t\t<div class=\"elementor-container elementor-column-gap-default\">\n\t\t\t\t\t<div class=\"elementor-column elementor-col-66 elementor-top-column elementor-element elementor-element-sphcucl\" data-id=\"sphcucl\" data-element_type=\"column\">\n\t\t\t<div class=\"elementor-widget-wrap elementor-element-populated\">\n\t\t\t\t\t\t<div class=\"elementor-element elementor-element-4f2h2af elementor-widget elementor-widget-text-editor\" data-id=\"4f2h2af\" data-element_type=\"widget\" data-widget_type=\"text-editor.default\">\n\t\t\t\t<div class=\"elementor-widget-container\">\n\t\t\t\t\t\t\t<h3 class=\"entry-title\">Umgestaltung des Martin-Luther-Platzes wird erneut in Angriff genommen<\/h3><p>Bereits 2009 wurde der Realisierungswettbewerb zur Umgestaltung des Martin-Luther-Platzes ausgeschrieben und vergeben. Um jedoch die Arbeiten zur Sanierung der Stadtkirche nicht zu behindern, wurde das Vorhaben vorerst ausgesetzt. Nachdem die Sanierung der Kirche nun abgeschlossen ist, wird die Planung wieder in Angriff genommen.<\/p><h3>B\u00fcrgerinformationsabend am 27.09.2017 um 18.30 Uhr<\/h3><p>Damit sich auch die \u00d6ffentlichkeit an der weiteren Planung aktiv beteiligen kann, findet am Mittwoch, den 27.09.2017 um 18.30 Uhr ein B\u00fcrgerinformationsabend im Evangelischen Haus in der Wittelsbacherstra\u00dfe 4 in Schwabach statt. Bei diesem Informationsabend wird der augenblickliche Stand der Planung vorgestellt, und Besucher der Veranstaltung k\u00f6nnen weitere Anregungen geben.<\/p><h3>Gesellschaftlich relevante Gruppen und B\u00fcrger Schwabachs herzlich eingeladen<\/h3><p>Zur B\u00fcrgerinformationsveranstaltung werden Vertreter aller gesellschaftlich relevanten Gruppen und nat\u00fcrlich auch alle interessierten B\u00fcrger aus Schwabach eingeladen, an der Veranstaltung teilzunehmen und mitzudiskutieren.<\/p><p>Weitere Infos zum B\u00fcrgerinformationsabend <a href=\"http:\/\/www.schwabach.de\/\/de\/stadtverwaltung\/referat-4-stadtplanung-und-bauwesen\/43-amt-fuer-stadtplanung-und-bauordnung\/neues-aus-dem-amt-fuer-stadtplanung-und-bauordnung\/5634-buergerinfo-zur-umgestaltung-des-martin-luther-platzes.html\" target=\"_blank\" rel=\"noopener\">finden Sie hier &#8230;<\/a><\/p>\t\t\t\t\t\t<\/div>\n\t\t\t\t<\/div>\n\t\t\t\t<div class=\"elementor-element elementor-element-lkj62ub elementor-widget-divider--view-line elementor-widget elementor-widget-divider\" data-id=\"lkj62ub\" data-element_type=\"widget\" data-widget_type=\"divider.default\">\n\t\t\t\t<div class=\"elementor-widget-container\">\n\t\t\t\t\t<div class=\"elementor-divider\">\n\t\t\t<span class=\"elementor-divider-separator\">\n\t\t\t\t\t\t<\/span>\n\t\t<\/div>\n\t\t\t\t<\/div>\n\t\t\t\t<\/div>\n\t\t\t\t<div class=\"elementor-element elementor-element-c98jtdz elementor-widget elementor-widget-google_maps\" data-id=\"c98jtdz\" data-element_type=\"widget\" data-widget_type=\"google_maps.default\">\n\t\t\t\t<div class=\"elementor-widget-container\">\n\t\t\t\t\t<div class=\"elementor-custom-embed\">\n\t\t\t<iframe loading=\"lazy\"\n\t\t\t\t\tsrc=\"https:\/\/maps.google.com\/maps?q=Wittelsbacher%20Str.%204%20Schwabach%2C%20Deutschland&#038;t=m&#038;z=16&#038;output=embed&#038;iwloc=near\"\n\t\t\t\t\ttitle=\"Wittelsbacher Str. 4 Schwabach, Deutschland\"\n\t\t\t\t\taria-label=\"Wittelsbacher Str. 4 Schwabach, Deutschland\"\n\t\t\t><\/iframe>\n\t\t<\/div>\n\t\t\t\t<\/div>\n\t\t\t\t<\/div>\n\t\t\t\t\t<\/div>\n\t\t<\/div>\n\t\t\t\t<div class=\"elementor-column elementor-col-33 elementor-top-column elementor-element elementor-element-flkv3o5\" data-id=\"flkv3o5\" data-element_type=\"column\">\n\t\t\t<div class=\"elementor-widget-wrap elementor-element-populated\">\n\t\t\t\t\t\t<div class=\"elementor-element elementor-element-bpvimlk elementor-widget elementor-widget-image\" data-id=\"bpvimlk\" data-element_type=\"widget\" data-widget_type=\"image.default\">\n\t\t\t\t<div class=\"elementor-widget-container\">\n\t\t\t\t\t\t\t\t\t\t\t\t\t\t<a href=\"http:\/\/www.region-schwabach.de\/wordpress\/werben-auf-region-schwabach\/\" target=\"_blank\">\n\t\t\t\t\t\t\t<img fetchpriority=\"high\" decoding=\"async\" width=\"1024\" height=\"1024\" src=\"https:\/\/www.region-schwabach.de\/wordpress\/wp-content\/uploads\/2017\/06\/werbung8-1024x1024.png\" class=\"attachment-large size-large wp-image-2484\" alt=\"\" srcset=\"https:\/\/www.region-schwabach.de\/wordpress\/wp-content\/uploads\/2017\/06\/werbung8-1024x1024.png 1024w, https:\/\/www.region-schwabach.de\/wordpress\/wp-content\/uploads\/2017\/06\/werbung8-150x150.png 150w, https:\/\/www.region-schwabach.de\/wordpress\/wp-content\/uploads\/2017\/06\/werbung8-300x300.png 300w, https:\/\/www.region-schwabach.de\/wordpress\/wp-content\/uploads\/2017\/06\/werbung8-768x768.png 768w, https:\/\/www.region-schwabach.de\/wordpress\/wp-content\/uploads\/2017\/06\/werbung8-600x600.png 600w, https:\/\/www.region-schwabach.de\/wordpress\/wp-content\/uploads\/2017\/06\/werbung8.png 1200w\" sizes=\"(max-width: 1024px) 100vw, 1024px\" \/>\t\t\t\t\t\t\t\t<\/a>\n\t\t\t\t\t\t\t\t\t\t\t\t\t<\/div>\n\t\t\t\t<\/div>\n\t\t\t\t\t<\/div>\n\t\t<\/div>\n\t\t\t\t\t<\/div>\n\t\t<\/section>\n\t\t\t\t<\/div>\n\t\t","protected":false},"excerpt":{"rendered":"<div class=\"mh-excerpt\"><p>Umgestaltung des Martin-Luther-Platzes wird erneut in Angriff genommen Bereits 2009 wurde der Realisierungswettbewerb zur Umgestaltung des Martin-Luther-Platzes ausgeschrieben und vergeben. Um jedoch die Arbeiten zur Sanierung der Stadtkirche nicht zu behindern, wurde das Vorhaben vorerst <a class=\"mh-excerpt-more\" href=\"https:\/\/www.region-schwabach.de\/wordpress\/buergerinformationsabend-zur-umgestaltung-des-martin-luther-platzes\/\" title=\"B\u00fcrgerinformationsabend zur Umgestaltung des Martin-Luther-Platzes\">[&#8230;]<\/a><\/p>\n<\/div>","protected":false},"author":1,"featured_media":11897,"comment_status":"open","ping_status":"open","sticky":false,"template":"","format":"standard","meta":{"_cbd_carousel_blocks":"[]","footnotes":""},"categories":[16,79,61],"tags":[381,650,19,651,649],"class_list":{"0":"post-11896","1":"post","2":"type-post","3":"status-publish","4":"format-standard","5":"has-post-thumbnail","7":"category-aktuell","8":"category-politik","9":"category-rathaus","10":"tag-27-09-2017","11":"tag-evangelisches-haus","12":"tag-schwabach","13":"tag-umgestaltung-martin-luther-platz","14":"tag-wittelsbacher-strasse"},"_links":{"self":[{"href":"https:\/\/www.region-schwabach.de\/wordpress\/wp-json\/wp\/v2\/posts\/11896","targetHints":{"allow":["GET"]}}],"collection":[{"href":"https:\/\/www.region-schwabach.de\/wordpress\/wp-json\/wp\/v2\/posts"}],"about":[{"href":"https:\/\/www.region-schwabach.de\/wordpress\/wp-json\/wp\/v2\/types\/post"}],"author":[{"embeddable":true,"href":"https:\/\/www.region-schwabach.de\/wordpress\/wp-json\/wp\/v2\/users\/1"}],"replies":[{"embeddable":true,"href":"https:\/\/www.region-schwabach.de\/wordpress\/wp-json\/wp\/v2\/comments?post=11896"}],"version-history":[{"count":0,"href":"https:\/\/www.region-schwabach.de\/wordpress\/wp-json\/wp\/v2\/posts\/11896\/revisions"}],"wp:featuredmedia":[{"embeddable":true,"href":"https:\/\/www.region-schwabach.de\/wordpress\/wp-json\/wp\/v2\/media\/11897"}],"wp:attachment":[{"href":"https:\/\/www.region-schwabach.de\/wordpress\/wp-json\/wp\/v2\/media?parent=11896"}],"wp:term":[{"taxonomy":"category","embeddable":true,"href":"https:\/\/www.region-schwabach.de\/wordpress\/wp-json\/wp\/v2\/categories?post=11896"},{"taxonomy":"post_tag","embeddable":true,"href":"https:\/\/www.region-schwabach.de\/wordpress\/wp-json\/wp\/v2\/tags?post=11896"}],"curies":[{"name":"wp","href":"https:\/\/api.w.org\/{rel}","templated":true}]}}