{"id":119061,"date":"2020-09-21T00:40:00","date_gmt":"2020-09-20T22:40:00","guid":{"rendered":"https:\/\/www.region-schwabach.de\/wordpress\/?p=119061"},"modified":"2020-09-21T22:28:32","modified_gmt":"2020-09-21T20:28:32","slug":"wahl-der-schwabacher-frauenkommission-am-montag-den-21-09-2020","status":"publish","type":"post","link":"https:\/\/www.region-schwabach.de\/wordpress\/wahl-der-schwabacher-frauenkommission-am-montag-den-21-09-2020\/","title":{"rendered":"Wahl der Schwabacher Frauenkommission am Montag, den 21.09.2020"},"content":{"rendered":"\t\t<div data-elementor-type=\"wp-post\" data-elementor-id=\"119061\" class=\"elementor elementor-119061\">\n\t\t\t\t\t\t<section class=\"elementor-section elementor-top-section elementor-element elementor-element-678181b elementor-section-boxed elementor-section-height-default elementor-section-height-default\" data-id=\"678181b\" data-element_type=\"section\">\n\t\t\t\t\t\t<div class=\"elementor-container elementor-column-gap-default\">\n\t\t\t\t\t<div class=\"elementor-column elementor-col-50 elementor-top-column elementor-element elementor-element-6b34026\" data-id=\"6b34026\" data-element_type=\"column\">\n\t\t\t<div class=\"elementor-widget-wrap elementor-element-populated\">\n\t\t\t\t\t\t<div class=\"elementor-element elementor-element-4e38fb7 elementor-widget elementor-widget-wp-widget-advads_ad_widget\" data-id=\"4e38fb7\" data-element_type=\"widget\" data-widget_type=\"wp-widget-advads_ad_widget.default\">\n\t\t\t\t<div class=\"elementor-widget-container\">\n\t\t\t<div id=\"regio-2441414164\"><div class=\"regio-adlabel\">Werbung<\/div><center><a href=\"https:\/\/a.partner-versicherung.de\/click.php?partner_id=19992&ad_id=1578&deep=kreditkarten\"  target=\"_blank\"><img decoding=\"async\" src=\"https:\/\/a.partner-versicherung.de\/view.php?partner_id=19992&ad_id=1578\" ><\/a><\/center><\/div>\t\t<\/div>\n\t\t\t\t<\/div>\n\t\t\t\t<div class=\"elementor-element elementor-element-443ab98 elementor-widget elementor-widget-text-editor\" data-id=\"443ab98\" data-element_type=\"widget\" data-widget_type=\"text-editor.default\">\n\t\t\t\t<div class=\"elementor-widget-container\">\n\t\t\t\t\t\t\t<h3>Montag, den 21. September um 19.30 Uhr<br \/>Wahl der Schwabacher Frauenkommission im Skatestadion des SC 04 Schwabach<\/h3><p><span style=\"font-size: 12pt;\">Schwabach &#8211; Mit der Wahl des Stadtrates ist die Neuwahl der Frauenkommission 2020 bis 2026 verbunden. Diese wird im Skatestadion des SC 04 Schwabach e.V. in der N\u00f6rdlinger Stra\u00dfe 48, am 21. September um 19:30 Uhr gew\u00e4hlt. Die Wahl findet unter Einhaltung der Corona-Hygienevorschriften im \u00fcberdachten Skatestadion des SC 04 Schwabach e.V. statt.<\/span><\/p><h3>Vom Stadtrat anerkanntes Gremium<\/h3><p><span style=\"font-size: 12pt;\">Bei der Frauenkommission handelt es sich um ein vom Stadtrat anerkanntes Gremium, das die Interessen der Frauen in der Stadt Schwabach wahrnimmt. Die Vorsitzende der Kommission hat Stimm- und Rederecht im Stadtrat. Mitglieder der Frauenkommission k\u00f6nnen nur Schwabacher B\u00fcrgerinnen werden.<\/span><\/p><p><span style=\"font-size: 12pt;\">Neben den weiblichen Mitgliedern des Stadtrates, die von ihren Parteien bzw. W\u00e4hlervereinigungen berufen werden, haben Gruppen, Vereine, Verb\u00e4nde und Organisationen die M\u00f6glichkeit, Frauen aus ihren Reihen als Kandidatinnen vorzuschlagen. Die Gesch\u00e4ftsordnung erm\u00f6glicht es, dass sich auch eine Einzelfrau ohne Gruppenzugeh\u00f6rigkeit als Kandidatin melden kann.<\/span><\/p><p><strong><span style=\"font-size: 12pt;\">Bisher haben folgende Gruppen, Verb\u00e4nde, Vereine und Organisationen ihre Kandidatinnen nominiert. Ebenso stellen sich zwei Einzelpersonen zur Wahl:\u00a0<\/span><\/strong><\/p><h3>Name, Vorname, Gruppenzugeh\u00f6rigkeit<\/h3><ul style=\"list-style-type: disc;\"><li><span style=\"font-size: 12pt;\">Bro\u00dfmann, Sabine, Einzelperson<\/span><\/li><li><span style=\"font-size: 12pt;\">Ehrlenbach, Iris, Arbeitsgemeinschaft sozialdemokratischer<\/span><br \/><span style=\"font-size: 12pt;\">Frauen<\/span><\/li><li><span style=\"font-size: 12pt;\">Hopperdietzel, Andrea, Hilfe f\u00fcr Frauen in Not Roth-Schwabach e.V.<\/span><\/li><li><span style=\"font-size: 12pt;\">Knappe-Golker, Helga, K\u00e4nguruh Familienzentrum e.V.<\/span><\/li><li><span style=\"font-size: 12pt;\">K\u00f6ppend\u00f6rfer, Karin, AWO Kreisverband Roth-Schwabach e.V.<\/span><\/li><li><span style=\"font-size: 12pt;\">Nie\u00dflbeck, Sabine, Einzelperson<\/span><\/li><li><span style=\"font-size: 12pt;\">Niyonteze, Sandra, Integrationsrat<\/span><\/li><li><span style=\"font-size: 12pt;\">Pirti, Ayseg\u00fcl, Internationales Frauencaf\u00e9<\/span><\/li><li><span style=\"font-size: 12pt;\">Rei\u00df, Magdalena, Stadtjugendring Schwabach<\/span><\/li><li><span style=\"font-size: 12pt;\">Schmidbauer, Ute, B\u00fcrgerforum Eichwasen<\/span><\/li><li><span style=\"font-size: 12pt;\">Schmidt, Andrea, Familien- und Altenhilfe e.V.<\/span><\/li><li><span style=\"font-size: 12pt;\">Sebald, Heike, Kneippverein<\/span><\/li><li><span style=\"font-size: 12pt;\">Sommer, Dr. Sylvia, Gr\u00fcne Frauengruppe KV Schwabach<\/span><\/li><li><span style=\"font-size: 12pt;\">Sturm, Maria, Katholischer Deutscher Frauenbund<\/span><\/li><li><span style=\"font-size: 12pt;\">Ziermann, Renate, Seniorenrat<\/span><\/li><\/ul><h3>Info:<\/h3><p><span style=\"font-size: 12pt;\">Es wird eine Wahlliste der externen Kandidatinnen erstellt, die bis zum Wahltag offenbleibt. Wahlberechtigt sind nur die anwesenden, vollj\u00e4hrigen B\u00fcrgerinnen der Stadt Schwabach. Mitzubringen sind der Personalausweis sowie eine Mund- und Nasenbedeckung, falls der Mindestabstand nicht eingehalten werden kann. Je nach Entwicklung der Pandemie k\u00f6nnen kurzfristig neue Bestimmungen gelten.\u00a0<\/span><span style=\"font-size: 12pt;\">Eine rege Wahlbeteiligung aus den Gruppen und Verb\u00e4nden erh\u00f6ht die Chancen ihrer Kandidatin.<\/span><\/p><p><span style=\"font-size: 12pt;\">Weitere Informationen k\u00f6nnen telefonisch, pers\u00f6nlich oder schriftlich eingeholt werden bei der Gleichstellungsbeauftragen, Sabine Reek-Rade, K\u00f6nigsplatz 1 (Rathaus) Zi. Nr. 1.07, Tel. 860-279, <a href=\"mailto:gleichstellungsstelle@schwabach.de\" target=\"_blank\" rel=\"noopener\">gleichstellungsstelle@schwabach.de<\/a><\/span><\/p><h3>Weiterf\u00fchrende Links:<\/h3><p><span style=\"font-size: 12pt;\"><a href=\"https:\/\/www.schwabach.de\/de\/politik\/beiraete\/frauenkommission.html\" target=\"_blank\" rel=\"noopener\">Zur Homepage der Frauenkommission geht es hier &#8230;<\/a><\/span><\/p>\t\t\t\t\t\t<\/div>\n\t\t\t\t<\/div>\n\t\t\t\t<div class=\"elementor-element elementor-element-21c3450 elementor-widget-divider--view-line elementor-widget elementor-widget-divider\" data-id=\"21c3450\" data-element_type=\"widget\" data-widget_type=\"divider.default\">\n\t\t\t\t<div class=\"elementor-widget-container\">\n\t\t\t\t\t<div class=\"elementor-divider\">\n\t\t\t<span class=\"elementor-divider-separator\">\n\t\t\t\t\t\t<\/span>\n\t\t<\/div>\n\t\t\t\t<\/div>\n\t\t\t\t<\/div>\n\t\t\t\t<div class=\"elementor-element elementor-element-f4c690c elementor-widget elementor-widget-google_maps\" data-id=\"f4c690c\" data-element_type=\"widget\" data-widget_type=\"google_maps.default\">\n\t\t\t\t<div class=\"elementor-widget-container\">\n\t\t\t\t\t<div class=\"elementor-custom-embed\">\n\t\t\t<iframe loading=\"lazy\"\n\t\t\t\t\tsrc=\"https:\/\/maps.google.com\/maps?q=N%C3%B6rdlinger%20Stra%C3%9Fe%2048%2C%20Schwabach%2C%20Deutschland&#038;t=m&#038;z=16&#038;output=embed&#038;iwloc=near\"\n\t\t\t\t\ttitle=\"N\u00f6rdlinger Stra\u00dfe 48, Schwabach, Deutschland\"\n\t\t\t\t\taria-label=\"N\u00f6rdlinger Stra\u00dfe 48, Schwabach, Deutschland\"\n\t\t\t><\/iframe>\n\t\t<\/div>\n\t\t\t\t<\/div>\n\t\t\t\t<\/div>\n\t\t\t\t\t<\/div>\n\t\t<\/div>\n\t\t\t\t<div class=\"elementor-column elementor-col-50 elementor-top-column elementor-element elementor-element-5907a18\" data-id=\"5907a18\" data-element_type=\"column\">\n\t\t\t<div class=\"elementor-widget-wrap elementor-element-populated\">\n\t\t\t\t\t\t<div class=\"elementor-element elementor-element-540377b elementor-widget elementor-widget-heading\" data-id=\"540377b\" data-element_type=\"widget\" data-widget_type=\"heading.default\">\n\t\t\t\t<div class=\"elementor-widget-container\">\n\t\t\t<h3 class=\"elementor-heading-title elementor-size-default\">Schnell vergleichen und sparen!<\/h3>\t\t<\/div>\n\t\t\t\t<\/div>\n\t\t\t\t<div class=\"elementor-element elementor-element-ffc551e elementor-widget elementor-widget-wp-widget-advads_ad_widget\" data-id=\"ffc551e\" data-element_type=\"widget\" data-widget_type=\"wp-widget-advads_ad_widget.default\">\n\t\t\t\t<div class=\"elementor-widget-container\">\n\t\t\t<div id=\"regio-1995119168\"><div class=\"regio-adlabel\">Werbung<\/div><!-- Beginn https:\/\/www.financeads.net\/-Code --><a href=\"https:\/\/www.financeads.net\/tc.php?t=36648C236142529B\" target=\"_blank\"><img fetchpriority=\"high\" decoding=\"async\" src=\"https:\/\/www.financeads.net\/tb.php?t=36648V236142529B&https=1\" alt=\"\" border=\"0\" width=\"300\" height=\"250\"><\/a><!-- Ende https:\/\/www.financeads.net\/-Code --><\/div>\t\t<\/div>\n\t\t\t\t<\/div>\n\t\t\t\t<div class=\"elementor-element elementor-element-deae22e elementor-widget elementor-widget-wp-widget-advads_ad_widget\" data-id=\"deae22e\" data-element_type=\"widget\" data-widget_type=\"wp-widget-advads_ad_widget.default\">\n\t\t\t\t<div class=\"elementor-widget-container\">\n\t\t\t<div id=\"regio-3182940759\"><div class=\"regio-adlabel\">Werbung<\/div><!-- Beginn https:\/\/www.financeads.net\/-Code --><a href=\"https:\/\/www.financeads.net\/tc.php?t=36648C42614510B\" target=\"_blank\"><img decoding=\"async\" src=\"https:\/\/www.financeads.net\/tb.php?t=36648V42614510B&https=1\" alt=\"\" border=\"0\" width=\"200\" height=\"300\"><\/a><!-- Ende https:\/\/www.financeads.net\/-Code --><\/div>\t\t<\/div>\n\t\t\t\t<\/div>\n\t\t\t\t<div class=\"elementor-element elementor-element-8bae3ed elementor-widget elementor-widget-wp-widget-advads_ad_widget\" data-id=\"8bae3ed\" data-element_type=\"widget\" data-widget_type=\"wp-widget-advads_ad_widget.default\">\n\t\t\t\t<div class=\"elementor-widget-container\">\n\t\t\t<div id=\"regio-3211692537\"><div class=\"regio-adlabel\">Werbung<\/div><!-- Beginn https:\/\/www.financeads.net\/-Code --><a href=\"https:\/\/www.financeads.net\/tc.php?t=36648C205040072B\" target=\"_blank\"><img decoding=\"async\" src=\"https:\/\/www.financeads.net\/tb.php?t=36648V205040072B&https=1\" alt=\"\" border=\"0\" width=\"300\" height=\"250\"><\/a><!-- Ende https:\/\/www.financeads.net\/-Code --><\/div>\t\t<\/div>\n\t\t\t\t<\/div>\n\t\t\t\t<div class=\"elementor-element elementor-element-b62ee55 elementor-widget elementor-widget-wp-widget-advads_ad_widget\" data-id=\"b62ee55\" data-element_type=\"widget\" data-widget_type=\"wp-widget-advads_ad_widget.default\">\n\t\t\t\t<div class=\"elementor-widget-container\">\n\t\t\t<div id=\"regio-4134120945\"><div class=\"regio-adlabel\">Werbung<\/div><!-- Beginn https:\/\/www.financeads.net\/-Code --><a href=\"https:\/\/www.financeads.net\/tc.php?t=36648C271460142B\" target=\"_blank\"><img loading=\"lazy\" decoding=\"async\" src=\"https:\/\/www.financeads.net\/tb.php?t=36648V271460142B&https=1\" alt=\"PETPROTECT_Hund&Katze_Banner\" border=\"0\" width=\"250\" height=\"250\"><\/a><!-- Ende https:\/\/www.financeads.net\/-Code --><\/div>\t\t<\/div>\n\t\t\t\t<\/div>\n\t\t\t\t\t<\/div>\n\t\t<\/div>\n\t\t\t\t\t<\/div>\n\t\t<\/section>\n\t\t\t\t<\/div>\n\t\t","protected":false},"excerpt":{"rendered":"<div class=\"mh-excerpt\"><p>Montag, den 21. September um 19.30 Uhr Wahl der Schwabacher Frauenkommission im Skatestadion des SC 04 Schwabach Schwabach &#8211; Mit der Wahl des Stadtrates ist die Neuwahl der Frauenkommission 2020 bis 2026 verbunden. Diese wird <a class=\"mh-excerpt-more\" href=\"https:\/\/www.region-schwabach.de\/wordpress\/wahl-der-schwabacher-frauenkommission-am-montag-den-21-09-2020\/\" title=\"Wahl der Schwabacher Frauenkommission am Montag, den 21.09.2020\">[&#8230;]<\/a><\/p>\n<\/div>","protected":false},"author":1,"featured_media":119066,"comment_status":"open","ping_status":"open","sticky":false,"template":"","format":"standard","meta":{"_cbd_carousel_blocks":"[]","footnotes":""},"categories":[16,79,61,231],"tags":[12434,6904,3484,522,677,1480,5636,19,13745,3151,64],"class_list":{"0":"post-119061","1":"post","2":"type-post","3":"status-publish","4":"format-standard","5":"has-post-thumbnail","7":"category-aktuell","8":"category-politik","9":"category-rathaus","10":"category-veranstaltungsnews","11":"tag-21-09-2020","12":"tag-frauenkommission","13":"tag-goldener-saal","14":"tag-koenigsplatz","15":"tag-noerdlinger-strasse","16":"tag-rathaus","17":"tag-sc-04-schwabach","18":"tag-schwabach","19":"tag-skatestadion","20":"tag-stadt-schwabach","21":"tag-wahl"},"_links":{"self":[{"href":"https:\/\/www.region-schwabach.de\/wordpress\/wp-json\/wp\/v2\/posts\/119061","targetHints":{"allow":["GET"]}}],"collection":[{"href":"https:\/\/www.region-schwabach.de\/wordpress\/wp-json\/wp\/v2\/posts"}],"about":[{"href":"https:\/\/www.region-schwabach.de\/wordpress\/wp-json\/wp\/v2\/types\/post"}],"author":[{"embeddable":true,"href":"https:\/\/www.region-schwabach.de\/wordpress\/wp-json\/wp\/v2\/users\/1"}],"replies":[{"embeddable":true,"href":"https:\/\/www.region-schwabach.de\/wordpress\/wp-json\/wp\/v2\/comments?post=119061"}],"version-history":[{"count":0,"href":"https:\/\/www.region-schwabach.de\/wordpress\/wp-json\/wp\/v2\/posts\/119061\/revisions"}],"wp:featuredmedia":[{"embeddable":true,"href":"https:\/\/www.region-schwabach.de\/wordpress\/wp-json\/wp\/v2\/media\/119066"}],"wp:attachment":[{"href":"https:\/\/www.region-schwabach.de\/wordpress\/wp-json\/wp\/v2\/media?parent=119061"}],"wp:term":[{"taxonomy":"category","embeddable":true,"href":"https:\/\/www.region-schwabach.de\/wordpress\/wp-json\/wp\/v2\/categories?post=119061"},{"taxonomy":"post_tag","embeddable":true,"href":"https:\/\/www.region-schwabach.de\/wordpress\/wp-json\/wp\/v2\/tags?post=119061"}],"curies":[{"name":"wp","href":"https:\/\/api.w.org\/{rel}","templated":true}]}}