{"id":119244,"date":"2020-09-23T10:25:24","date_gmt":"2020-09-23T08:25:24","guid":{"rendered":"https:\/\/www.region-schwabach.de\/wordpress\/?p=119244"},"modified":"2020-09-23T10:26:32","modified_gmt":"2020-09-23T08:26:32","slug":"unfall-zwischen-pkw-und-lkw-auf-der-bundesstrasse-2-bei-ellingen","status":"publish","type":"post","link":"https:\/\/www.region-schwabach.de\/wordpress\/unfall-zwischen-pkw-und-lkw-auf-der-bundesstrasse-2-bei-ellingen\/","title":{"rendered":"Unfall zwischen PKW und LKW auf der Bundesstra\u00dfe 2 bei Ellingen"},"content":{"rendered":"\t\t<div data-elementor-type=\"wp-post\" data-elementor-id=\"119244\" class=\"elementor elementor-119244\">\n\t\t\t\t\t\t<section class=\"elementor-section elementor-top-section elementor-element elementor-element-1cuv9jr elementor-section-boxed elementor-section-height-default elementor-section-height-default\" data-id=\"1cuv9jr\" data-element_type=\"section\">\n\t\t\t\t\t\t<div class=\"elementor-container elementor-column-gap-default\">\n\t\t\t\t\t<div class=\"elementor-column elementor-col-50 elementor-top-column elementor-element elementor-element-q5zak7b\" data-id=\"q5zak7b\" data-element_type=\"column\">\n\t\t\t<div class=\"elementor-widget-wrap elementor-element-populated\">\n\t\t\t\t\t\t<div class=\"elementor-element elementor-element-dcef279 elementor-widget elementor-widget-wp-widget-advads_ad_widget\" data-id=\"dcef279\" data-element_type=\"widget\" data-widget_type=\"wp-widget-advads_ad_widget.default\">\n\t\t\t\t<div class=\"elementor-widget-container\">\n\t\t\t<div id=\"regio-1501850661\"><div class=\"regio-adlabel\">Werbung<\/div><center><a href=\"https:\/\/a.partner-versicherung.de\/click.php?partner_id=19992&ad_id=1578&deep=kreditkarten\"  target=\"_blank\"><img decoding=\"async\" src=\"https:\/\/a.partner-versicherung.de\/view.php?partner_id=19992&ad_id=1578\" ><\/a><\/center><\/div>\t\t<\/div>\n\t\t\t\t<\/div>\n\t\t\t\t<div class=\"elementor-element elementor-element-a4daeae elementor-widget elementor-widget-text-editor\" data-id=\"a4daeae\" data-element_type=\"widget\" data-widget_type=\"text-editor.default\">\n\t\t\t\t<div class=\"elementor-widget-container\">\n\t\t\t\t\t\t\t<h3 dir=\"ltr\">Verkehrsunfall auf der Bundesstra\u00dfe 2<\/h3><p dir=\"ltr\"><span style=\"font-size: 12pt;\">Ellingen &#8211; Am Montagvormittag, den 21.09.2020 verursachte ein 39-j\u00e4hriger LKW-Fahrer beim Linksabbiegen im Bereich der Abfahrt Sommerkeller einen Unfall, als er den in\u00a0 n\u00f6rdlicher Richtung fahrenden PKW eines 78 J\u00e4hrigen \u00fcbersah. Bei dem folgenden Zusammensto\u00df wurde gl\u00fccklicherweise niemand verletzt, an den beiden beteiligten Fahrzeugen entstand jedoch ein Sachschaden in H\u00f6he von ca. 12.000 Euro. <\/span><\/p>\t\t\t\t\t\t<\/div>\n\t\t\t\t<\/div>\n\t\t\t\t<div class=\"elementor-element elementor-element-1d7490b elementor-widget elementor-widget-shortcode\" data-id=\"1d7490b\" data-element_type=\"widget\" data-widget_type=\"shortcode.default\">\n\t\t\t\t<div class=\"elementor-widget-container\">\n\t\t\t\t\t<div class=\"elementor-shortcode\"><!-- Beginn https:\/\/www.financeads.net\/-Code --><a href=\"https:\/\/www.financeads.net\/tc.php?t=36648C38513858B\" target=\"_blank\"><center><img decoding=\"async\" src=\"https:\/\/www.financeads.net\/tb.php?t=36648V38513858B&https=1\" alt=\"\" border=\"0\" width=\"468\" height=\"60\"><\/a><!-- Ende https:\/\/www.financeads.net\/-Code --><\/div>\n\t\t\t\t<\/div>\n\t\t\t\t<\/div>\n\t\t\t\t<div class=\"elementor-element elementor-element-ace1283 elementor-widget-divider--view-line elementor-widget elementor-widget-divider\" data-id=\"ace1283\" data-element_type=\"widget\" data-widget_type=\"divider.default\">\n\t\t\t\t<div class=\"elementor-widget-container\">\n\t\t\t\t\t<div class=\"elementor-divider\">\n\t\t\t<span class=\"elementor-divider-separator\">\n\t\t\t\t\t\t<\/span>\n\t\t<\/div>\n\t\t\t\t<\/div>\n\t\t\t\t<\/div>\n\t\t\t\t<div class=\"elementor-element elementor-element-ac34ac3 elementor-widget elementor-widget-google_maps\" data-id=\"ac34ac3\" data-element_type=\"widget\" data-widget_type=\"google_maps.default\">\n\t\t\t\t<div class=\"elementor-widget-container\">\n\t\t\t\t\t<div class=\"elementor-custom-embed\">\n\t\t\t<iframe loading=\"lazy\"\n\t\t\t\t\tsrc=\"https:\/\/maps.google.com\/maps?q=Sommerkeller%2C%20Ellingen%2C%20Deutschland&#038;t=m&#038;z=15&#038;output=embed&#038;iwloc=near\"\n\t\t\t\t\ttitle=\"Sommerkeller, Ellingen, Deutschland\"\n\t\t\t\t\taria-label=\"Sommerkeller, Ellingen, Deutschland\"\n\t\t\t><\/iframe>\n\t\t<\/div>\n\t\t\t\t<\/div>\n\t\t\t\t<\/div>\n\t\t\t\t\t<\/div>\n\t\t<\/div>\n\t\t\t\t<div class=\"elementor-column elementor-col-50 elementor-top-column elementor-element elementor-element-06d28a1\" data-id=\"06d28a1\" data-element_type=\"column\">\n\t\t\t<div class=\"elementor-widget-wrap elementor-element-populated\">\n\t\t\t\t\t\t<div class=\"elementor-element elementor-element-5539bc6 elementor-widget elementor-widget-heading\" data-id=\"5539bc6\" data-element_type=\"widget\" data-widget_type=\"heading.default\">\n\t\t\t\t<div class=\"elementor-widget-container\">\n\t\t\t<h3 class=\"elementor-heading-title elementor-size-default\">Schnell vergleichen und sparen!<\/h3>\t\t<\/div>\n\t\t\t\t<\/div>\n\t\t\t\t<div class=\"elementor-element elementor-element-ab0991f elementor-widget elementor-widget-wp-widget-advads_ad_widget\" data-id=\"ab0991f\" data-element_type=\"widget\" data-widget_type=\"wp-widget-advads_ad_widget.default\">\n\t\t\t\t<div class=\"elementor-widget-container\">\n\t\t\t<div id=\"regio-2822401824\"><div class=\"regio-adlabel\">Werbung<\/div><!-- Beginn https:\/\/www.financeads.net\/-Code --><a href=\"https:\/\/www.financeads.net\/tc.php?t=36648C236142529B\" target=\"_blank\"><img fetchpriority=\"high\" decoding=\"async\" src=\"https:\/\/www.financeads.net\/tb.php?t=36648V236142529B&https=1\" alt=\"\" border=\"0\" width=\"300\" height=\"250\"><\/a><!-- Ende https:\/\/www.financeads.net\/-Code --><\/div>\t\t<\/div>\n\t\t\t\t<\/div>\n\t\t\t\t<div class=\"elementor-element elementor-element-fd89b80 elementor-widget elementor-widget-wp-widget-advads_ad_widget\" data-id=\"fd89b80\" data-element_type=\"widget\" data-widget_type=\"wp-widget-advads_ad_widget.default\">\n\t\t\t\t<div class=\"elementor-widget-container\">\n\t\t\t<div id=\"regio-2142960931\"><div class=\"regio-adlabel\">Werbung<\/div><!-- Beginn https:\/\/www.financeads.net\/-Code --><a href=\"https:\/\/www.financeads.net\/tc.php?t=36648C42614510B\" target=\"_blank\"><img decoding=\"async\" src=\"https:\/\/www.financeads.net\/tb.php?t=36648V42614510B&https=1\" alt=\"\" border=\"0\" width=\"200\" height=\"300\"><\/a><!-- Ende https:\/\/www.financeads.net\/-Code --><\/div>\t\t<\/div>\n\t\t\t\t<\/div>\n\t\t\t\t<div class=\"elementor-element elementor-element-cafeb33 elementor-widget elementor-widget-wp-widget-advads_ad_widget\" data-id=\"cafeb33\" data-element_type=\"widget\" data-widget_type=\"wp-widget-advads_ad_widget.default\">\n\t\t\t\t<div class=\"elementor-widget-container\">\n\t\t\t<div id=\"regio-1932679556\"><div class=\"regio-adlabel\">Werbung<\/div><!-- Beginn https:\/\/www.financeads.net\/-Code --><a href=\"https:\/\/www.financeads.net\/tc.php?t=36648C205040072B\" target=\"_blank\"><img loading=\"lazy\" decoding=\"async\" src=\"https:\/\/www.financeads.net\/tb.php?t=36648V205040072B&https=1\" alt=\"\" border=\"0\" width=\"300\" height=\"250\"><\/a><!-- Ende https:\/\/www.financeads.net\/-Code --><\/div>\t\t<\/div>\n\t\t\t\t<\/div>\n\t\t\t\t<div class=\"elementor-element elementor-element-0205306 elementor-widget elementor-widget-wp-widget-advads_ad_widget\" data-id=\"0205306\" data-element_type=\"widget\" data-widget_type=\"wp-widget-advads_ad_widget.default\">\n\t\t\t\t<div class=\"elementor-widget-container\">\n\t\t\t<div id=\"regio-3458159300\"><div class=\"regio-adlabel\">Werbung<\/div><!-- Beginn https:\/\/www.financeads.net\/-Code --><a href=\"https:\/\/www.financeads.net\/tc.php?t=36648C271460142B\" target=\"_blank\"><img loading=\"lazy\" decoding=\"async\" src=\"https:\/\/www.financeads.net\/tb.php?t=36648V271460142B&https=1\" alt=\"PETPROTECT_Hund&Katze_Banner\" border=\"0\" width=\"250\" height=\"250\"><\/a><!-- Ende https:\/\/www.financeads.net\/-Code --><\/div>\t\t<\/div>\n\t\t\t\t<\/div>\n\t\t\t\t\t<\/div>\n\t\t<\/div>\n\t\t\t\t\t<\/div>\n\t\t<\/section>\n\t\t\t\t<\/div>\n\t\t","protected":false},"excerpt":{"rendered":"<div class=\"mh-excerpt\"><p>Verkehrsunfall auf der Bundesstra\u00dfe 2 Ellingen &#8211; Am Montagvormittag, den 21.09.2020 verursachte ein 39-j\u00e4hriger LKW-Fahrer beim Linksabbiegen im Bereich der Abfahrt Sommerkeller einen Unfall, als er den in\u00a0 n\u00f6rdlicher Richtung fahrenden PKW eines 78 J\u00e4hrigen <a class=\"mh-excerpt-more\" href=\"https:\/\/www.region-schwabach.de\/wordpress\/unfall-zwischen-pkw-und-lkw-auf-der-bundesstrasse-2-bei-ellingen\/\" title=\"Unfall zwischen PKW und LKW auf der Bundesstra\u00dfe 2 bei Ellingen\">[&#8230;]<\/a><\/p>\n<\/div>","protected":false},"author":1,"featured_media":119245,"comment_status":"open","ping_status":"open","sticky":false,"template":"","format":"standard","meta":{"_cbd_carousel_blocks":"[]","footnotes":""},"categories":[15],"tags":[12434,3453,6448,429,541,555,2345,261,981,11122,334,249,7498],"class_list":{"0":"post-119244","1":"post","2":"type-post","3":"status-publish","4":"format-standard","5":"has-post-thumbnail","7":"category-polizeimeldungen","8":"tag-21-09-2020","9":"tag-abbiegemanoever","10":"tag-abfahrt","11":"tag-b2","12":"tag-bundesstrasse-2","13":"tag-gegenverkehr","14":"tag-kollision","15":"tag-lkw","16":"tag-polizei","17":"tag-sommerkeller","18":"tag-unfall","19":"tag-weissenburg","20":"tag-zusammenstoss-2"},"_links":{"self":[{"href":"https:\/\/www.region-schwabach.de\/wordpress\/wp-json\/wp\/v2\/posts\/119244","targetHints":{"allow":["GET"]}}],"collection":[{"href":"https:\/\/www.region-schwabach.de\/wordpress\/wp-json\/wp\/v2\/posts"}],"about":[{"href":"https:\/\/www.region-schwabach.de\/wordpress\/wp-json\/wp\/v2\/types\/post"}],"author":[{"embeddable":true,"href":"https:\/\/www.region-schwabach.de\/wordpress\/wp-json\/wp\/v2\/users\/1"}],"replies":[{"embeddable":true,"href":"https:\/\/www.region-schwabach.de\/wordpress\/wp-json\/wp\/v2\/comments?post=119244"}],"version-history":[{"count":0,"href":"https:\/\/www.region-schwabach.de\/wordpress\/wp-json\/wp\/v2\/posts\/119244\/revisions"}],"wp:featuredmedia":[{"embeddable":true,"href":"https:\/\/www.region-schwabach.de\/wordpress\/wp-json\/wp\/v2\/media\/119245"}],"wp:attachment":[{"href":"https:\/\/www.region-schwabach.de\/wordpress\/wp-json\/wp\/v2\/media?parent=119244"}],"wp:term":[{"taxonomy":"category","embeddable":true,"href":"https:\/\/www.region-schwabach.de\/wordpress\/wp-json\/wp\/v2\/categories?post=119244"},{"taxonomy":"post_tag","embeddable":true,"href":"https:\/\/www.region-schwabach.de\/wordpress\/wp-json\/wp\/v2\/tags?post=119244"}],"curies":[{"name":"wp","href":"https:\/\/api.w.org\/{rel}","templated":true}]}}