{"id":12001,"date":"2017-09-22T15:52:25","date_gmt":"2017-09-22T13:52:25","guid":{"rendered":"http:\/\/www.region-schwabach.de\/wordpress\/?p=12001"},"modified":"2018-07-30T09:56:51","modified_gmt":"2018-07-30T07:56:51","slug":"uigenauer-weg-vom-25-september-bis-29-september-gesperrt","status":"publish","type":"post","link":"https:\/\/www.region-schwabach.de\/wordpress\/uigenauer-weg-vom-25-september-bis-29-september-gesperrt\/","title":{"rendered":"Uigenauer Weg vom 25. September bis 29. September gesperrt"},"content":{"rendered":"\t\t<div data-elementor-type=\"wp-post\" data-elementor-id=\"12001\" class=\"elementor elementor-12001 elementor-bc-flex-widget\">\n\t\t\t\t\t\t<section class=\"elementor-section elementor-top-section elementor-element elementor-element-1dzeyuh elementor-section-boxed elementor-section-height-default elementor-section-height-default\" data-id=\"1dzeyuh\" data-element_type=\"section\">\n\t\t\t\t\t\t<div class=\"elementor-container elementor-column-gap-default\">\n\t\t\t\t\t<div class=\"elementor-column elementor-col-66 elementor-top-column elementor-element elementor-element-aam59ft\" data-id=\"aam59ft\" data-element_type=\"column\">\n\t\t\t<div class=\"elementor-widget-wrap elementor-element-populated\">\n\t\t\t\t\t\t<div class=\"elementor-element elementor-element-k9p1oyc elementor-widget elementor-widget-text-editor\" data-id=\"k9p1oyc\" data-element_type=\"widget\" data-widget_type=\"text-editor.default\">\n\t\t\t\t<div class=\"elementor-widget-container\">\n\t\t\t\t\t\t\t<h3>Sperrung\u00a0zwischen 25. September und 29. September n\u00f6tig<\/h3><p>In der Zeit von Montag, den 25.09.2017 bis Freitag, den 29.09.2017 kommt zur Sperrung des Uigenauer Weges.<\/p><h3>Grund f\u00fcr die Sperrung ist die Reparatur eines Rohrschadens\u00a0in diesem Bereich<\/h3><p>Die Sperrung in diesem Bereich ist n\u00f6tig, weil in diesem Zeitraum die Reparatur eines Rohrschadenses im Kreuzungsbereich an der Gerhartstra\u00dfe stattfindet.<\/p><h3>Anfahrt f\u00fcr Anlieger m\u00f6glich<\/h3><p>Die Zufahrt wird den betroffenen Anwohnern w\u00e4hrend der Sperrung \u00fcber die Fr\u00f6belstra\u00dfe bis zur Baustelle\u00a0erm\u00f6glicht.<\/p>\t\t\t\t\t\t<\/div>\n\t\t\t\t<\/div>\n\t\t\t\t<div class=\"elementor-element elementor-element-rf47wqh elementor-widget elementor-widget-google_maps\" data-id=\"rf47wqh\" data-element_type=\"widget\" data-widget_type=\"google_maps.default\">\n\t\t\t\t<div class=\"elementor-widget-container\">\n\t\t\t\t\t<div class=\"elementor-custom-embed\">\n\t\t\t<iframe loading=\"lazy\"\n\t\t\t\t\tsrc=\"https:\/\/maps.google.com\/maps?q=Uigenauer%20Weg%2C%2091126%20Schwabach%2C%20Deutschland&#038;t=m&#038;z=16&#038;output=embed&#038;iwloc=near\"\n\t\t\t\t\ttitle=\"Uigenauer Weg, 91126 Schwabach, Deutschland\"\n\t\t\t\t\taria-label=\"Uigenauer Weg, 91126 Schwabach, Deutschland\"\n\t\t\t><\/iframe>\n\t\t<\/div>\n\t\t\t\t<\/div>\n\t\t\t\t<\/div>\n\t\t\t\t\t<\/div>\n\t\t<\/div>\n\t\t\t\t<div class=\"elementor-column elementor-col-33 elementor-top-column elementor-element elementor-element-uferl75\" data-id=\"uferl75\" data-element_type=\"column\">\n\t\t\t<div class=\"elementor-widget-wrap elementor-element-populated\">\n\t\t\t\t\t\t<div class=\"elementor-element elementor-element-xuttsc2 elementor-widget elementor-widget-image\" data-id=\"xuttsc2\" data-element_type=\"widget\" data-widget_type=\"image.default\">\n\t\t\t\t<div class=\"elementor-widget-container\">\n\t\t\t\t\t\t\t\t\t\t\t\t\t<img fetchpriority=\"high\" decoding=\"async\" width=\"300\" height=\"300\" src=\"https:\/\/www.region-schwabach.de\/wordpress\/wp-content\/uploads\/2017\/06\/werbung8-300x300.png\" class=\"attachment-medium size-medium wp-image-2484\" alt=\"\" srcset=\"https:\/\/www.region-schwabach.de\/wordpress\/wp-content\/uploads\/2017\/06\/werbung8-300x300.png 300w, https:\/\/www.region-schwabach.de\/wordpress\/wp-content\/uploads\/2017\/06\/werbung8-150x150.png 150w, https:\/\/www.region-schwabach.de\/wordpress\/wp-content\/uploads\/2017\/06\/werbung8-768x768.png 768w, https:\/\/www.region-schwabach.de\/wordpress\/wp-content\/uploads\/2017\/06\/werbung8-1024x1024.png 1024w, https:\/\/www.region-schwabach.de\/wordpress\/wp-content\/uploads\/2017\/06\/werbung8-600x600.png 600w, https:\/\/www.region-schwabach.de\/wordpress\/wp-content\/uploads\/2017\/06\/werbung8.png 1200w\" sizes=\"(max-width: 300px) 100vw, 300px\" \/>\t\t\t\t\t\t\t\t\t\t\t\t\t<\/div>\n\t\t\t\t<\/div>\n\t\t\t\t\t<\/div>\n\t\t<\/div>\n\t\t\t\t\t<\/div>\n\t\t<\/section>\n\t\t\t\t<\/div>\n\t\t","protected":false},"excerpt":{"rendered":"<div class=\"mh-excerpt\"><p>Sperrung\u00a0zwischen 25. September und 29. September n\u00f6tig In der Zeit von Montag, den 25.09.2017 bis Freitag, den 29.09.2017 kommt zur Sperrung des Uigenauer Weges. Grund f\u00fcr die Sperrung ist die Reparatur eines Rohrschadens\u00a0in diesem Bereich <a class=\"mh-excerpt-more\" href=\"https:\/\/www.region-schwabach.de\/wordpress\/uigenauer-weg-vom-25-september-bis-29-september-gesperrt\/\" title=\"Uigenauer Weg vom 25. September bis 29. September gesperrt\">[&#8230;]<\/a><\/p>\n<\/div>","protected":false},"author":1,"featured_media":14958,"comment_status":"open","ping_status":"open","sticky":false,"template":"template-full.php","format":"standard","meta":{"_cbd_carousel_blocks":"[]","footnotes":""},"categories":[14],"tags":[684,683,19,276,682],"class_list":{"0":"post-12001","1":"post","2":"type-post","3":"status-publish","4":"format-standard","5":"has-post-thumbnail","7":"category-verkehrsinfos","8":"tag-gerhartstrasse","9":"tag-reparatur-wasserschaden","10":"tag-schwabach","11":"tag-sperrung","12":"tag-uigenauer-weg"},"_links":{"self":[{"href":"https:\/\/www.region-schwabach.de\/wordpress\/wp-json\/wp\/v2\/posts\/12001","targetHints":{"allow":["GET"]}}],"collection":[{"href":"https:\/\/www.region-schwabach.de\/wordpress\/wp-json\/wp\/v2\/posts"}],"about":[{"href":"https:\/\/www.region-schwabach.de\/wordpress\/wp-json\/wp\/v2\/types\/post"}],"author":[{"embeddable":true,"href":"https:\/\/www.region-schwabach.de\/wordpress\/wp-json\/wp\/v2\/users\/1"}],"replies":[{"embeddable":true,"href":"https:\/\/www.region-schwabach.de\/wordpress\/wp-json\/wp\/v2\/comments?post=12001"}],"version-history":[{"count":0,"href":"https:\/\/www.region-schwabach.de\/wordpress\/wp-json\/wp\/v2\/posts\/12001\/revisions"}],"wp:featuredmedia":[{"embeddable":true,"href":"https:\/\/www.region-schwabach.de\/wordpress\/wp-json\/wp\/v2\/media\/14958"}],"wp:attachment":[{"href":"https:\/\/www.region-schwabach.de\/wordpress\/wp-json\/wp\/v2\/media?parent=12001"}],"wp:term":[{"taxonomy":"category","embeddable":true,"href":"https:\/\/www.region-schwabach.de\/wordpress\/wp-json\/wp\/v2\/categories?post=12001"},{"taxonomy":"post_tag","embeddable":true,"href":"https:\/\/www.region-schwabach.de\/wordpress\/wp-json\/wp\/v2\/tags?post=12001"}],"curies":[{"name":"wp","href":"https:\/\/api.w.org\/{rel}","templated":true}]}}