{"id":120122,"date":"2020-10-08T00:40:00","date_gmt":"2020-10-07T22:40:00","guid":{"rendered":"https:\/\/www.region-schwabach.de\/wordpress\/?p=120122"},"modified":"2020-10-10T09:27:40","modified_gmt":"2020-10-10T07:27:40","slug":"22-schwabacher-regionalmarkt-am-10-oktober-2020","status":"publish","type":"post","link":"https:\/\/www.region-schwabach.de\/wordpress\/22-schwabacher-regionalmarkt-am-10-oktober-2020\/","title":{"rendered":"22. Schwabacher Regionalmarkt am 10. Oktober 2020"},"content":{"rendered":"\t\t<div data-elementor-type=\"wp-post\" data-elementor-id=\"120122\" class=\"elementor elementor-120122\">\n\t\t\t\t\t\t<section class=\"elementor-section elementor-top-section elementor-element elementor-element-678181b elementor-section-boxed elementor-section-height-default elementor-section-height-default\" data-id=\"678181b\" data-element_type=\"section\">\n\t\t\t\t\t\t<div class=\"elementor-container elementor-column-gap-default\">\n\t\t\t\t\t<div class=\"elementor-column elementor-col-50 elementor-top-column elementor-element elementor-element-6b34026\" data-id=\"6b34026\" data-element_type=\"column\">\n\t\t\t<div class=\"elementor-widget-wrap elementor-element-populated\">\n\t\t\t\t\t\t<div class=\"elementor-element elementor-element-4f584f9 elementor-widget elementor-widget-wp-widget-advads_ad_widget\" data-id=\"4f584f9\" data-element_type=\"widget\" data-widget_type=\"wp-widget-advads_ad_widget.default\">\n\t\t\t\t<div class=\"elementor-widget-container\">\n\t\t\t<div id=\"regio-4054834768\"><div class=\"regio-adlabel\">Werbung<\/div><center><a href=\"https:\/\/a.partner-versicherung.de\/click.php?partner_id=19992&ad_id=1578&deep=kreditkarten\"  target=\"_blank\"><img decoding=\"async\" src=\"https:\/\/a.partner-versicherung.de\/view.php?partner_id=19992&ad_id=1578\" ><\/a><\/center><\/div>\t\t<\/div>\n\t\t\t\t<\/div>\n\t\t\t\t<div class=\"elementor-element elementor-element-443ab98 elementor-widget elementor-widget-text-editor\" data-id=\"443ab98\" data-element_type=\"widget\" data-widget_type=\"text-editor.default\">\n\t\t\t\t<div class=\"elementor-widget-container\">\n\t\t\t\t\t\t\t<h3>Regionale Vermarktung und Informationen f\u00fcr Verbraucher<br \/>22. Schwabacher Regionalmarkt am Samstag, den 10. Oktober 2020, trotz Corona<\/h3><p><span style=\"font-size: 12pt;\">Schwabach &#8211; Seit mehr als zwanzig Jahren bereichert der Schwabacher Regionalmarkt das Marktgeschehen am Martin-Luther-Platz und K\u00f6nigsplatz. Am Samstag, den 10. Oktober 2020, ist es wieder soweit: Von 09.00 bis 16.00 Uhr stehen die regionale Vermarktung und Informationen f\u00fcr den Verbraucher zu Themen des Natur und Umweltschutzes sowie regionalen Dienstleistungen an erster Stelle.<\/span><\/p><p><span style=\"font-size: 12pt;\">Auf dem Martin-Luther-Platz und K\u00f6nigsplatz wird an etwa 60 St\u00e4nden eine bunte Palette des regionalen Wirtschaftens geboten. In diesem Jahr sind aufgrund der anhaltenden Corona-Lage die bekannten Abstands- und Hygieneregeln einzuhalten. Leider kann daher das beliebte Rahmenprogramm f\u00fcr Kinder und Familien nicht stattfinden und auch die musikalische Umrahmung der Veranstaltung muss ausfallen. <strong>Das Tragen eines Mund- und Nasenschutzes ist auf dem Marktplatz notwendig.\u00a0<\/strong><\/span><\/p><h3>Vielf\u00e4ltiges Angebot<\/h3><p><span style=\"font-size: 12pt;\">Einkaufen wie auf dem Bauernhof, kulinarische Spezialit\u00e4ten, traditionelles Handwerk sowie Informationen zu verschiedensten Umweltthemen sind die Schwerpunkte der Veranstaltung, die ganz im Zeichen der regionalen Wirtschaftskreisl\u00e4ufe steht. Von A wie Alpakawolle bis Z wie Zwetschgenmarmelade oder Zweit-Maske &#8211; eine Vielzahl an regionalen Produkten erwartet die Marktbesucherinnen und -besucher wieder.<\/span><\/p><h3>Altbew\u00e4hrtes und Aktuelles<\/h3><p><span style=\"font-size: 12pt;\">Neben Altbew\u00e4hrtem kommt auch Aktuelles nicht zu kurz. Das Umweltschutzamt ist mit der Aktion Klima-Baum und dem Thema CO2-Einsparung im Alltag vor Ort. Am Stand des ADFC gibt es dazu auch gleich praktische Tipps rund um das Fahrrad und das Fahrradfahren. Fair gehandelten Kaffee bietet der Eine-Welt-Laden jetzt neu in verschiedenen Varianten der \u201eSchwabacher Goldenen Bohne\u201c an. Der Landschaftspflegeverband Schwabach informiert wieder \u00fcber Obstsorten &#8211; eine Sortenbestimmung von \u00c4pfeln und Birnen wird angeboten. Dazu sind f\u00fcnf typische Fr\u00fcchte eines Obstbaumes mitzubringen und abzugeben.<\/span><\/p><h3>Auch die Abfallberatung der Stadt Schwabach ist im Einsatz<\/h3><p><span style=\"font-size: 12pt;\">Die Abfallberatung der Stadt informiert am Regionalmarkt zum Thema Bioabfallqualit\u00e4t. Neben vielen n\u00fctzlichen Informationen bekommen die Besucher auch Papiert\u00fcten mit nach Hause, die f\u00fcr die Sammlung von Bioabf\u00e4llen geeignet sind. Plastikt\u00fcten \u2013 auch sogenannte kompostierbare Plastikt\u00fcten \u2013 k\u00f6nnen n\u00e4mlich daf\u00fcr nicht verwendet werden. Sie verunreinigen den Wertstoff, gef\u00e4hrden damit die Kompostproduktion und schaden als Mikroplastik der Umwelt.<\/span><\/p><h3>Versteigerung von Fund-Fahrr\u00e4dern<\/h3><p><span style=\"font-size: 12pt;\">Auch die Versteigerung von Fund-Fahrr\u00e4dern findet statt, heuer im Hof der Wirtschaftsschule. Dort k\u00f6nnen ab etwa 11.00 Uhr die Fahrr\u00e4der besichtigt werden, ab 11.30 Uhr bet\u00e4tigen sich Oberb\u00fcrgermeister Peter Rei\u00df und Stadtrat Thomas Mantarlis, f\u00fcr etwa zwei Stunden als Auktionatoren. Es kann nur bar gezahlt werden. Der Erl\u00f6s kommt Schwabachs Partnergemeinde Gossas im Senegal zugute.<\/span><\/p><h3>Bundesweiter Tag der Regionen<\/h3><p><span style=\"font-size: 12pt;\">Einige Anbieter sind mit regionalen Schmankerln vor Ort. Mit nach Hause genommen, sorgen die verschiedenen Spezialit\u00e4ten f\u00fcr einen kulinarischen Nachklang des Marktbesuches. Der Schwabacher Beitrag zum bundesweiten \u201eTag der Regionen\u201c wird von der Stadt Schwabach und vom Landschaftspflegeverband Schwabach veranstaltet. Dabei soll ein wichtiger Umwelt-Aspekt in die \u00d6ffentlichkeit getragen werden, der immer deutlicher und wichtiger wird: Klimaschutz durch kurze Wege. Passend dazu ist das Jahresthema des Tags der Regionen &#8222;verwurzelt &#8211; weltoffen &#8211; klimabewusst&#8220;.<\/span><\/p><h3>Infos:<\/h3><p><span style=\"font-size: 12pt;\">Ausf\u00fchrliche Programmhinweise sind in einem Faltblatt zu finden, das an vielen \u00f6ffentlichen Stellen ausliegt und im Internet (siehe unten) als Download zur Verf\u00fcgung steht. Der Regionalmarkt wird unterst\u00fctzt durch die Stadtwerke Schwabach, die GEWOBAU und die Sparkasse Mittelfranken-S\u00fcd.\u00a0<\/span><\/p><h3>Weiterf\u00fchrende Links:\u00a0<\/h3><p><span style=\"font-size: 12pt;\"><a href=\"https:\/\/www.schwabach.de\/images\/referate\/referat_2\/Umweltschutzamt\/Agenda_21\/Downloads\/Fleyer_Regionalmarkt_2020.pdf\" target=\"_blank\" rel=\"noopener\">Das Faltblatt zum Schwabacher Regionalmarkt gibt es hier als Download &#8230;<\/a><\/span><\/p>\t\t\t\t\t\t<\/div>\n\t\t\t\t<\/div>\n\t\t\t\t<div class=\"elementor-element elementor-element-090d49a elementor-widget elementor-widget-shortcode\" data-id=\"090d49a\" data-element_type=\"widget\" data-widget_type=\"shortcode.default\">\n\t\t\t\t<div class=\"elementor-widget-container\">\n\t\t\t\t\t<div class=\"elementor-shortcode\"><!-- Beginn https:\/\/www.financeads.net\/-Code --><a href=\"https:\/\/www.financeads.net\/tc.php?t=36648C38513858B\" target=\"_blank\"><center><img decoding=\"async\" src=\"https:\/\/www.financeads.net\/tb.php?t=36648V38513858B&https=1\" alt=\"\" border=\"0\" width=\"468\" height=\"60\"><\/a><!-- Ende https:\/\/www.financeads.net\/-Code --><\/div>\n\t\t\t\t<\/div>\n\t\t\t\t<\/div>\n\t\t\t\t<div class=\"elementor-element elementor-element-893041c elementor-widget-divider--view-line elementor-widget elementor-widget-divider\" data-id=\"893041c\" data-element_type=\"widget\" data-widget_type=\"divider.default\">\n\t\t\t\t<div class=\"elementor-widget-container\">\n\t\t\t\t\t<div class=\"elementor-divider\">\n\t\t\t<span class=\"elementor-divider-separator\">\n\t\t\t\t\t\t<\/span>\n\t\t<\/div>\n\t\t\t\t<\/div>\n\t\t\t\t<\/div>\n\t\t\t\t<div class=\"elementor-element elementor-element-35de09e elementor-widget elementor-widget-google_maps\" data-id=\"35de09e\" data-element_type=\"widget\" data-widget_type=\"google_maps.default\">\n\t\t\t\t<div class=\"elementor-widget-container\">\n\t\t\t\t\t<div class=\"elementor-custom-embed\">\n\t\t\t<iframe loading=\"lazy\"\n\t\t\t\t\tsrc=\"https:\/\/maps.google.com\/maps?q=K%C3%B6nigsplatz%201%2C%20Schwabach%2C%20Deutschland&#038;t=m&#038;z=18&#038;output=embed&#038;iwloc=near\"\n\t\t\t\t\ttitle=\"K\u00f6nigsplatz 1, Schwabach, Deutschland\"\n\t\t\t\t\taria-label=\"K\u00f6nigsplatz 1, Schwabach, Deutschland\"\n\t\t\t><\/iframe>\n\t\t<\/div>\n\t\t\t\t<\/div>\n\t\t\t\t<\/div>\n\t\t\t\t\t<\/div>\n\t\t<\/div>\n\t\t\t\t<div class=\"elementor-column elementor-col-50 elementor-top-column elementor-element elementor-element-93e72a0\" data-id=\"93e72a0\" data-element_type=\"column\">\n\t\t\t<div class=\"elementor-widget-wrap elementor-element-populated\">\n\t\t\t\t\t\t<div class=\"elementor-element elementor-element-076d041 elementor-widget elementor-widget-heading\" data-id=\"076d041\" data-element_type=\"widget\" data-widget_type=\"heading.default\">\n\t\t\t\t<div class=\"elementor-widget-container\">\n\t\t\t<h3 class=\"elementor-heading-title elementor-size-default\">Schnell vergleichen und sparen!<\/h3>\t\t<\/div>\n\t\t\t\t<\/div>\n\t\t\t\t<div class=\"elementor-element elementor-element-61c315e elementor-widget elementor-widget-wp-widget-advads_ad_widget\" data-id=\"61c315e\" data-element_type=\"widget\" data-widget_type=\"wp-widget-advads_ad_widget.default\">\n\t\t\t\t<div class=\"elementor-widget-container\">\n\t\t\t<div id=\"regio-470487083\"><div class=\"regio-adlabel\">Werbung<\/div><!-- Beginn https:\/\/www.financeads.net\/-Code --><a href=\"https:\/\/www.financeads.net\/tc.php?t=36648C236142529B\" target=\"_blank\"><img fetchpriority=\"high\" decoding=\"async\" src=\"https:\/\/www.financeads.net\/tb.php?t=36648V236142529B&https=1\" alt=\"\" border=\"0\" width=\"300\" height=\"250\"><\/a><!-- Ende https:\/\/www.financeads.net\/-Code --><\/div>\t\t<\/div>\n\t\t\t\t<\/div>\n\t\t\t\t<div class=\"elementor-element elementor-element-be0317b elementor-widget elementor-widget-wp-widget-advads_ad_widget\" data-id=\"be0317b\" data-element_type=\"widget\" data-widget_type=\"wp-widget-advads_ad_widget.default\">\n\t\t\t\t<div class=\"elementor-widget-container\">\n\t\t\t<div id=\"regio-483919543\"><div class=\"regio-adlabel\">Werbung<\/div><!-- Beginn https:\/\/www.financeads.net\/-Code --><a href=\"https:\/\/www.financeads.net\/tc.php?t=36648C42614510B\" target=\"_blank\"><img decoding=\"async\" src=\"https:\/\/www.financeads.net\/tb.php?t=36648V42614510B&https=1\" alt=\"\" border=\"0\" width=\"200\" height=\"300\"><\/a><!-- Ende https:\/\/www.financeads.net\/-Code --><\/div>\t\t<\/div>\n\t\t\t\t<\/div>\n\t\t\t\t<div class=\"elementor-element elementor-element-bb732ec elementor-widget elementor-widget-wp-widget-advads_ad_widget\" data-id=\"bb732ec\" data-element_type=\"widget\" data-widget_type=\"wp-widget-advads_ad_widget.default\">\n\t\t\t\t<div class=\"elementor-widget-container\">\n\t\t\t<div id=\"regio-2368003599\"><div class=\"regio-adlabel\">Werbung<\/div><!-- Beginn https:\/\/www.financeads.net\/-Code --><a href=\"https:\/\/www.financeads.net\/tc.php?t=36648C205040072B\" target=\"_blank\"><img loading=\"lazy\" decoding=\"async\" src=\"https:\/\/www.financeads.net\/tb.php?t=36648V205040072B&https=1\" alt=\"\" border=\"0\" width=\"300\" height=\"250\"><\/a><!-- Ende https:\/\/www.financeads.net\/-Code --><\/div>\t\t<\/div>\n\t\t\t\t<\/div>\n\t\t\t\t<div class=\"elementor-element elementor-element-eedb13d elementor-widget elementor-widget-wp-widget-advads_ad_widget\" data-id=\"eedb13d\" data-element_type=\"widget\" data-widget_type=\"wp-widget-advads_ad_widget.default\">\n\t\t\t\t<div class=\"elementor-widget-container\">\n\t\t\t<div id=\"regio-693720526\"><div class=\"regio-adlabel\">Werbung<\/div><!-- Beginn https:\/\/www.financeads.net\/-Code --><a href=\"https:\/\/www.financeads.net\/tc.php?t=36648C271460142B\" target=\"_blank\"><img loading=\"lazy\" decoding=\"async\" src=\"https:\/\/www.financeads.net\/tb.php?t=36648V271460142B&https=1\" alt=\"PETPROTECT_Hund&Katze_Banner\" border=\"0\" width=\"250\" height=\"250\"><\/a><!-- Ende https:\/\/www.financeads.net\/-Code --><\/div>\t\t<\/div>\n\t\t\t\t<\/div>\n\t\t\t\t\t<\/div>\n\t\t<\/div>\n\t\t\t\t\t<\/div>\n\t\t<\/section>\n\t\t\t\t<section class=\"elementor-section elementor-top-section elementor-element elementor-element-4e41469 elementor-section-boxed elementor-section-height-default elementor-section-height-default\" data-id=\"4e41469\" data-element_type=\"section\">\n\t\t\t\t\t\t<div class=\"elementor-container elementor-column-gap-default\">\n\t\t\t\t\t<div class=\"elementor-column elementor-col-100 elementor-top-column elementor-element elementor-element-6d04eae\" data-id=\"6d04eae\" data-element_type=\"column\">\n\t\t\t<div class=\"elementor-widget-wrap elementor-element-populated\">\n\t\t\t\t\t\t<div class=\"elementor-element elementor-element-d84491c elementor-widget elementor-widget-image\" data-id=\"d84491c\" data-element_type=\"widget\" data-widget_type=\"image.default\">\n\t\t\t\t<div class=\"elementor-widget-container\">\n\t\t\t\t\t\t\t\t\t\t\t\t\t\t<a href=\"http:\/\/www.region-schwabach.de\/wordpress\/wp-content\/uploads\/2018\/09\/Regionalmarkt__0008-e1537386145299.jpg\" data-elementor-open-lightbox=\"yes\" data-elementor-lightbox-title=\"Regionalmarkt__0008\" data-e-action-hash=\"#elementor-action%3Aaction%3Dlightbox%26settings%3DeyJpZCI6NTY4NzUsInVybCI6Imh0dHBzOlwvXC93d3cucmVnaW9uLXNjaHdhYmFjaC5kZVwvd29yZHByZXNzXC93cC1jb250ZW50XC91cGxvYWRzXC8yMDE4XC8wOVwvUmVnaW9uYWxtYXJrdF9fMDAwOC1lMTUzNzM4NjE0NTI5OS5qcGcifQ%3D%3D\">\n\t\t\t\t\t\t\t<img loading=\"lazy\" decoding=\"async\" width=\"960\" height=\"720\" src=\"https:\/\/www.region-schwabach.de\/wordpress\/wp-content\/uploads\/2018\/09\/Regionalmarkt__0008-e1537386145299.jpg\" class=\"attachment-full size-full wp-image-56875\" alt=\"\" \/>\t\t\t\t\t\t\t\t<\/a>\n\t\t\t\t\t\t\t\t\t\t\t\t\t<\/div>\n\t\t\t\t<\/div>\n\t\t\t\t<div class=\"elementor-element elementor-element-6d98f03 elementor-widget elementor-widget-image\" data-id=\"6d98f03\" data-element_type=\"widget\" data-widget_type=\"image.default\">\n\t\t\t\t<div class=\"elementor-widget-container\">\n\t\t\t\t\t\t\t\t\t\t\t\t\t\t<a href=\"http:\/\/www.region-schwabach.de\/wordpress\/wp-content\/uploads\/2018\/09\/PM214_Regionalmarkt_hoch-e1537386252274.jpg\" data-elementor-open-lightbox=\"yes\" data-elementor-lightbox-title=\"PM214_Regionalmarkt_hoch\" data-e-action-hash=\"#elementor-action%3Aaction%3Dlightbox%26settings%3DeyJpZCI6NTY4NzYsInVybCI6Imh0dHBzOlwvXC93d3cucmVnaW9uLXNjaHdhYmFjaC5kZVwvd29yZHByZXNzXC93cC1jb250ZW50XC91cGxvYWRzXC8yMDE4XC8wOVwvUE0yMTRfUmVnaW9uYWxtYXJrdF9ob2NoLWUxNTM3Mzg2MjUyMjc0LmpwZyJ9\">\n\t\t\t\t\t\t\t<img loading=\"lazy\" decoding=\"async\" width=\"960\" height=\"1443\" src=\"https:\/\/www.region-schwabach.de\/wordpress\/wp-content\/uploads\/2018\/09\/PM214_Regionalmarkt_hoch-e1537386252274.jpg\" class=\"attachment-full size-full wp-image-56876\" alt=\"\" \/>\t\t\t\t\t\t\t\t<\/a>\n\t\t\t\t\t\t\t\t\t\t\t\t\t<\/div>\n\t\t\t\t<\/div>\n\t\t\t\t<div class=\"elementor-element elementor-element-c0170be elementor-widget elementor-widget-image\" data-id=\"c0170be\" data-element_type=\"widget\" data-widget_type=\"image.default\">\n\t\t\t\t<div class=\"elementor-widget-container\">\n\t\t\t\t\t\t\t\t\t\t\t\t\t\t<a href=\"http:\/\/www.region-schwabach.de\/wordpress\/wp-content\/uploads\/2018\/09\/PM251_Regionalmarkt-Rathaus-e1537386390442.jpg\" data-elementor-open-lightbox=\"yes\" data-elementor-lightbox-title=\"PM251_Regionalmarkt-Rathaus\" data-e-action-hash=\"#elementor-action%3Aaction%3Dlightbox%26settings%3DeyJpZCI6NTY4NzcsInVybCI6Imh0dHBzOlwvXC93d3cucmVnaW9uLXNjaHdhYmFjaC5kZVwvd29yZHByZXNzXC93cC1jb250ZW50XC91cGxvYWRzXC8yMDE4XC8wOVwvUE0yNTFfUmVnaW9uYWxtYXJrdC1SYXRoYXVzLWUxNTM3Mzg2MzkwNDQyLmpwZyJ9\">\n\t\t\t\t\t\t\t<img loading=\"lazy\" decoding=\"async\" width=\"960\" height=\"643\" src=\"https:\/\/www.region-schwabach.de\/wordpress\/wp-content\/uploads\/2018\/09\/PM251_Regionalmarkt-Rathaus-e1537386390442.jpg\" class=\"attachment-full size-full wp-image-56877\" alt=\"\" \/>\t\t\t\t\t\t\t\t<\/a>\n\t\t\t\t\t\t\t\t\t\t\t\t\t<\/div>\n\t\t\t\t<\/div>\n\t\t\t\t\t<\/div>\n\t\t<\/div>\n\t\t\t\t\t<\/div>\n\t\t<\/section>\n\t\t\t\t<\/div>\n\t\t","protected":false},"excerpt":{"rendered":"<div class=\"mh-excerpt\"><p>Regionale Vermarktung und Informationen f\u00fcr Verbraucher 22. Schwabacher Regionalmarkt am Samstag, den 10. Oktober 2020, trotz Corona Schwabach &#8211; Seit mehr als zwanzig Jahren bereichert der Schwabacher Regionalmarkt das Marktgeschehen am Martin-Luther-Platz und K\u00f6nigsplatz. Am <a class=\"mh-excerpt-more\" href=\"https:\/\/www.region-schwabach.de\/wordpress\/22-schwabacher-regionalmarkt-am-10-oktober-2020\/\" title=\"22. Schwabacher Regionalmarkt am 10. Oktober 2020\">[&#8230;]<\/a><\/p>\n<\/div>","protected":false},"author":1,"featured_media":56874,"comment_status":"open","ping_status":"open","sticky":false,"template":"","format":"standard","meta":{"_cbd_carousel_blocks":"[]","footnotes":""},"categories":[16,1,78,287,61,231,46,140],"tags":[13884,3641,522,6018,523,6017,686,3642,19,207],"class_list":{"0":"post-120122","1":"post","2":"type-post","3":"status-publish","4":"format-standard","5":"has-post-thumbnail","7":"category-aktuell","8":"category-allgemein","9":"category-handel-und-wirtschaft","10":"category-jugend-und-familie","11":"category-rathaus","12":"category-veranstaltungsnews","13":"category-verbaende","14":"category-vereine","15":"tag-10-10-2020","16":"tag-buntes-angebot","17":"tag-koenigsplatz","18":"tag-landschaftspflegeverband","19":"tag-martin-luther-platz","20":"tag-regionale-vermarktung","21":"tag-regionalmarkt","22":"tag-samstag","23":"tag-schwabach","24":"tag-umweltschutzamt"},"_links":{"self":[{"href":"https:\/\/www.region-schwabach.de\/wordpress\/wp-json\/wp\/v2\/posts\/120122","targetHints":{"allow":["GET"]}}],"collection":[{"href":"https:\/\/www.region-schwabach.de\/wordpress\/wp-json\/wp\/v2\/posts"}],"about":[{"href":"https:\/\/www.region-schwabach.de\/wordpress\/wp-json\/wp\/v2\/types\/post"}],"author":[{"embeddable":true,"href":"https:\/\/www.region-schwabach.de\/wordpress\/wp-json\/wp\/v2\/users\/1"}],"replies":[{"embeddable":true,"href":"https:\/\/www.region-schwabach.de\/wordpress\/wp-json\/wp\/v2\/comments?post=120122"}],"version-history":[{"count":0,"href":"https:\/\/www.region-schwabach.de\/wordpress\/wp-json\/wp\/v2\/posts\/120122\/revisions"}],"wp:featuredmedia":[{"embeddable":true,"href":"https:\/\/www.region-schwabach.de\/wordpress\/wp-json\/wp\/v2\/media\/56874"}],"wp:attachment":[{"href":"https:\/\/www.region-schwabach.de\/wordpress\/wp-json\/wp\/v2\/media?parent=120122"}],"wp:term":[{"taxonomy":"category","embeddable":true,"href":"https:\/\/www.region-schwabach.de\/wordpress\/wp-json\/wp\/v2\/categories?post=120122"},{"taxonomy":"post_tag","embeddable":true,"href":"https:\/\/www.region-schwabach.de\/wordpress\/wp-json\/wp\/v2\/tags?post=120122"}],"curies":[{"name":"wp","href":"https:\/\/api.w.org\/{rel}","templated":true}]}}