{"id":120744,"date":"2020-10-19T01:01:01","date_gmt":"2020-10-18T23:01:01","guid":{"rendered":"https:\/\/www.region-schwabach.de\/wordpress\/?p=120744"},"modified":"2020-10-19T09:48:37","modified_gmt":"2020-10-19T07:48:37","slug":"prasenz-sprechstunde-des-oberburgermeisters-peter-reiss-am-19-oktober-2020","status":"publish","type":"post","link":"https:\/\/www.region-schwabach.de\/wordpress\/prasenz-sprechstunde-des-oberburgermeisters-peter-reiss-am-19-oktober-2020\/","title":{"rendered":"Pr\u00e4senz-Sprechstunde des Oberb\u00fcrgermeisters Peter Rei\u00df am 19. Oktober 2020"},"content":{"rendered":"\t\t<div data-elementor-type=\"wp-post\" data-elementor-id=\"120744\" class=\"elementor elementor-120744\">\n\t\t\t\t\t\t<section class=\"elementor-section elementor-top-section elementor-element elementor-element-678181b elementor-section-boxed elementor-section-height-default elementor-section-height-default\" data-id=\"678181b\" data-element_type=\"section\">\n\t\t\t\t\t\t<div class=\"elementor-container elementor-column-gap-default\">\n\t\t\t\t\t<div class=\"elementor-column elementor-col-50 elementor-top-column elementor-element elementor-element-6b34026\" data-id=\"6b34026\" data-element_type=\"column\">\n\t\t\t<div class=\"elementor-widget-wrap elementor-element-populated\">\n\t\t\t\t\t\t<div class=\"elementor-element elementor-element-5fea1cd elementor-widget elementor-widget-wp-widget-advads_ad_widget\" data-id=\"5fea1cd\" data-element_type=\"widget\" data-widget_type=\"wp-widget-advads_ad_widget.default\">\n\t\t\t\t<div class=\"elementor-widget-container\">\n\t\t\t<div id=\"regio-268191304\"><div class=\"regio-adlabel\">Werbung<\/div><center><a href=\"https:\/\/a.partner-versicherung.de\/click.php?partner_id=19992&ad_id=1578&deep=kreditkarten\"  target=\"_blank\"><img decoding=\"async\" src=\"https:\/\/a.partner-versicherung.de\/view.php?partner_id=19992&ad_id=1578\" ><\/a><\/center><\/div>\t\t<\/div>\n\t\t\t\t<\/div>\n\t\t\t\t<div class=\"elementor-element elementor-element-443ab98 elementor-widget elementor-widget-text-editor\" data-id=\"443ab98\" data-element_type=\"widget\" data-widget_type=\"text-editor.default\">\n\t\t\t\t<div class=\"elementor-widget-container\">\n\t\t\t\t\t\t\t<h3>Pr\u00e4senz-Sprechstunde am Montag, den 19. Oktober 2020<\/h3><p><span style=\"font-size: 12pt;\">Schwabach &#8211; Am Montag, den 19. Oktober 2020, bietet die Stadt Schwabach seinen B\u00fcrgerInnen von 16.30 Uhr bis 18.00 Uhr wieder die M\u00f6glichkeit zur Teilnahme an einer B\u00fcrgersprechstunde mit dem Schwabacher Oberb\u00fcrgermeister.<\/span><\/p><p><span style=\"font-size: 12pt;\">Alle Schwabacher B\u00fcrgerInnen haben w\u00e4hrend dieser Zeit die M\u00f6gllichkeit, ihre Ideen und W\u00fcnsche, aber auch Kritik und Beschwerden pers\u00f6nlich mit dem Oberb\u00fcrgermeister Peter Rei\u00df von der SPD (auch B\u00fcrgermeisterin Petra Novotny steht f\u00fcr Gespr\u00e4che bereit) zu besprechen.\u00a0<\/span><\/p><p><span style=\"font-size: 12pt;\">Da f\u00fcr diese Sprechstunde keine Einzeltermine vergeben werden, kann es auch zu kurzen Wartezeiten kommen. Um m\u00f6glichst vielen B\u00fcrgern \/ B\u00fcrgerinnen die M\u00f6glichkeit eines Gespr\u00e4chs mit dem Oberb\u00fcrgermeister zu geben, wird darum gebeten, gut vorbereitet zu kommen, um eine jeweilige Gespr\u00e4chszeit von ca. 10 Minuten nicht zu \u00fcberschreiten.\u00a0<\/span><\/p>\t\t\t\t\t\t<\/div>\n\t\t\t\t<\/div>\n\t\t\t\t<div class=\"elementor-element elementor-element-7cc9469 elementor-widget elementor-widget-shortcode\" data-id=\"7cc9469\" data-element_type=\"widget\" data-widget_type=\"shortcode.default\">\n\t\t\t\t<div class=\"elementor-widget-container\">\n\t\t\t\t\t<div class=\"elementor-shortcode\"><center><a href=\"https:\/\/a.partner-versicherung.de\/click.php?partner_id=19992&ad_id=441&deep=kfz-versicherung\"  target=\"_blank\"><img decoding=\"async\" src=\"https:\/\/a.partner-versicherung.de\/view.php?partner_id=19992&ad_id=441\" ><\/a><\/center><\/div>\n\t\t\t\t<\/div>\n\t\t\t\t<\/div>\n\t\t\t\t<div class=\"elementor-element elementor-element-0c834d7 elementor-widget-divider--view-line elementor-widget elementor-widget-divider\" data-id=\"0c834d7\" data-element_type=\"widget\" data-widget_type=\"divider.default\">\n\t\t\t\t<div class=\"elementor-widget-container\">\n\t\t\t\t\t<div class=\"elementor-divider\">\n\t\t\t<span class=\"elementor-divider-separator\">\n\t\t\t\t\t\t<\/span>\n\t\t<\/div>\n\t\t\t\t<\/div>\n\t\t\t\t<\/div>\n\t\t\t\t<div class=\"elementor-element elementor-element-325f51f elementor-widget elementor-widget-google_maps\" data-id=\"325f51f\" data-element_type=\"widget\" data-widget_type=\"google_maps.default\">\n\t\t\t\t<div class=\"elementor-widget-container\">\n\t\t\t\t\t<div class=\"elementor-custom-embed\">\n\t\t\t<iframe loading=\"lazy\"\n\t\t\t\t\tsrc=\"https:\/\/maps.google.com\/maps?q=K%C3%B6nigsplatz%201%2C%20Schwabach%2C%20Deutschland&#038;t=m&#038;z=17&#038;output=embed&#038;iwloc=near\"\n\t\t\t\t\ttitle=\"K\u00f6nigsplatz 1, Schwabach, Deutschland\"\n\t\t\t\t\taria-label=\"K\u00f6nigsplatz 1, Schwabach, Deutschland\"\n\t\t\t><\/iframe>\n\t\t<\/div>\n\t\t\t\t<\/div>\n\t\t\t\t<\/div>\n\t\t\t\t\t<\/div>\n\t\t<\/div>\n\t\t\t\t<div class=\"elementor-column elementor-col-50 elementor-top-column elementor-element elementor-element-f141625\" data-id=\"f141625\" data-element_type=\"column\">\n\t\t\t<div class=\"elementor-widget-wrap elementor-element-populated\">\n\t\t\t\t\t\t<div class=\"elementor-element elementor-element-aa635e8 elementor-widget elementor-widget-heading\" data-id=\"aa635e8\" data-element_type=\"widget\" data-widget_type=\"heading.default\">\n\t\t\t\t<div class=\"elementor-widget-container\">\n\t\t\t<h3 class=\"elementor-heading-title elementor-size-default\">Schnell vergleichen und sparen!<\/h3>\t\t<\/div>\n\t\t\t\t<\/div>\n\t\t\t\t<div class=\"elementor-element elementor-element-380778c elementor-widget elementor-widget-wp-widget-advads_ad_widget\" data-id=\"380778c\" data-element_type=\"widget\" data-widget_type=\"wp-widget-advads_ad_widget.default\">\n\t\t\t\t<div class=\"elementor-widget-container\">\n\t\t\t<div id=\"regio-624137442\"><div class=\"regio-adlabel\">Werbung<\/div><!-- Beginn https:\/\/www.financeads.net\/-Code --><a href=\"https:\/\/www.financeads.net\/tc.php?t=36648C236142529B\" target=\"_blank\"><img fetchpriority=\"high\" decoding=\"async\" src=\"https:\/\/www.financeads.net\/tb.php?t=36648V236142529B&https=1\" alt=\"\" border=\"0\" width=\"300\" height=\"250\"><\/a><!-- Ende https:\/\/www.financeads.net\/-Code --><\/div>\t\t<\/div>\n\t\t\t\t<\/div>\n\t\t\t\t<div class=\"elementor-element elementor-element-bd26aa5 elementor-widget elementor-widget-wp-widget-advads_ad_widget\" data-id=\"bd26aa5\" data-element_type=\"widget\" data-widget_type=\"wp-widget-advads_ad_widget.default\">\n\t\t\t\t<div class=\"elementor-widget-container\">\n\t\t\t<div id=\"regio-1111816977\"><div class=\"regio-adlabel\">Werbung<\/div><!-- Beginn https:\/\/www.financeads.net\/-Code --><a href=\"https:\/\/www.financeads.net\/tc.php?t=36648C42614510B\" target=\"_blank\"><img decoding=\"async\" src=\"https:\/\/www.financeads.net\/tb.php?t=36648V42614510B&https=1\" alt=\"\" border=\"0\" width=\"200\" height=\"300\"><\/a><!-- Ende https:\/\/www.financeads.net\/-Code --><\/div>\t\t<\/div>\n\t\t\t\t<\/div>\n\t\t\t\t<div class=\"elementor-element elementor-element-abfc6b5 elementor-widget elementor-widget-wp-widget-advads_ad_widget\" data-id=\"abfc6b5\" data-element_type=\"widget\" data-widget_type=\"wp-widget-advads_ad_widget.default\">\n\t\t\t\t<div class=\"elementor-widget-container\">\n\t\t\t<div id=\"regio-3878914992\"><div class=\"regio-adlabel\">Werbung<\/div><!-- Beginn https:\/\/www.financeads.net\/-Code --><a href=\"https:\/\/www.financeads.net\/tc.php?t=36648C205040072B\" target=\"_blank\"><img decoding=\"async\" src=\"https:\/\/www.financeads.net\/tb.php?t=36648V205040072B&https=1\" alt=\"\" border=\"0\" width=\"300\" height=\"250\"><\/a><!-- Ende https:\/\/www.financeads.net\/-Code --><\/div>\t\t<\/div>\n\t\t\t\t<\/div>\n\t\t\t\t<div class=\"elementor-element elementor-element-9b68655 elementor-widget elementor-widget-wp-widget-advads_ad_widget\" data-id=\"9b68655\" data-element_type=\"widget\" data-widget_type=\"wp-widget-advads_ad_widget.default\">\n\t\t\t\t<div class=\"elementor-widget-container\">\n\t\t\t<div id=\"regio-1684718114\"><div class=\"regio-adlabel\">Werbung<\/div><!-- Beginn https:\/\/www.financeads.net\/-Code --><a href=\"https:\/\/www.financeads.net\/tc.php?t=36648C271460142B\" target=\"_blank\"><img loading=\"lazy\" decoding=\"async\" src=\"https:\/\/www.financeads.net\/tb.php?t=36648V271460142B&https=1\" alt=\"PETPROTECT_Hund&Katze_Banner\" border=\"0\" width=\"250\" height=\"250\"><\/a><!-- Ende https:\/\/www.financeads.net\/-Code --><\/div>\t\t<\/div>\n\t\t\t\t<\/div>\n\t\t\t\t\t<\/div>\n\t\t<\/div>\n\t\t\t\t\t<\/div>\n\t\t<\/section>\n\t\t\t\t<\/div>\n\t\t","protected":false},"excerpt":{"rendered":"<div class=\"mh-excerpt\"><p>Pr\u00e4senz-Sprechstunde am Montag, den 19. Oktober 2020 Schwabach &#8211; Am Montag, den 19. Oktober 2020, bietet die Stadt Schwabach seinen B\u00fcrgerInnen von 16.30 Uhr bis 18.00 Uhr wieder die M\u00f6glichkeit zur Teilnahme an einer B\u00fcrgersprechstunde <a class=\"mh-excerpt-more\" href=\"https:\/\/www.region-schwabach.de\/wordpress\/prasenz-sprechstunde-des-oberburgermeisters-peter-reiss-am-19-oktober-2020\/\" title=\"Pr\u00e4senz-Sprechstunde des Oberb\u00fcrgermeisters Peter Rei\u00df am 19. Oktober 2020\">[&#8230;]<\/a><\/p>\n<\/div>","protected":false},"author":1,"featured_media":116266,"comment_status":"open","ping_status":"open","sticky":false,"template":"","format":"standard","meta":{"_cbd_carousel_blocks":"[]","footnotes":""},"categories":[16,61],"tags":[13968,13299,13296,522,13298,5269,12385,13969,1480,19,6968,3012,3151,13294,13297],"class_list":{"0":"post-120744","1":"post","2":"type-post","3":"status-publish","4":"format-standard","5":"has-post-thumbnail","7":"category-aktuell","8":"category-rathaus","9":"tag-19-10-2020","10":"tag-beschwerden","11":"tag-ideen","12":"tag-koenigsplatz","13":"tag-kritik","14":"tag-oberbuergermeister","15":"tag-peter-reiss","16":"tag-praesenz-sprechstunde","17":"tag-rathaus","18":"tag-schwabach","19":"tag-spd","20":"tag-stadt","21":"tag-stadt-schwabach","22":"tag-telefon-sprechstunde","23":"tag-wuensche"},"_links":{"self":[{"href":"https:\/\/www.region-schwabach.de\/wordpress\/wp-json\/wp\/v2\/posts\/120744","targetHints":{"allow":["GET"]}}],"collection":[{"href":"https:\/\/www.region-schwabach.de\/wordpress\/wp-json\/wp\/v2\/posts"}],"about":[{"href":"https:\/\/www.region-schwabach.de\/wordpress\/wp-json\/wp\/v2\/types\/post"}],"author":[{"embeddable":true,"href":"https:\/\/www.region-schwabach.de\/wordpress\/wp-json\/wp\/v2\/users\/1"}],"replies":[{"embeddable":true,"href":"https:\/\/www.region-schwabach.de\/wordpress\/wp-json\/wp\/v2\/comments?post=120744"}],"version-history":[{"count":0,"href":"https:\/\/www.region-schwabach.de\/wordpress\/wp-json\/wp\/v2\/posts\/120744\/revisions"}],"wp:featuredmedia":[{"embeddable":true,"href":"https:\/\/www.region-schwabach.de\/wordpress\/wp-json\/wp\/v2\/media\/116266"}],"wp:attachment":[{"href":"https:\/\/www.region-schwabach.de\/wordpress\/wp-json\/wp\/v2\/media?parent=120744"}],"wp:term":[{"taxonomy":"category","embeddable":true,"href":"https:\/\/www.region-schwabach.de\/wordpress\/wp-json\/wp\/v2\/categories?post=120744"},{"taxonomy":"post_tag","embeddable":true,"href":"https:\/\/www.region-schwabach.de\/wordpress\/wp-json\/wp\/v2\/tags?post=120744"}],"curies":[{"name":"wp","href":"https:\/\/api.w.org\/{rel}","templated":true}]}}