{"id":120955,"date":"2020-10-22T10:09:04","date_gmt":"2020-10-22T08:09:04","guid":{"rendered":"https:\/\/www.region-schwabach.de\/wordpress\/?p=120955"},"modified":"2020-10-22T10:10:27","modified_gmt":"2020-10-22T08:10:27","slug":"fahrradkontrollen-am-weissenburger-schulzentrum","status":"publish","type":"post","link":"https:\/\/www.region-schwabach.de\/wordpress\/fahrradkontrollen-am-weissenburger-schulzentrum\/","title":{"rendered":"Fahrradkontrollen am Wei\u00dfenburger Schulzentrum"},"content":{"rendered":"\t\t<div data-elementor-type=\"wp-post\" data-elementor-id=\"120955\" class=\"elementor elementor-120955\">\n\t\t\t\t\t\t<section class=\"elementor-section elementor-top-section elementor-element elementor-element-1cuv9jr elementor-section-boxed elementor-section-height-default elementor-section-height-default\" data-id=\"1cuv9jr\" data-element_type=\"section\">\n\t\t\t\t\t\t<div class=\"elementor-container elementor-column-gap-default\">\n\t\t\t\t\t<div class=\"elementor-column elementor-col-50 elementor-top-column elementor-element elementor-element-q5zak7b\" data-id=\"q5zak7b\" data-element_type=\"column\">\n\t\t\t<div class=\"elementor-widget-wrap elementor-element-populated\">\n\t\t\t\t\t\t<div class=\"elementor-element elementor-element-dcef279 elementor-widget elementor-widget-wp-widget-advads_ad_widget\" data-id=\"dcef279\" data-element_type=\"widget\" data-widget_type=\"wp-widget-advads_ad_widget.default\">\n\t\t\t\t<div class=\"elementor-widget-container\">\n\t\t\t<div id=\"regio-2525279511\"><div class=\"regio-adlabel\">Werbung<\/div><center><a href=\"https:\/\/a.partner-versicherung.de\/click.php?partner_id=19992&ad_id=1578&deep=kreditkarten\"  target=\"_blank\"><img decoding=\"async\" src=\"https:\/\/a.partner-versicherung.de\/view.php?partner_id=19992&ad_id=1578\" ><\/a><\/center><\/div>\t\t<\/div>\n\t\t\t\t<\/div>\n\t\t\t\t<div class=\"elementor-element elementor-element-a4daeae elementor-widget elementor-widget-text-editor\" data-id=\"a4daeae\" data-element_type=\"widget\" data-widget_type=\"text-editor.default\">\n\t\t\t\t<div class=\"elementor-widget-container\">\n\t\t\t\t\t\t\t<h3>Kontrollaktion am Schulzentrum<\/h3><p><span style=\"font-size: 12pt;\">Am 21.10.2020 wurden die radfahrenden Sch\u00fcler im Schulzentrum von Wei\u00dfenburg von der Polizei \u00fcberrascht. Der Grund war eine nicht angek\u00fcndigte Fahrradkontrolle. Insgesamt f\u00fchrten vier Beamte der Polizeiinspektion Wei\u00dfenburg in Zusammenarbeit mit Lehrern der Mittelschule, Realschule und des Gymnasiums die Kontrollen durch.<\/span><\/p><p><span style=\"font-size: 12pt;\">Es dauerte nicht lange, bis die ersten \u201eVerkehrss\u00fcnder\u201c ins Netz gingen. Bei einer erheblichen Anzahl der kontrollierten R\u00e4der mussten M\u00e4ngel festgestellt werden. Circa ein Drittel der jungen Radler war mit mangelhafter Beleuchtungseinrichtung oder sogar ohne Beleuchtung unterwegs. Leichtsinniger Weise hatten auch einige Fahrer ihr intaktes Licht, trotz Dunkelheit einfach nicht eingeschaltet. Auffallend viele Fahrr\u00e4der wiesen Ausstattungsm\u00e4ngel auf. Mal fehlte die Klingel, mal waren es zerbrochene oder fehlende Reflektoren. Funktionsunf\u00e4hige Bremsen gab es erfreulicher Weise nur wenige.<\/span><\/p><p><span style=\"font-size: 12pt;\">Die Kontrolle erfolgte, weil wiederholt festgestellt werden musste, dass zunehmend mehr Radfahrer ohne ausreichende Beleuchtung unterwegs waren. Trotz vieler Kontrollen und Beanstandungen in der vergangenen Zeit ist noch nicht der erw\u00fcnschte Erfolg eingetreten.<\/span><\/p><p><span style=\"font-size: 12pt;\">Bei der Kontrolle handelte es sich um eine pr\u00e4ventive Ma\u00dfnahme im Rahmen der Verkehrserziehung. Es wurden keine Sanktionen in Form von Verwarnungen erhoben. Stattdessen erhalten die Eltern einen Brief von der Schule, in dem sie auf die festgestellten M\u00e4ngel hingewiesen und zu deren Beseitigung aufgefordert werden.<\/span><\/p><p><span style=\"font-size: 12pt;\">Neben den Ausr\u00fcstungsvorschriften f\u00fcr Fahrr\u00e4der tr\u00e4gt die Kleidung der Radfahrer erheblich zur Sicherheit im Stra\u00dfenverkehr bei.<\/span><br \/><span style=\"font-size: 12pt;\">So sollten Fahrradfahrer helle und\/oder reflektierende Kleidung tragen. Auffallend viele Sch\u00fcler waren ohne Helm unterwegs. Eltern sollten wieder mehr darauf achten, dass ihre Kinder beim Radfahren einen Helm tragen und im besten Fall selbst als Vorbild vorangehen.<\/span><\/p><p><span style=\"font-size: 12pt;\">Die Polizei appelliert an alle Radfahrer, Eltern und Sch\u00fcler, zuk\u00fcnftig die Ausr\u00fcstungsvorschriften f\u00fcr Fahrr\u00e4der wieder besser zu beachten<\/span><br \/><span style=\"font-size: 12pt;\">Zur Vermeidung von Unf\u00e4llen ist es unerl\u00e4sslich bei D\u00e4mmerung oder Dunkelheit eine funktionsf\u00e4hige Beleuchtung am Fahrrad zu haben und diese auch einzuschalten.<\/span><br \/><span style=\"font-size: 12pt;\">Nur so k\u00f6nnen m\u00f6gliche Gefahren einged\u00e4mmt werden. Helle und\/oder reflektierende Kleidung kann vor einem Verkehrsunfall sch\u00fctzen und sollte es zu einem Sturz kommen, kann der Helm vor schweren Kopfverletzungen sch\u00fctzen.<\/span><\/p>\t\t\t\t\t\t<\/div>\n\t\t\t\t<\/div>\n\t\t\t\t<div class=\"elementor-element elementor-element-6c3f9de elementor-widget elementor-widget-shortcode\" data-id=\"6c3f9de\" data-element_type=\"widget\" data-widget_type=\"shortcode.default\">\n\t\t\t\t<div class=\"elementor-widget-container\">\n\t\t\t\t\t<div class=\"elementor-shortcode\"><center><a href=\"https:\/\/a.partner-versicherung.de\/click.php?partner_id=19992&ad_id=441&deep=kfz-versicherung\"  target=\"_blank\"><img decoding=\"async\" src=\"https:\/\/a.partner-versicherung.de\/view.php?partner_id=19992&ad_id=441\" ><\/a><\/center><\/div>\n\t\t\t\t<\/div>\n\t\t\t\t<\/div>\n\t\t\t\t<div class=\"elementor-element elementor-element-ace1283 elementor-widget-divider--view-line elementor-widget elementor-widget-divider\" data-id=\"ace1283\" data-element_type=\"widget\" data-widget_type=\"divider.default\">\n\t\t\t\t<div class=\"elementor-widget-container\">\n\t\t\t\t\t<div class=\"elementor-divider\">\n\t\t\t<span class=\"elementor-divider-separator\">\n\t\t\t\t\t\t<\/span>\n\t\t<\/div>\n\t\t\t\t<\/div>\n\t\t\t\t<\/div>\n\t\t\t\t<div class=\"elementor-element elementor-element-ac34ac3 elementor-widget elementor-widget-google_maps\" data-id=\"ac34ac3\" data-element_type=\"widget\" data-widget_type=\"google_maps.default\">\n\t\t\t\t<div class=\"elementor-widget-container\">\n\t\t\t\t\t<div class=\"elementor-custom-embed\">\n\t\t\t<iframe loading=\"lazy\"\n\t\t\t\t\tsrc=\"https:\/\/maps.google.com\/maps?q=An%20der%20Hagenau%2C%20Wei%C3%9Fenburg%2C%20Deutschland&#038;t=m&#038;z=16&#038;output=embed&#038;iwloc=near\"\n\t\t\t\t\ttitle=\"An der Hagenau, Wei\u00dfenburg, Deutschland\"\n\t\t\t\t\taria-label=\"An der Hagenau, Wei\u00dfenburg, Deutschland\"\n\t\t\t><\/iframe>\n\t\t<\/div>\n\t\t\t\t<\/div>\n\t\t\t\t<\/div>\n\t\t\t\t\t<\/div>\n\t\t<\/div>\n\t\t\t\t<div class=\"elementor-column elementor-col-50 elementor-top-column elementor-element elementor-element-4ce46fb\" data-id=\"4ce46fb\" data-element_type=\"column\">\n\t\t\t<div class=\"elementor-widget-wrap elementor-element-populated\">\n\t\t\t\t\t\t<div class=\"elementor-element elementor-element-38f4e35 elementor-widget elementor-widget-heading\" data-id=\"38f4e35\" data-element_type=\"widget\" data-widget_type=\"heading.default\">\n\t\t\t\t<div class=\"elementor-widget-container\">\n\t\t\t<h3 class=\"elementor-heading-title elementor-size-default\">Schnell vergleichen und sparen!<\/h3>\t\t<\/div>\n\t\t\t\t<\/div>\n\t\t\t\t<div class=\"elementor-element elementor-element-92c49bc elementor-widget elementor-widget-wp-widget-advads_ad_widget\" data-id=\"92c49bc\" data-element_type=\"widget\" data-widget_type=\"wp-widget-advads_ad_widget.default\">\n\t\t\t\t<div class=\"elementor-widget-container\">\n\t\t\t<div id=\"regio-683462737\"><div class=\"regio-adlabel\">Werbung<\/div><!-- Beginn https:\/\/www.financeads.net\/-Code --><a href=\"https:\/\/www.financeads.net\/tc.php?t=36648C236142529B\" target=\"_blank\"><img fetchpriority=\"high\" decoding=\"async\" src=\"https:\/\/www.financeads.net\/tb.php?t=36648V236142529B&https=1\" alt=\"\" border=\"0\" width=\"300\" height=\"250\"><\/a><!-- Ende https:\/\/www.financeads.net\/-Code --><\/div>\t\t<\/div>\n\t\t\t\t<\/div>\n\t\t\t\t<div class=\"elementor-element elementor-element-cb0c78c elementor-widget elementor-widget-wp-widget-advads_ad_widget\" data-id=\"cb0c78c\" data-element_type=\"widget\" data-widget_type=\"wp-widget-advads_ad_widget.default\">\n\t\t\t\t<div class=\"elementor-widget-container\">\n\t\t\t<div id=\"regio-1013614742\"><div class=\"regio-adlabel\">Werbung<\/div><!-- Beginn https:\/\/www.financeads.net\/-Code --><a href=\"https:\/\/www.financeads.net\/tc.php?t=36648C42614510B\" target=\"_blank\"><img decoding=\"async\" src=\"https:\/\/www.financeads.net\/tb.php?t=36648V42614510B&https=1\" alt=\"\" border=\"0\" width=\"200\" height=\"300\"><\/a><!-- Ende https:\/\/www.financeads.net\/-Code --><\/div>\t\t<\/div>\n\t\t\t\t<\/div>\n\t\t\t\t<div class=\"elementor-element elementor-element-31c9ced elementor-widget elementor-widget-wp-widget-advads_ad_widget\" data-id=\"31c9ced\" data-element_type=\"widget\" data-widget_type=\"wp-widget-advads_ad_widget.default\">\n\t\t\t\t<div class=\"elementor-widget-container\">\n\t\t\t<div id=\"regio-1866958260\"><div class=\"regio-adlabel\">Werbung<\/div><!-- Beginn https:\/\/www.financeads.net\/-Code --><a href=\"https:\/\/www.financeads.net\/tc.php?t=36648C205040072B\" target=\"_blank\"><img decoding=\"async\" src=\"https:\/\/www.financeads.net\/tb.php?t=36648V205040072B&https=1\" alt=\"\" border=\"0\" width=\"300\" height=\"250\"><\/a><!-- Ende https:\/\/www.financeads.net\/-Code --><\/div>\t\t<\/div>\n\t\t\t\t<\/div>\n\t\t\t\t<div class=\"elementor-element elementor-element-0344b9f elementor-widget elementor-widget-wp-widget-advads_ad_widget\" data-id=\"0344b9f\" data-element_type=\"widget\" data-widget_type=\"wp-widget-advads_ad_widget.default\">\n\t\t\t\t<div class=\"elementor-widget-container\">\n\t\t\t<div id=\"regio-1545629789\"><div class=\"regio-adlabel\">Werbung<\/div><!-- Beginn https:\/\/www.financeads.net\/-Code --><a href=\"https:\/\/www.financeads.net\/tc.php?t=36648C271460142B\" target=\"_blank\"><img loading=\"lazy\" decoding=\"async\" src=\"https:\/\/www.financeads.net\/tb.php?t=36648V271460142B&https=1\" alt=\"PETPROTECT_Hund&Katze_Banner\" border=\"0\" width=\"250\" height=\"250\"><\/a><!-- Ende https:\/\/www.financeads.net\/-Code --><\/div>\t\t<\/div>\n\t\t\t\t<\/div>\n\t\t\t\t\t<\/div>\n\t\t<\/div>\n\t\t\t\t\t<\/div>\n\t\t<\/section>\n\t\t\t\t<\/div>\n\t\t","protected":false},"excerpt":{"rendered":"<div class=\"mh-excerpt\"><p>Kontrollaktion am Schulzentrum Am 21.10.2020 wurden die radfahrenden Sch\u00fcler im Schulzentrum von Wei\u00dfenburg von der Polizei \u00fcberrascht. Der Grund war eine nicht angek\u00fcndigte Fahrradkontrolle. Insgesamt f\u00fchrten vier Beamte der Polizeiinspektion Wei\u00dfenburg in Zusammenarbeit mit Lehrern <a class=\"mh-excerpt-more\" href=\"https:\/\/www.region-schwabach.de\/wordpress\/fahrradkontrollen-am-weissenburger-schulzentrum\/\" title=\"Fahrradkontrollen am Wei\u00dfenburger Schulzentrum\">[&#8230;]<\/a><\/p>\n<\/div>","protected":false},"author":1,"featured_media":120956,"comment_status":"open","ping_status":"open","sticky":false,"template":"","format":"standard","meta":{"_cbd_carousel_blocks":"[]","footnotes":""},"categories":[15],"tags":[13984,1123,14003,3908,638,11068,14000,724,5022,2292,9872,6269,14001,981,14002,6270,4538,2407,249],"class_list":{"0":"post-120955","1":"post","2":"type-post","3":"status-publish","4":"format-standard","5":"has-post-thumbnail","7":"category-polizeimeldungen","8":"tag-21-10-2020","9":"tag-an-der-hagenau","10":"tag-ausstattungsmaengel","11":"tag-beanstandungen","12":"tag-beleuchtung","13":"tag-bremsen","14":"tag-fahrradkontrolle","15":"tag-gymnasium","16":"tag-klingel","17":"tag-kontrolle","18":"tag-lehrer","19":"tag-maengel","20":"tag-mittelschueler","21":"tag-polizei","22":"tag-realschueler","23":"tag-reflektoren","24":"tag-schueler","25":"tag-schulzentrum","26":"tag-weissenburg"},"_links":{"self":[{"href":"https:\/\/www.region-schwabach.de\/wordpress\/wp-json\/wp\/v2\/posts\/120955","targetHints":{"allow":["GET"]}}],"collection":[{"href":"https:\/\/www.region-schwabach.de\/wordpress\/wp-json\/wp\/v2\/posts"}],"about":[{"href":"https:\/\/www.region-schwabach.de\/wordpress\/wp-json\/wp\/v2\/types\/post"}],"author":[{"embeddable":true,"href":"https:\/\/www.region-schwabach.de\/wordpress\/wp-json\/wp\/v2\/users\/1"}],"replies":[{"embeddable":true,"href":"https:\/\/www.region-schwabach.de\/wordpress\/wp-json\/wp\/v2\/comments?post=120955"}],"version-history":[{"count":0,"href":"https:\/\/www.region-schwabach.de\/wordpress\/wp-json\/wp\/v2\/posts\/120955\/revisions"}],"wp:featuredmedia":[{"embeddable":true,"href":"https:\/\/www.region-schwabach.de\/wordpress\/wp-json\/wp\/v2\/media\/120956"}],"wp:attachment":[{"href":"https:\/\/www.region-schwabach.de\/wordpress\/wp-json\/wp\/v2\/media?parent=120955"}],"wp:term":[{"taxonomy":"category","embeddable":true,"href":"https:\/\/www.region-schwabach.de\/wordpress\/wp-json\/wp\/v2\/categories?post=120955"},{"taxonomy":"post_tag","embeddable":true,"href":"https:\/\/www.region-schwabach.de\/wordpress\/wp-json\/wp\/v2\/tags?post=120955"}],"curies":[{"name":"wp","href":"https:\/\/api.w.org\/{rel}","templated":true}]}}