{"id":122101,"date":"2020-11-09T00:30:48","date_gmt":"2020-11-08T23:30:48","guid":{"rendered":"https:\/\/www.region-schwabach.de\/wordpress\/?p=122101"},"modified":"2020-11-09T11:13:33","modified_gmt":"2020-11-09T10:13:33","slug":"schwerer-raub-in-schwabach-ein-tatverdachtiger-festgenommen-2","status":"publish","type":"post","link":"https:\/\/www.region-schwabach.de\/wordpress\/schwerer-raub-in-schwabach-ein-tatverdachtiger-festgenommen-2\/","title":{"rendered":"Schwerer Raub in Schwabach &#8211; Ein Tatverd\u00e4chtiger festgenommen"},"content":{"rendered":"\t\t<div data-elementor-type=\"wp-post\" data-elementor-id=\"122101\" class=\"elementor elementor-122101\">\n\t\t\t\t\t\t<section class=\"elementor-section elementor-top-section elementor-element elementor-element-1cuv9jr elementor-section-boxed elementor-section-height-default elementor-section-height-default\" data-id=\"1cuv9jr\" data-element_type=\"section\">\n\t\t\t\t\t\t<div class=\"elementor-container elementor-column-gap-default\">\n\t\t\t\t\t<div class=\"elementor-column elementor-col-50 elementor-top-column elementor-element elementor-element-q5zak7b\" data-id=\"q5zak7b\" data-element_type=\"column\">\n\t\t\t<div class=\"elementor-widget-wrap elementor-element-populated\">\n\t\t\t\t\t\t<div class=\"elementor-element elementor-element-dcef279 elementor-widget elementor-widget-wp-widget-advads_ad_widget\" data-id=\"dcef279\" data-element_type=\"widget\" data-widget_type=\"wp-widget-advads_ad_widget.default\">\n\t\t\t\t<div class=\"elementor-widget-container\">\n\t\t\t<div id=\"regio-1655596816\"><div class=\"regio-adlabel\">Werbung<\/div><center><a href=\"https:\/\/a.partner-versicherung.de\/click.php?partner_id=19992&ad_id=1578&deep=kreditkarten\"  target=\"_blank\"><img decoding=\"async\" src=\"https:\/\/a.partner-versicherung.de\/view.php?partner_id=19992&ad_id=1578\" ><\/a><\/center><\/div>\t\t<\/div>\n\t\t\t\t<\/div>\n\t\t\t\t<div class=\"elementor-element elementor-element-a4daeae elementor-widget elementor-widget-text-editor\" data-id=\"a4daeae\" data-element_type=\"widget\" data-widget_type=\"text-editor.default\">\n\t\t\t\t<div class=\"elementor-widget-container\">\n\t\t\t\t\t\t\t<h3>\u00dcberfall auf zwei junge M\u00e4nner am Stadtpark<\/h3><p><span style=\"font-size: 12pt;\">Schwabach (ots) &#8211; Am sp\u00e4ten Freitagabend (06.11.2020) wurden zwei M\u00e4nner in der N\u00e4he des Schwabacher Stadtparks Opfer eines Raubes. Die Polizei nahm kurz darauf einen 18-j\u00e4hrigen Tatverd\u00e4chtigen fest. Die Kriminalpolizei sucht nach Zeugen.<\/span><\/p><p><span style=\"font-size: 12pt;\">Die 19- bzw. 20-j\u00e4hrigen M\u00e4nner waren gegen 22:00 Uhr auf der Hindenburgstra\u00dfe im Bereich des Stadtparks unterwegs, als eine m\u00e4nnliche Person mit einem Fahrrad anhielt und unter Vorhalt einer Schusswaffe die Herausgabe von Wertgegenst\u00e4nden forderte. Im Anschluss fl\u00fcchtete der Mann in stadteinw\u00e4rtige Richtung.<\/span><\/p><p><span style=\"font-size: 12pt;\">Die jungen M\u00e4nner begaben sich umgehend zur Wache der Polizeiinspektion Schwabach. Hier gaben sie eine genaue Personenbeschreibung des T\u00e4ters ab. Mehrere Einsatzkr\u00e4fte fahndeten daraufhin nach dem T\u00e4ter. Einer Streife fiel schlie\u00dflich gegen 22:30 Uhr ein 18-j\u00e4hriger Mann in der Glockengie\u00dfergasse auf, der auf die Beschreibung zutraf. Die Beamten nahmen den erheblich alkoholisierten Mann fest.<\/span><\/p><p><span style=\"font-size: 12pt;\">Das Fachkommissariat der Schwabacher Kriminalpolizei hat die Ermittlungen in dem Fall aufgenommen. Die Beamten leiteten gegen den 18-J\u00e4hrigen ein Ermittlungsverfahren wegen des Verdachts des schweren Raubes ein. Die Staatsanwaltschaft stellte Haftantrag. Ein Ermittlungsrichter erlie\u00df zwischenzeitlich Haftbefehl gegen den Mann.<\/span><\/p><p><span style=\"font-size: 12pt;\">Zur Aufkl\u00e4rung der Hintergr\u00fcnde der Tat suchen die Ermittler nach Zeugen. Der T\u00e4ter trug laut Beschreibung der Zeugen zur Tatzeit einen dunklen Pullover, eine dunkle Kapuzenjacke mit kreisf\u00f6rmiger Aufschrift &#8222;Yung Hurn&#8220; sowie eine schwarze Hose mit seitlichen blauen Streifen. Unterwegs war er mit einem \u00e4lteren Fahrrad. Zeugen, die den Vorfall beobachtet haben oder den beschriebenen T\u00e4ter auf der Flucht gesehen haben, werden gebeten sich an das Hinweistelefon des Kriminaldauerdienstes Mittelfranken unter der Telefonnummer 0911 2112 &#8211; 3333 zu wenden.<\/span><\/p><p><strong><span style=\"font-size: 12pt;\">Marc Siegl<\/span><\/strong><\/p><p><span style=\"font-size: 12pt;\">Original-Content von: Polizeipr\u00e4sidium Mittelfranken<\/span><\/p>\t\t\t\t\t\t<\/div>\n\t\t\t\t<\/div>\n\t\t\t\t<div class=\"elementor-element elementor-element-6c3f9de elementor-widget elementor-widget-shortcode\" data-id=\"6c3f9de\" data-element_type=\"widget\" data-widget_type=\"shortcode.default\">\n\t\t\t\t<div class=\"elementor-widget-container\">\n\t\t\t\t\t<div class=\"elementor-shortcode\"><center><a href=\"https:\/\/a.partner-versicherung.de\/click.php?partner_id=19992&ad_id=441&deep=kfz-versicherung\"  target=\"_blank\"><img decoding=\"async\" src=\"https:\/\/a.partner-versicherung.de\/view.php?partner_id=19992&ad_id=441\" ><\/a><\/center><\/div>\n\t\t\t\t<\/div>\n\t\t\t\t<\/div>\n\t\t\t\t<div class=\"elementor-element elementor-element-ace1283 elementor-widget-divider--view-line elementor-widget elementor-widget-divider\" data-id=\"ace1283\" data-element_type=\"widget\" data-widget_type=\"divider.default\">\n\t\t\t\t<div class=\"elementor-widget-container\">\n\t\t\t\t\t<div class=\"elementor-divider\">\n\t\t\t<span class=\"elementor-divider-separator\">\n\t\t\t\t\t\t<\/span>\n\t\t<\/div>\n\t\t\t\t<\/div>\n\t\t\t\t<\/div>\n\t\t\t\t<div class=\"elementor-element elementor-element-ac34ac3 elementor-widget elementor-widget-google_maps\" data-id=\"ac34ac3\" data-element_type=\"widget\" data-widget_type=\"google_maps.default\">\n\t\t\t\t<div class=\"elementor-widget-container\">\n\t\t\t\t\t<div class=\"elementor-custom-embed\">\n\t\t\t<iframe loading=\"lazy\"\n\t\t\t\t\tsrc=\"https:\/\/maps.google.com\/maps?q=Stadtpark%2C%20Schwabach%2C%20Deutschland&#038;t=m&#038;z=15&#038;output=embed&#038;iwloc=near\"\n\t\t\t\t\ttitle=\"Stadtpark, Schwabach, Deutschland\"\n\t\t\t\t\taria-label=\"Stadtpark, Schwabach, Deutschland\"\n\t\t\t><\/iframe>\n\t\t<\/div>\n\t\t\t\t<\/div>\n\t\t\t\t<\/div>\n\t\t\t\t\t<\/div>\n\t\t<\/div>\n\t\t\t\t<div class=\"elementor-column elementor-col-50 elementor-top-column elementor-element elementor-element-4ce46fb\" data-id=\"4ce46fb\" data-element_type=\"column\">\n\t\t\t<div class=\"elementor-widget-wrap elementor-element-populated\">\n\t\t\t\t\t\t<div class=\"elementor-element elementor-element-38f4e35 elementor-widget elementor-widget-heading\" data-id=\"38f4e35\" data-element_type=\"widget\" data-widget_type=\"heading.default\">\n\t\t\t\t<div class=\"elementor-widget-container\">\n\t\t\t<h3 class=\"elementor-heading-title elementor-size-default\">Schnell vergleichen und sparen!<\/h3>\t\t<\/div>\n\t\t\t\t<\/div>\n\t\t\t\t<div class=\"elementor-element elementor-element-92c49bc elementor-widget elementor-widget-wp-widget-advads_ad_widget\" data-id=\"92c49bc\" data-element_type=\"widget\" data-widget_type=\"wp-widget-advads_ad_widget.default\">\n\t\t\t\t<div class=\"elementor-widget-container\">\n\t\t\t<div id=\"regio-3804349087\"><div class=\"regio-adlabel\">Werbung<\/div><!-- Beginn https:\/\/www.financeads.net\/-Code --><a href=\"https:\/\/www.financeads.net\/tc.php?t=36648C236142529B\" target=\"_blank\"><img fetchpriority=\"high\" decoding=\"async\" src=\"https:\/\/www.financeads.net\/tb.php?t=36648V236142529B&https=1\" alt=\"\" border=\"0\" width=\"300\" height=\"250\"><\/a><!-- Ende https:\/\/www.financeads.net\/-Code --><\/div>\t\t<\/div>\n\t\t\t\t<\/div>\n\t\t\t\t<div class=\"elementor-element elementor-element-cb0c78c elementor-widget elementor-widget-wp-widget-advads_ad_widget\" data-id=\"cb0c78c\" data-element_type=\"widget\" data-widget_type=\"wp-widget-advads_ad_widget.default\">\n\t\t\t\t<div class=\"elementor-widget-container\">\n\t\t\t<div id=\"regio-3974052656\"><div class=\"regio-adlabel\">Werbung<\/div><!-- Beginn https:\/\/www.financeads.net\/-Code --><a href=\"https:\/\/www.financeads.net\/tc.php?t=36648C42614510B\" target=\"_blank\"><img decoding=\"async\" src=\"https:\/\/www.financeads.net\/tb.php?t=36648V42614510B&https=1\" alt=\"\" border=\"0\" width=\"200\" height=\"300\"><\/a><!-- Ende https:\/\/www.financeads.net\/-Code --><\/div>\t\t<\/div>\n\t\t\t\t<\/div>\n\t\t\t\t<div class=\"elementor-element elementor-element-31c9ced elementor-widget elementor-widget-wp-widget-advads_ad_widget\" data-id=\"31c9ced\" data-element_type=\"widget\" data-widget_type=\"wp-widget-advads_ad_widget.default\">\n\t\t\t\t<div class=\"elementor-widget-container\">\n\t\t\t<div id=\"regio-1513788743\"><div class=\"regio-adlabel\">Werbung<\/div><!-- Beginn https:\/\/www.financeads.net\/-Code --><a href=\"https:\/\/www.financeads.net\/tc.php?t=36648C205040072B\" target=\"_blank\"><img decoding=\"async\" src=\"https:\/\/www.financeads.net\/tb.php?t=36648V205040072B&https=1\" alt=\"\" border=\"0\" width=\"300\" height=\"250\"><\/a><!-- Ende https:\/\/www.financeads.net\/-Code --><\/div>\t\t<\/div>\n\t\t\t\t<\/div>\n\t\t\t\t<div class=\"elementor-element elementor-element-0344b9f elementor-widget elementor-widget-wp-widget-advads_ad_widget\" data-id=\"0344b9f\" data-element_type=\"widget\" data-widget_type=\"wp-widget-advads_ad_widget.default\">\n\t\t\t\t<div class=\"elementor-widget-container\">\n\t\t\t<div id=\"regio-3325348355\"><div class=\"regio-adlabel\">Werbung<\/div><!-- Beginn https:\/\/www.financeads.net\/-Code --><a href=\"https:\/\/www.financeads.net\/tc.php?t=36648C271460142B\" target=\"_blank\"><img loading=\"lazy\" decoding=\"async\" src=\"https:\/\/www.financeads.net\/tb.php?t=36648V271460142B&https=1\" alt=\"PETPROTECT_Hund&Katze_Banner\" border=\"0\" width=\"250\" height=\"250\"><\/a><!-- Ende https:\/\/www.financeads.net\/-Code --><\/div>\t\t<\/div>\n\t\t\t\t<\/div>\n\t\t\t\t\t<\/div>\n\t\t<\/div>\n\t\t\t\t\t<\/div>\n\t\t<\/section>\n\t\t\t\t<\/div>\n\t\t","protected":false},"excerpt":{"rendered":"<div class=\"mh-excerpt\"><p>\u00dcberfall auf zwei junge M\u00e4nner am Stadtpark Schwabach (ots) &#8211; Am sp\u00e4ten Freitagabend (06.11.2020) wurden zwei M\u00e4nner in der N\u00e4he des Schwabacher Stadtparks Opfer eines Raubes. Die Polizei nahm kurz darauf einen 18-j\u00e4hrigen Tatverd\u00e4chtigen fest. <a class=\"mh-excerpt-more\" href=\"https:\/\/www.region-schwabach.de\/wordpress\/schwerer-raub-in-schwabach-ein-tatverdachtiger-festgenommen-2\/\" title=\"Schwerer Raub in Schwabach &#8211; Ein Tatverd\u00e4chtiger festgenommen\">[&#8230;]<\/a><\/p>\n<\/div>","protected":false},"author":1,"featured_media":122096,"comment_status":"open","ping_status":"open","sticky":false,"template":"","format":"standard","meta":{"_cbd_carousel_blocks":"[]","footnotes":""},"categories":[16],"tags":[14130,470,1519,728,643,43,764,14142,469,12634,2677,388,981,340,8755,19,1086,2047,4903],"class_list":{"0":"post-122101","1":"post","2":"type-post","3":"status-publish","4":"format-standard","5":"has-post-thumbnail","7":"category-aktuell","8":"tag-06-11-2020","9":"tag-alkohol","10":"tag-ermittlungsverfahren","11":"tag-fahndung","12":"tag-fahrrad","13":"tag-festnahme","14":"tag-flucht","15":"tag-glockengiessergasse","16":"tag-haftbefehl","17":"tag-herausgabe","18":"tag-hindenburgstrasse","19":"tag-innenstadt","20":"tag-polizei","21":"tag-raub","22":"tag-schusswaffe-2","23":"tag-schwabach","24":"tag-stadtpark","25":"tag-wertgegenstaende","26":"tag-zeugen-gesucht"},"_links":{"self":[{"href":"https:\/\/www.region-schwabach.de\/wordpress\/wp-json\/wp\/v2\/posts\/122101","targetHints":{"allow":["GET"]}}],"collection":[{"href":"https:\/\/www.region-schwabach.de\/wordpress\/wp-json\/wp\/v2\/posts"}],"about":[{"href":"https:\/\/www.region-schwabach.de\/wordpress\/wp-json\/wp\/v2\/types\/post"}],"author":[{"embeddable":true,"href":"https:\/\/www.region-schwabach.de\/wordpress\/wp-json\/wp\/v2\/users\/1"}],"replies":[{"embeddable":true,"href":"https:\/\/www.region-schwabach.de\/wordpress\/wp-json\/wp\/v2\/comments?post=122101"}],"version-history":[{"count":0,"href":"https:\/\/www.region-schwabach.de\/wordpress\/wp-json\/wp\/v2\/posts\/122101\/revisions"}],"wp:featuredmedia":[{"embeddable":true,"href":"https:\/\/www.region-schwabach.de\/wordpress\/wp-json\/wp\/v2\/media\/122096"}],"wp:attachment":[{"href":"https:\/\/www.region-schwabach.de\/wordpress\/wp-json\/wp\/v2\/media?parent=122101"}],"wp:term":[{"taxonomy":"category","embeddable":true,"href":"https:\/\/www.region-schwabach.de\/wordpress\/wp-json\/wp\/v2\/categories?post=122101"},{"taxonomy":"post_tag","embeddable":true,"href":"https:\/\/www.region-schwabach.de\/wordpress\/wp-json\/wp\/v2\/tags?post=122101"}],"curies":[{"name":"wp","href":"https:\/\/api.w.org\/{rel}","templated":true}]}}