{"id":123476,"date":"2020-11-29T01:00:00","date_gmt":"2020-11-29T00:00:00","guid":{"rendered":"https:\/\/www.region-schwabach.de\/wordpress\/?p=123476"},"modified":"2020-11-29T15:05:03","modified_gmt":"2020-11-29T14:05:03","slug":"einteilung-in-neue-regionalklassen-macht-kfz-versicherung-in-schwabach-teuerer","status":"publish","type":"post","link":"https:\/\/www.region-schwabach.de\/wordpress\/einteilung-in-neue-regionalklassen-macht-kfz-versicherung-in-schwabach-teuerer\/","title":{"rendered":"Einteilung in neue Regionalklassen macht Kfz-Versicherung in Schwabach teuerer"},"content":{"rendered":"\t\t<div data-elementor-type=\"wp-post\" data-elementor-id=\"123476\" class=\"elementor elementor-123476\">\n\t\t\t\t\t\t<section class=\"elementor-section elementor-top-section elementor-element elementor-element-678181b elementor-section-boxed elementor-section-height-default elementor-section-height-default\" data-id=\"678181b\" data-element_type=\"section\">\n\t\t\t\t\t\t<div class=\"elementor-container elementor-column-gap-default\">\n\t\t\t\t\t<div class=\"elementor-column elementor-col-50 elementor-top-column elementor-element elementor-element-6b34026\" data-id=\"6b34026\" data-element_type=\"column\">\n\t\t\t<div class=\"elementor-widget-wrap elementor-element-populated\">\n\t\t\t\t\t\t<div class=\"elementor-element elementor-element-a04bb7a elementor-widget elementor-widget-wp-widget-advads_ad_widget\" data-id=\"a04bb7a\" data-element_type=\"widget\" data-widget_type=\"wp-widget-advads_ad_widget.default\">\n\t\t\t\t<div class=\"elementor-widget-container\">\n\t\t\t<div id=\"regio-2407724991\"><div class=\"regio-adlabel\">Werbung<\/div><center><a href=\"https:\/\/a.partner-versicherung.de\/click.php?partner_id=19992&ad_id=1578&deep=kreditkarten\"  target=\"_blank\"><img decoding=\"async\" src=\"https:\/\/a.partner-versicherung.de\/view.php?partner_id=19992&ad_id=1578\" ><\/a><\/center><\/div>\t\t<\/div>\n\t\t\t\t<\/div>\n\t\t\t\t<div class=\"elementor-element elementor-element-443ab98 elementor-widget elementor-widget-text-editor\" data-id=\"443ab98\" data-element_type=\"widget\" data-widget_type=\"text-editor.default\">\n\t\t\t\t<div class=\"elementor-widget-container\">\n\t\t\t\t\t\t\t<h3>Kfz-Versicherung in Schwabach wird teuerer<\/h3><p><span style=\"font-size: 12pt;\">Schwabach &#8211; Der Gesamtverband der Deutschen Versicherungswirtschaft (GDV) ver\u00f6ffentlicht einmal im Jahr die Regionalklassen (f\u00fcr die Kfz-Haftpflicht-, die Voll- und die Teilkasko-Versicherung) f\u00fcr die mehr als 400 deutschen Zulassungsbezirke in Deutschland, welche die Kfz-Versicherungen f\u00fcr die Berechnung des Versicherungsbeitrages verwenden.\u00a0<\/span><\/p><h3>Kfz-Versicherung wird f\u00fcr ca. 4,8 Millionen Autofahrer teuerer<\/h3><p><span style=\"font-size: 12pt;\">Nach dieser vor kurzem ver\u00f6ffentlichten, unverbindlichen Regionalstatistik werden im neuen Versicherungsjahr ca. 4,8 Millionen PKW-Fahrer in h\u00f6here Regionalklassen eingestuft, d.h. f\u00fcr sie wird die Kfz-Versicherung im neuen Jahr teuerer.\u00a0<\/span><\/p><h3>Auch Autofahrer in Schwabach von Beitragserh\u00f6hungen betroffen<\/h3><p><span style=\"font-size: 12pt;\">Auch Autofahrer in Schwabach sind hiervon betroffen, sie werden in der Kfz-Haftpflicht in eine schlechtere Regionalklasse eingestuft, was bedeutet, da\u00df hier der Beitrag steigt, w\u00e4hrend sich die Regionalklasse bei der Kfz-Teilkasko und der Kfz-Vollkasko nicht \u00e4ndert (wobei jedoch auch hier durch einen Vergleich oft mehrere hundert Euro im Jahr gespart werden k\u00f6nnen).\u00a0<\/span><\/p><h3>KFZ-VERSICHERUNG VERGLEICHEN, WECHSELN, <span class=\"regular\">VIEL<\/span>\u00a0SPAREN<\/h3><p><strong><span style=\"font-size: 12pt;\">Hier k\u00f6nnen Sie kostenlos und unverbindlich \u00fcberpr\u00fcfen, ob auch Sie durch einen Wechsel Ihrer Kfz-Versicherung sparen k\u00f6nnen (nur noch bis 30.11.2020)*:\u00a0<\/span><\/strong><\/p>\t\t\t\t\t\t<\/div>\n\t\t\t\t<\/div>\n\t\t\t\t<div class=\"elementor-element elementor-element-b154e37 elementor-widget elementor-widget-html\" data-id=\"b154e37\" data-element_type=\"widget\" data-widget_type=\"html.default\">\n\t\t\t\t<div class=\"elementor-widget-container\">\n\t\t\t<div style=\"width: 100%\" id=\"tcpp-iframe-kfz\"><\/div>\r\n<script src=\"https:\/\/form.partner-versicherung.de\/widgets\/19992\/tcpp-iframe-kfz\/kfz-iframe.js\"><\/script>\t\t<\/div>\n\t\t\t\t<\/div>\n\t\t\t\t<div class=\"elementor-element elementor-element-215761f elementor-widget elementor-widget-heading\" data-id=\"215761f\" data-element_type=\"widget\" data-widget_type=\"heading.default\">\n\t\t\t\t<div class=\"elementor-widget-container\">\n\t\t\t<h6 class=\"elementor-heading-title elementor-size-default\">*Bei den Links, welche mit einem Stern (*) gekennzeichnet sind, handelt es sich um Affiliate-Links. Verwenden Sie nun diesen Link und schlie\u00dfen dann z. B. einen Vertrag ab oder f\u00fchren einen Kauf durch, so erhalten wir eine Provision vom Anbieter. F\u00fcr Sie entstehen keine Nachteile beim Kauf, Vertrag oder Preis.<\/h6>\t\t<\/div>\n\t\t\t\t<\/div>\n\t\t\t\t<div class=\"elementor-element elementor-element-d088b12 elementor-widget elementor-widget-shortcode\" data-id=\"d088b12\" data-element_type=\"widget\" data-widget_type=\"shortcode.default\">\n\t\t\t\t<div class=\"elementor-widget-container\">\n\t\t\t\t\t<div class=\"elementor-shortcode\">Anzeige*\n<center><a href=\"https:\/\/a.partner-versicherung.de\/click.php?partner_id=19992&ad_id=441&deep=kfz-versicherung\"  target=\"_blank\"><img decoding=\"async\" src=\"https:\/\/a.partner-versicherung.de\/view.php?partner_id=19992&ad_id=441\" ><\/a><\/center><\/div>\n\t\t\t\t<\/div>\n\t\t\t\t<\/div>\n\t\t\t\t<div class=\"elementor-element elementor-element-21c3450 elementor-widget-divider--view-line elementor-widget elementor-widget-divider\" data-id=\"21c3450\" data-element_type=\"widget\" data-widget_type=\"divider.default\">\n\t\t\t\t<div class=\"elementor-widget-container\">\n\t\t\t\t\t<div class=\"elementor-divider\">\n\t\t\t<span class=\"elementor-divider-separator\">\n\t\t\t\t\t\t<\/span>\n\t\t<\/div>\n\t\t\t\t<\/div>\n\t\t\t\t<\/div>\n\t\t\t\t<div class=\"elementor-element elementor-element-f4c690c elementor-widget elementor-widget-google_maps\" data-id=\"f4c690c\" data-element_type=\"widget\" data-widget_type=\"google_maps.default\">\n\t\t\t\t<div class=\"elementor-widget-container\">\n\t\t\t\t\t<div class=\"elementor-custom-embed\">\n\t\t\t<iframe loading=\"lazy\"\n\t\t\t\t\tsrc=\"https:\/\/maps.google.com\/maps?q=Schwabach%2C%20Deutschland&#038;t=m&#038;z=15&#038;output=embed&#038;iwloc=near\"\n\t\t\t\t\ttitle=\"Schwabach, Deutschland\"\n\t\t\t\t\taria-label=\"Schwabach, Deutschland\"\n\t\t\t><\/iframe>\n\t\t<\/div>\n\t\t\t\t<\/div>\n\t\t\t\t<\/div>\n\t\t\t\t\t<\/div>\n\t\t<\/div>\n\t\t\t\t<div class=\"elementor-column elementor-col-50 elementor-top-column elementor-element elementor-element-4006d4e\" data-id=\"4006d4e\" data-element_type=\"column\">\n\t\t\t<div class=\"elementor-widget-wrap elementor-element-populated\">\n\t\t\t\t\t\t<div class=\"elementor-element elementor-element-1ccf0cc elementor-widget elementor-widget-heading\" data-id=\"1ccf0cc\" data-element_type=\"widget\" data-widget_type=\"heading.default\">\n\t\t\t\t<div class=\"elementor-widget-container\">\n\t\t\t<h3 class=\"elementor-heading-title elementor-size-default\">Schnell vergleichen und sparen!<\/h3>\t\t<\/div>\n\t\t\t\t<\/div>\n\t\t\t\t<div class=\"elementor-element elementor-element-444d04b elementor-widget elementor-widget-text-editor\" data-id=\"444d04b\" data-element_type=\"widget\" data-widget_type=\"text-editor.default\">\n\t\t\t\t<div class=\"elementor-widget-container\">\n\t\t\t\t\t\t\t<p>Anzeige*<\/p>\t\t\t\t\t\t<\/div>\n\t\t\t\t<\/div>\n\t\t\t\t<div class=\"elementor-element elementor-element-4f7b2f8 elementor-widget elementor-widget-shortcode\" data-id=\"4f7b2f8\" data-element_type=\"widget\" data-widget_type=\"shortcode.default\">\n\t\t\t\t<div class=\"elementor-widget-container\">\n\t\t\t\t\t<div class=\"elementor-shortcode\"><a href=\"https:\/\/a.partner-versicherung.de\/click.php?partner_id=19992&ad_id=1502&deep=kfz-versicherung\"  target=\"_blank\"><img decoding=\"async\" src=\"https:\/\/a.partner-versicherung.de\/view.php?partner_id=19992&ad_id=1502\" ><\/a><\/div>\n\t\t\t\t<\/div>\n\t\t\t\t<\/div>\n\t\t\t\t\t<\/div>\n\t\t<\/div>\n\t\t\t\t\t<\/div>\n\t\t<\/section>\n\t\t\t\t<\/div>\n\t\t","protected":false},"excerpt":{"rendered":"<div class=\"mh-excerpt\"><p>Kfz-Versicherung in Schwabach wird teuerer Schwabach &#8211; Der Gesamtverband der Deutschen Versicherungswirtschaft (GDV) ver\u00f6ffentlicht einmal im Jahr die Regionalklassen (f\u00fcr die Kfz-Haftpflicht-, die Voll- und die Teilkasko-Versicherung) f\u00fcr die mehr als 400 deutschen Zulassungsbezirke in <a class=\"mh-excerpt-more\" href=\"https:\/\/www.region-schwabach.de\/wordpress\/einteilung-in-neue-regionalklassen-macht-kfz-versicherung-in-schwabach-teuerer\/\" title=\"Einteilung in neue Regionalklassen macht Kfz-Versicherung in Schwabach teuerer\">[&#8230;]<\/a><\/p>\n<\/div>","protected":false},"author":1,"featured_media":123477,"comment_status":"open","ping_status":"open","sticky":false,"template":"","format":"standard","meta":{"_cbd_carousel_blocks":"[]","footnotes":""},"categories":[16,4306,14],"tags":[10440,14262,14259,14260,19,3151,14261,14263,14264],"class_list":{"0":"post-123476","1":"post","2":"type-post","3":"status-publish","4":"format-standard","5":"has-post-thumbnail","7":"category-aktuell","8":"category-ratgeber","9":"category-verkehrsinfos","10":"tag-10440","11":"tag-haftpflicht","12":"tag-kfz-versicherung","13":"tag-regionalklasse","14":"tag-schwabach","15":"tag-stadt-schwabach","16":"tag-tarifvergleich","17":"tag-teilkasko","18":"tag-vollkasko"},"_links":{"self":[{"href":"https:\/\/www.region-schwabach.de\/wordpress\/wp-json\/wp\/v2\/posts\/123476","targetHints":{"allow":["GET"]}}],"collection":[{"href":"https:\/\/www.region-schwabach.de\/wordpress\/wp-json\/wp\/v2\/posts"}],"about":[{"href":"https:\/\/www.region-schwabach.de\/wordpress\/wp-json\/wp\/v2\/types\/post"}],"author":[{"embeddable":true,"href":"https:\/\/www.region-schwabach.de\/wordpress\/wp-json\/wp\/v2\/users\/1"}],"replies":[{"embeddable":true,"href":"https:\/\/www.region-schwabach.de\/wordpress\/wp-json\/wp\/v2\/comments?post=123476"}],"version-history":[{"count":0,"href":"https:\/\/www.region-schwabach.de\/wordpress\/wp-json\/wp\/v2\/posts\/123476\/revisions"}],"wp:featuredmedia":[{"embeddable":true,"href":"https:\/\/www.region-schwabach.de\/wordpress\/wp-json\/wp\/v2\/media\/123477"}],"wp:attachment":[{"href":"https:\/\/www.region-schwabach.de\/wordpress\/wp-json\/wp\/v2\/media?parent=123476"}],"wp:term":[{"taxonomy":"category","embeddable":true,"href":"https:\/\/www.region-schwabach.de\/wordpress\/wp-json\/wp\/v2\/categories?post=123476"},{"taxonomy":"post_tag","embeddable":true,"href":"https:\/\/www.region-schwabach.de\/wordpress\/wp-json\/wp\/v2\/tags?post=123476"}],"curies":[{"name":"wp","href":"https:\/\/api.w.org\/{rel}","templated":true}]}}