{"id":125940,"date":"2020-12-18T00:32:00","date_gmt":"2020-12-17T23:32:00","guid":{"rendered":"https:\/\/www.region-schwabach.de\/wordpress\/?p=125940"},"modified":"2020-12-18T07:45:27","modified_gmt":"2020-12-18T06:45:27","slug":"schwabacher-stadtverwaltung-schrankt-parteiverkehr-von-16-dezember-2020-bis-10-januar-2020-ein","status":"publish","type":"post","link":"https:\/\/www.region-schwabach.de\/wordpress\/schwabacher-stadtverwaltung-schrankt-parteiverkehr-von-16-dezember-2020-bis-10-januar-2020-ein\/","title":{"rendered":"Schwabacher Stadtverwaltung schr\u00e4nkt Parteiverkehr von 16. Dezember 2020 bis 10. Januar 2020 ein"},"content":{"rendered":"\t\t<div data-elementor-type=\"wp-post\" data-elementor-id=\"125940\" class=\"elementor elementor-125940\">\n\t\t\t\t\t\t<section class=\"elementor-section elementor-top-section elementor-element elementor-element-678181b elementor-section-boxed elementor-section-height-default elementor-section-height-default\" data-id=\"678181b\" data-element_type=\"section\">\n\t\t\t\t\t\t<div class=\"elementor-container elementor-column-gap-default\">\n\t\t\t\t\t<div class=\"elementor-column elementor-col-50 elementor-top-column elementor-element elementor-element-6b34026\" data-id=\"6b34026\" data-element_type=\"column\">\n\t\t\t<div class=\"elementor-widget-wrap elementor-element-populated\">\n\t\t\t\t\t\t<div class=\"elementor-element elementor-element-5fea1cd elementor-widget elementor-widget-wp-widget-advads_ad_widget\" data-id=\"5fea1cd\" data-element_type=\"widget\" data-widget_type=\"wp-widget-advads_ad_widget.default\">\n\t\t\t\t<div class=\"elementor-widget-container\">\n\t\t\t<div id=\"regio-2557458314\"><div class=\"regio-adlabel\">Werbung<\/div><!-- Beginn https:\/\/www.financeads.net\/-Code --><a href=\"https:\/\/www.financeads.net\/tc.php?t=36648C195239407B\" target=\"_blank\"><img fetchpriority=\"high\" decoding=\"async\" src=\"https:\/\/www.financeads.net\/tb.php?t=36648V195239407B&https=1\" alt=\"\" border=\"0\" width=\"728\" height=\"90\"><\/a><!-- Ende https:\/\/www.financeads.net\/-Code --><\/div>\t\t<\/div>\n\t\t\t\t<\/div>\n\t\t\t\t<div class=\"elementor-element elementor-element-443ab98 elementor-widget elementor-widget-text-editor\" data-id=\"443ab98\" data-element_type=\"widget\" data-widget_type=\"text-editor.default\">\n\t\t\t\t<div class=\"elementor-widget-container\">\n\t\t\t\t\t\t\t<h3>Nur in zwingenden F\u00e4llen und nach Terminvereinbarung<br \/>Eingeschr\u00e4nkter Parteiverkehr bei der Stadtverwaltung von 16. Dezember 2020 bis 10. Januar 2021<\/h3><p><span style=\"font-size: 12pt;\">Schwabach &#8211; W\u00e4hrend der Zeit von Mittwoch, den 16. Dezember 2020, bis vorl\u00e4ufig Sonntag, den 10. Januar 2021, sind pers\u00f6nliche Vorsprachen bei der Stadt nur in zwingend notwendigen Ausnahmef\u00e4llen m\u00f6glich. Sie k\u00f6nnen weiterhin nur nach vorheriger Terminvergabe erfolgen. <\/span><\/p><h3>So funktioniert die Terminvereinbarung:\u00a0<\/h3><p><span style=\"font-size: 12pt;\">Termine k\u00f6nnen online unter <a href=\"https:\/\/www.schwabach.de\/de\/terminvereinbarung.html\" target=\"_blank\" rel=\"noopener\">https:\/\/www.schwabach.de\/de\/terminvereinbarung.html<\/a> (f\u00fcr den Bereich Melde-, Pass und Zulassungsangelegenheiten) oder telefonisch<\/span><\/p><ul style=\"list-style-type: disc;\"><li><span style=\"font-size: 12pt;\">bei der F\u00fchrerscheinstelle unter Telefonnummer 09122 860-380<\/span><\/li><li><span style=\"font-size: 12pt;\">beim Ausl\u00e4nderb\u00fcro unter Telefonnummer 09122 860-207 oder -208<\/span><\/li><li><span style=\"font-size: 12pt;\">sowie bei der Kfz-Zulassung und dem Einwohnermeldeamt zum Beispiel zum Beantragen von Personalausweisen und Reisep\u00e4ssen unter der Telefonnummer 09122 860-120<br \/><\/span><\/li><\/ul><p><span style=\"font-size: 12pt;\">vereinbart werden. Auch f\u00fcr die Abholung von fertigen Ausweisdokumenten (Personalausweis und Reisepass) muss ein Termin vereinbart werden. Anliegen k\u00f6nnen selbstverst\u00e4ndlich via Telefon oder Email vorgebracht werden.<br \/><\/span><\/p><h3>Stadtverwaltung bittet um Verst\u00e4ndnis f\u00fcr Ma\u00dfnahmen<\/h3><p><span style=\"font-size: 12pt;\">Die Stadtverwaltung bittet die B\u00fcrgerinnen und B\u00fcrger um Verst\u00e4ndnis, dass in der derzeitigen Situation zum Schutz der B\u00fcrgerinnen und B\u00fcrger, aber auch der Mitarbeiterinnen und Mitarbeiterinnen diese Einschr\u00e4nkungen notwendig sind. Bereits vereinbarte Termine bleiben hiervon vorerst unber\u00fchrt.<br \/>Bei pers\u00f6nlicher Vorsprache m\u00fcssen B\u00fcrgerinnen und B\u00fcrger in den R\u00e4umen der Verwaltung einen Mund-Nasen-Schutz tragen.<\/span><\/p><h3><span style=\"font-size: 12pt;\"><span style=\"font-size: 14pt;\">Dienstbetrieb B\u00fcrgerb\u00fcro<\/span><br \/><\/span><\/h3><p><span style=\"font-size: 12pt;\">Das B\u00fcrgerb\u00fcro ist derzeit montags bis donnerstags von 8 bis 16 Uhr und freitags von 8 bis 18 Uhr ge\u00f6ffnet. Merchandise- und Geschenkartikel werden bis vorl\u00e4ufig 10. Januar nicht verkauft. Es d\u00fcrfen sich immer nur drei B\u00fcrgerinnen und B\u00fcrger gleichzeitig und in einem Abstand von mindestens 1,5 Metern im B\u00fcrgerb\u00fcro aufhalten. Auch hier m\u00fcssen alle B\u00fcrgerinnen und B\u00fcrger Mundschutz tragen.<br \/><\/span><\/p><p><span style=\"font-size: 12pt;\">F\u00fcr alle anderen \u00c4mter gilt nach wie vor, dass Termine vorher vereinbart werden m\u00fcssen.<br \/><\/span><\/p><h3><span style=\"font-size: 12pt;\"><span style=\"font-size: 14pt;\">Schlie\u00dfung \u201ezwischen den Jahren\u201c<\/span><br \/><\/span><\/h3><p><span style=\"font-size: 12pt;\">Von 24. Dezember bis einschlie\u00dflich 3. Januar ist die Stadtverwaltung ebenfalls zur Minimierung der Kontakte und zum Schutz der B\u00fcrgerinnen und B\u00fcrger sowie der Mitarbeiterinnen und Mitarbeiter f\u00fcr den Besucherverkehr geschlossen und auch telefonisch nicht erreichbar.<br \/><\/span><\/p><p><span style=\"font-size: 12pt;\">Am 4. und 5. Januar ist die Stadtverwaltung ebenfalls f\u00fcr den Besucherverkehr geschlossen, die Mitarbeiterinnen und Mitarbeiter sind aber telefonisch und per E-Mail erreichbar.<br \/><\/span><\/p><p><span style=\"font-size: 12pt;\">Der Recyclinghof ist in der Zeit von 24. Dezember bis einschlie\u00dflich 4. Januar geschlossen.<\/span><\/p>\t\t\t\t\t\t<\/div>\n\t\t\t\t<\/div>\n\t\t\t\t<div class=\"elementor-element elementor-element-7cc9469 elementor-widget elementor-widget-shortcode\" data-id=\"7cc9469\" data-element_type=\"widget\" data-widget_type=\"shortcode.default\">\n\t\t\t\t<div class=\"elementor-widget-container\">\n\t\t\t\t\t<div class=\"elementor-shortcode\"><!-- Beginn https:\/\/www.financeads.net\/-Code --><a href=\"https:\/\/www.financeads.net\/tc.php?t=36648C38513858B\" target=\"_blank\"><center><img decoding=\"async\" src=\"https:\/\/www.financeads.net\/tb.php?t=36648V38513858B&https=1\" alt=\"\" border=\"0\" width=\"468\" height=\"60\"><\/a><!-- Ende https:\/\/www.financeads.net\/-Code --><\/div>\n\t\t\t\t<\/div>\n\t\t\t\t<\/div>\n\t\t\t\t<div class=\"elementor-element elementor-element-0c834d7 elementor-widget-divider--view-line elementor-widget elementor-widget-divider\" data-id=\"0c834d7\" data-element_type=\"widget\" data-widget_type=\"divider.default\">\n\t\t\t\t<div class=\"elementor-widget-container\">\n\t\t\t\t\t<div class=\"elementor-divider\">\n\t\t\t<span class=\"elementor-divider-separator\">\n\t\t\t\t\t\t<\/span>\n\t\t<\/div>\n\t\t\t\t<\/div>\n\t\t\t\t<\/div>\n\t\t\t\t<div class=\"elementor-element elementor-element-325f51f elementor-widget elementor-widget-google_maps\" data-id=\"325f51f\" data-element_type=\"widget\" data-widget_type=\"google_maps.default\">\n\t\t\t\t<div class=\"elementor-widget-container\">\n\t\t\t\t\t<div class=\"elementor-custom-embed\">\n\t\t\t<iframe loading=\"lazy\"\n\t\t\t\t\tsrc=\"https:\/\/maps.google.com\/maps?q=Schwabach%2C%20Deutschland&#038;t=m&#038;z=15&#038;output=embed&#038;iwloc=near\"\n\t\t\t\t\ttitle=\"Schwabach, Deutschland\"\n\t\t\t\t\taria-label=\"Schwabach, Deutschland\"\n\t\t\t><\/iframe>\n\t\t<\/div>\n\t\t\t\t<\/div>\n\t\t\t\t<\/div>\n\t\t\t\t\t<\/div>\n\t\t<\/div>\n\t\t\t\t<div class=\"elementor-column elementor-col-50 elementor-top-column elementor-element elementor-element-f141625\" data-id=\"f141625\" data-element_type=\"column\">\n\t\t\t<div class=\"elementor-widget-wrap elementor-element-populated\">\n\t\t\t\t\t\t<div class=\"elementor-element elementor-element-aa635e8 elementor-widget elementor-widget-heading\" data-id=\"aa635e8\" data-element_type=\"widget\" data-widget_type=\"heading.default\">\n\t\t\t\t<div class=\"elementor-widget-container\">\n\t\t\t<h3 class=\"elementor-heading-title elementor-size-default\">Schnell vergleichen und sparen!<\/h3>\t\t<\/div>\n\t\t\t\t<\/div>\n\t\t\t\t<div class=\"elementor-element elementor-element-380778c elementor-widget elementor-widget-wp-widget-advads_ad_widget\" data-id=\"380778c\" data-element_type=\"widget\" data-widget_type=\"wp-widget-advads_ad_widget.default\">\n\t\t\t\t<div class=\"elementor-widget-container\">\n\t\t\t<div id=\"regio-2315026243\"><div class=\"regio-adlabel\">Werbung<\/div><!-- Beginn https:\/\/www.financeads.net\/-Code --><a href=\"https:\/\/www.financeads.net\/tc.php?t=36648C236142529B\" target=\"_blank\"><img decoding=\"async\" src=\"https:\/\/www.financeads.net\/tb.php?t=36648V236142529B&https=1\" alt=\"\" border=\"0\" width=\"300\" height=\"250\"><\/a><!-- Ende https:\/\/www.financeads.net\/-Code --><\/div>\t\t<\/div>\n\t\t\t\t<\/div>\n\t\t\t\t<div class=\"elementor-element elementor-element-bd26aa5 elementor-widget elementor-widget-wp-widget-advads_ad_widget\" data-id=\"bd26aa5\" data-element_type=\"widget\" data-widget_type=\"wp-widget-advads_ad_widget.default\">\n\t\t\t\t<div class=\"elementor-widget-container\">\n\t\t\t<div id=\"regio-581088816\"><div class=\"regio-adlabel\">Werbung<\/div><!-- Beginn https:\/\/www.financeads.net\/-Code --><a href=\"https:\/\/www.financeads.net\/tc.php?t=36648C42614510B\" target=\"_blank\"><img loading=\"lazy\" decoding=\"async\" src=\"https:\/\/www.financeads.net\/tb.php?t=36648V42614510B&https=1\" alt=\"\" border=\"0\" width=\"200\" height=\"300\"><\/a><!-- Ende https:\/\/www.financeads.net\/-Code --><\/div>\t\t<\/div>\n\t\t\t\t<\/div>\n\t\t\t\t<div class=\"elementor-element elementor-element-abfc6b5 elementor-widget elementor-widget-wp-widget-advads_ad_widget\" data-id=\"abfc6b5\" data-element_type=\"widget\" data-widget_type=\"wp-widget-advads_ad_widget.default\">\n\t\t\t\t<div class=\"elementor-widget-container\">\n\t\t\t<div id=\"regio-169776762\"><div class=\"regio-adlabel\">Werbung<\/div><!-- Beginn https:\/\/www.financeads.net\/-Code --><a href=\"https:\/\/www.financeads.net\/tc.php?t=36648C205040072B\" target=\"_blank\"><img loading=\"lazy\" decoding=\"async\" src=\"https:\/\/www.financeads.net\/tb.php?t=36648V205040072B&https=1\" alt=\"\" border=\"0\" width=\"300\" height=\"250\"><\/a><!-- Ende https:\/\/www.financeads.net\/-Code --><\/div>\t\t<\/div>\n\t\t\t\t<\/div>\n\t\t\t\t<div class=\"elementor-element elementor-element-9b68655 elementor-widget elementor-widget-wp-widget-advads_ad_widget\" data-id=\"9b68655\" data-element_type=\"widget\" data-widget_type=\"wp-widget-advads_ad_widget.default\">\n\t\t\t\t<div class=\"elementor-widget-container\">\n\t\t\t<div id=\"regio-276515459\"><div class=\"regio-adlabel\">Werbung<\/div><!-- Beginn https:\/\/www.financeads.net\/-Code --><a href=\"https:\/\/www.financeads.net\/tc.php?t=36648C271460142B\" target=\"_blank\"><img loading=\"lazy\" decoding=\"async\" src=\"https:\/\/www.financeads.net\/tb.php?t=36648V271460142B&https=1\" alt=\"PETPROTECT_Hund&Katze_Banner\" border=\"0\" width=\"250\" height=\"250\"><\/a><!-- Ende https:\/\/www.financeads.net\/-Code --><\/div>\t\t<\/div>\n\t\t\t\t<\/div>\n\t\t\t\t\t<\/div>\n\t\t<\/div>\n\t\t\t\t\t<\/div>\n\t\t<\/section>\n\t\t\t\t<\/div>\n\t\t","protected":false},"excerpt":{"rendered":"<div class=\"mh-excerpt\"><p>Nur in zwingenden F\u00e4llen und nach TerminvereinbarungEingeschr\u00e4nkter Parteiverkehr bei der Stadtverwaltung von 16. Dezember 2020 bis 10. Januar 2021 Schwabach &#8211; W\u00e4hrend der Zeit von Mittwoch, den 16. Dezember 2020, bis vorl\u00e4ufig Sonntag, den 10. <a class=\"mh-excerpt-more\" href=\"https:\/\/www.region-schwabach.de\/wordpress\/schwabacher-stadtverwaltung-schrankt-parteiverkehr-von-16-dezember-2020-bis-10-januar-2020-ein\/\" title=\"Schwabacher Stadtverwaltung schr\u00e4nkt Parteiverkehr von 16. Dezember 2020 bis 10. Januar 2020 ein\">[&#8230;]<\/a><\/p>\n<\/div>","protected":false},"author":1,"featured_media":125941,"comment_status":"open","ping_status":"open","sticky":false,"template":"","format":"standard","meta":{"_cbd_carousel_blocks":"[]","footnotes":""},"categories":[16,1,287,61],"tags":[14421,12084,522,12323,12325,1480,19,3012,3151,72],"class_list":{"0":"post-125940","1":"post","2":"type-post","3":"status-publish","4":"format-standard","5":"has-post-thumbnail","7":"category-aktuell","8":"category-allgemein","9":"category-jugend-und-familie","10":"category-rathaus","11":"tag-16-dezember-2020-bis-10-januar-2021","12":"tag-corona","13":"tag-koenigsplatz","14":"tag-mundschutzpflicht","15":"tag-publikumsverkehr","16":"tag-rathaus","17":"tag-schwabach","18":"tag-stadt","19":"tag-stadt-schwabach","20":"tag-stadtverwaltung"},"_links":{"self":[{"href":"https:\/\/www.region-schwabach.de\/wordpress\/wp-json\/wp\/v2\/posts\/125940","targetHints":{"allow":["GET"]}}],"collection":[{"href":"https:\/\/www.region-schwabach.de\/wordpress\/wp-json\/wp\/v2\/posts"}],"about":[{"href":"https:\/\/www.region-schwabach.de\/wordpress\/wp-json\/wp\/v2\/types\/post"}],"author":[{"embeddable":true,"href":"https:\/\/www.region-schwabach.de\/wordpress\/wp-json\/wp\/v2\/users\/1"}],"replies":[{"embeddable":true,"href":"https:\/\/www.region-schwabach.de\/wordpress\/wp-json\/wp\/v2\/comments?post=125940"}],"version-history":[{"count":0,"href":"https:\/\/www.region-schwabach.de\/wordpress\/wp-json\/wp\/v2\/posts\/125940\/revisions"}],"wp:featuredmedia":[{"embeddable":true,"href":"https:\/\/www.region-schwabach.de\/wordpress\/wp-json\/wp\/v2\/media\/125941"}],"wp:attachment":[{"href":"https:\/\/www.region-schwabach.de\/wordpress\/wp-json\/wp\/v2\/media?parent=125940"}],"wp:term":[{"taxonomy":"category","embeddable":true,"href":"https:\/\/www.region-schwabach.de\/wordpress\/wp-json\/wp\/v2\/categories?post=125940"},{"taxonomy":"post_tag","embeddable":true,"href":"https:\/\/www.region-schwabach.de\/wordpress\/wp-json\/wp\/v2\/tags?post=125940"}],"curies":[{"name":"wp","href":"https:\/\/api.w.org\/{rel}","templated":true}]}}