{"id":126533,"date":"2020-12-27T01:10:00","date_gmt":"2020-12-27T00:10:00","guid":{"rendered":"https:\/\/www.region-schwabach.de\/wordpress\/?p=126533"},"modified":"2020-12-27T11:53:28","modified_gmt":"2020-12-27T10:53:28","slug":"impfungen-gegen-das-coronavirus-haben-heute-auch-in-schwabach-begonnen","status":"publish","type":"post","link":"https:\/\/www.region-schwabach.de\/wordpress\/impfungen-gegen-das-coronavirus-haben-heute-auch-in-schwabach-begonnen\/","title":{"rendered":"Impfungen gegen das Coronavirus haben heute auch in Schwabach begonnen"},"content":{"rendered":"\t\t<div data-elementor-type=\"wp-post\" data-elementor-id=\"126533\" class=\"elementor elementor-126533\">\n\t\t\t\t\t\t<section class=\"elementor-section elementor-top-section elementor-element elementor-element-678181b elementor-section-boxed elementor-section-height-default elementor-section-height-default\" data-id=\"678181b\" data-element_type=\"section\">\n\t\t\t\t\t\t<div class=\"elementor-container elementor-column-gap-default\">\n\t\t\t\t\t<div class=\"elementor-column elementor-col-50 elementor-top-column elementor-element elementor-element-6b34026\" data-id=\"6b34026\" data-element_type=\"column\">\n\t\t\t<div class=\"elementor-widget-wrap elementor-element-populated\">\n\t\t\t\t\t\t<div class=\"elementor-element elementor-element-5fea1cd elementor-widget elementor-widget-wp-widget-advads_ad_widget\" data-id=\"5fea1cd\" data-element_type=\"widget\" data-widget_type=\"wp-widget-advads_ad_widget.default\">\n\t\t\t\t<div class=\"elementor-widget-container\">\n\t\t\t<div id=\"regio-635366829\"><div class=\"regio-adlabel\">Werbung<\/div><center><a href=\"https:\/\/a.partner-versicherung.de\/click.php?partner_id=19992&ad_id=1578&deep=kreditkarten\"  target=\"_blank\"><img decoding=\"async\" src=\"https:\/\/a.partner-versicherung.de\/view.php?partner_id=19992&ad_id=1578\" ><\/a><\/center><\/div>\t\t<\/div>\n\t\t\t\t<\/div>\n\t\t\t\t<div class=\"elementor-element elementor-element-443ab98 elementor-widget elementor-widget-text-editor\" data-id=\"443ab98\" data-element_type=\"widget\" data-widget_type=\"text-editor.default\">\n\t\t\t\t<div class=\"elementor-widget-container\">\n\t\t\t\t\t\t\t<h3 class=\"entry-title\">Start in Schwabacher Seniorenheim<br \/>Impfungen in Schwabach haben begonnen<\/h3><p><span style=\"font-size: 12pt;\">Schwabach &#8211; Auch in Schwabach haben die Impfungen gegen das Coronavirus begonnen. Den Anfang machte heute mit dem NOVITA Seniorenzentrum eine Altenwohneinrichtung. \u201eDamit machen wir einen ersten Schritt heraus aus der Pandemie,\u201c freut sich Oberb\u00fcrgermeister Peter Rei\u00df. Die Impfungen gegen das Coronavirus beginnen bayernweit am 27. Dezember. Das hat die bayerische Staatsregierung in Abstimmung mit der Bundesregierung und den anderen L\u00e4ndern beschlossen.<br \/><\/span><\/p><h3><span style=\"font-size: 14pt;\">Impfzentrum eingerichtet<\/span><\/h3><p><span style=\"font-size: 12pt;\">Die Stadt Schwabach hat daf\u00fcr ein Impfzentrum eingerichtet. Zum Start beginnt ein mobiles Impfteam, von dort aus vor allem in den Senioren- und Pflegeheimen den Impfstoff zu verabreichen. Die ersten 100 Impfungen erhielten nun freiwillig die Menschen im NOVITA Seniorenzentrum. Die erste Impfung erhielt eine 95 Jahre alte Bewohnerin. Einrichtungsleiter Tobias Leineweber verbindet mit den Impfungen die Hoffnung, dass m\u00f6glichst bald wieder Normalit\u00e4t in den Alltag der Einrichtung einkehre. Die Impfbereitschaft im Seniorenzentrum ist sehr hoch, insgesamt 180 Personen, das hei\u00dft \u00fcber dreiviertel der Bewohnerinnen und Bewohner, wollen sich in den n\u00e4chsten Tagen impfen lassen.<br \/><\/span><\/p><h3><span style=\"font-size: 12pt;\"><span style=\"font-size: 14pt;\">Oberb\u00fcrgermeister Peter Rei\u00df:<\/span> <\/span><\/h3><p><span style=\"font-size: 12pt;\">\u201eWir k\u00f6nnen jetzt mit den Impfungen beginnen. Zun\u00e4chst werden wir uns um die Menschen k\u00fcmmern, die vom Virus am st\u00e4rksten betroffen sind: Die Menschen in den Alten- und Pflegeheimen \u2013 Bewohnerinnen und Bewohner ebenso wie die Belegschaft. Die Impfungen sind freiwillig. Je mehr Schwabacherinnen und Schwabacher sich impfen lassen, desto schneller k\u00f6nnen wir die Pandemie besiegen.\u201c<br \/><\/span><\/p><h3><span style=\"font-size: 14pt;\">Stadtrechtsrat Knut Engelbrecht dankt allen Helfern<\/span><\/h3><p><span style=\"font-size: 12pt;\">Stadtrechtsrat Knut Engelbrecht: \u201eIch bedanke mich sehr herzlich beim Freistaat, beim Technischen Hilfswerk, das die Transportlogistik hervorragend bew\u00e4ltigt, und den Teams der Schwabacher Hausarztpraxen, der Johanniter Unfallhilfe und des Bayerischen Roten Kreuzes, die ab sofort als mobile und station\u00e4re Impfteams zur Verf\u00fcgung stehen. Ich bitte die Bev\u00f6lkerung um Besonnenheit und Geduld, da die Termine nun nach und nach je nach Verf\u00fcgbarkeit des Impfstoffs und nach Gef\u00e4hrdungsgruppen vergeben werden. Ganz herzlichen Dank auch den Mitarbeiterinnen und Mitarbeitern unserer Verwaltung, die hier wirklich hervorragende Arbeit bei der Vorbereitung geleistet haben.\u201c<br \/><\/span><\/p><h3>Impfstoff zum Start nur in kleinen Mengen verf\u00fcgbar<\/h3><p><span style=\"font-size: 12pt;\">Der Impfstoff wird in der Anfangsphase nur in kleinen Mengen zur Verf\u00fcgung stehen. Deswegen hat die Bundesregierung, die den Impfstoff zentral beschafft, eine klare Priorisierung beschlossen, wer zuerst geimpft werden darf. Die bayerische Staatsregierung hat sich entschieden, diese Empfehlung umzusetzen.<\/span><\/p><p><span style=\"font-size: 12pt;\"><strong>Foto:<\/strong> Die erste Spritze wird von einem Mitarbeiter der Johanniter Unfallhilfe aufgezogen.<\/span><\/p>\t\t\t\t\t\t<\/div>\n\t\t\t\t<\/div>\n\t\t\t\t<div class=\"elementor-element elementor-element-7cc9469 elementor-widget elementor-widget-shortcode\" data-id=\"7cc9469\" data-element_type=\"widget\" data-widget_type=\"shortcode.default\">\n\t\t\t\t<div class=\"elementor-widget-container\">\n\t\t\t\t\t<div class=\"elementor-shortcode\"><center><a href=\"https:\/\/a.partner-versicherung.de\/click.php?partner_id=19992&ad_id=441&deep=kfz-versicherung\"  target=\"_blank\"><img decoding=\"async\" src=\"https:\/\/a.partner-versicherung.de\/view.php?partner_id=19992&ad_id=441\" ><\/a><\/center><\/div>\n\t\t\t\t<\/div>\n\t\t\t\t<\/div>\n\t\t\t\t<div class=\"elementor-element elementor-element-0c834d7 elementor-widget-divider--view-line elementor-widget elementor-widget-divider\" data-id=\"0c834d7\" data-element_type=\"widget\" data-widget_type=\"divider.default\">\n\t\t\t\t<div class=\"elementor-widget-container\">\n\t\t\t\t\t<div class=\"elementor-divider\">\n\t\t\t<span class=\"elementor-divider-separator\">\n\t\t\t\t\t\t<\/span>\n\t\t<\/div>\n\t\t\t\t<\/div>\n\t\t\t\t<\/div>\n\t\t\t\t<div class=\"elementor-element elementor-element-325f51f elementor-widget elementor-widget-google_maps\" data-id=\"325f51f\" data-element_type=\"widget\" data-widget_type=\"google_maps.default\">\n\t\t\t\t<div class=\"elementor-widget-container\">\n\t\t\t\t\t<div class=\"elementor-custom-embed\">\n\t\t\t<iframe loading=\"lazy\"\n\t\t\t\t\tsrc=\"https:\/\/maps.google.com\/maps?q=Schwabach%2C%20Deutschland&#038;t=m&#038;z=15&#038;output=embed&#038;iwloc=near\"\n\t\t\t\t\ttitle=\"Schwabach, Deutschland\"\n\t\t\t\t\taria-label=\"Schwabach, Deutschland\"\n\t\t\t><\/iframe>\n\t\t<\/div>\n\t\t\t\t<\/div>\n\t\t\t\t<\/div>\n\t\t\t\t\t<\/div>\n\t\t<\/div>\n\t\t\t\t<div class=\"elementor-column elementor-col-50 elementor-top-column elementor-element elementor-element-f141625\" data-id=\"f141625\" data-element_type=\"column\">\n\t\t\t<div class=\"elementor-widget-wrap elementor-element-populated\">\n\t\t\t\t\t\t<div class=\"elementor-element elementor-element-aa635e8 elementor-widget elementor-widget-heading\" data-id=\"aa635e8\" data-element_type=\"widget\" data-widget_type=\"heading.default\">\n\t\t\t\t<div class=\"elementor-widget-container\">\n\t\t\t<h3 class=\"elementor-heading-title elementor-size-default\">Schnell vergleichen und sparen!<\/h3>\t\t<\/div>\n\t\t\t\t<\/div>\n\t\t\t\t<div class=\"elementor-element elementor-element-380778c elementor-widget elementor-widget-wp-widget-advads_ad_widget\" data-id=\"380778c\" data-element_type=\"widget\" data-widget_type=\"wp-widget-advads_ad_widget.default\">\n\t\t\t\t<div class=\"elementor-widget-container\">\n\t\t\t<div id=\"regio-1169532213\"><div class=\"regio-adlabel\">Werbung<\/div><!-- Beginn https:\/\/www.financeads.net\/-Code --><a href=\"https:\/\/www.financeads.net\/tc.php?t=36648C236142529B\" target=\"_blank\"><img fetchpriority=\"high\" decoding=\"async\" src=\"https:\/\/www.financeads.net\/tb.php?t=36648V236142529B&https=1\" alt=\"\" border=\"0\" width=\"300\" height=\"250\"><\/a><!-- Ende https:\/\/www.financeads.net\/-Code --><\/div>\t\t<\/div>\n\t\t\t\t<\/div>\n\t\t\t\t<div class=\"elementor-element elementor-element-bd26aa5 elementor-widget elementor-widget-wp-widget-advads_ad_widget\" data-id=\"bd26aa5\" data-element_type=\"widget\" data-widget_type=\"wp-widget-advads_ad_widget.default\">\n\t\t\t\t<div class=\"elementor-widget-container\">\n\t\t\t<div id=\"regio-767161512\"><div class=\"regio-adlabel\">Werbung<\/div><!-- Beginn https:\/\/www.financeads.net\/-Code --><a href=\"https:\/\/www.financeads.net\/tc.php?t=36648C42614510B\" target=\"_blank\"><img decoding=\"async\" src=\"https:\/\/www.financeads.net\/tb.php?t=36648V42614510B&https=1\" alt=\"\" border=\"0\" width=\"200\" height=\"300\"><\/a><!-- Ende https:\/\/www.financeads.net\/-Code --><\/div>\t\t<\/div>\n\t\t\t\t<\/div>\n\t\t\t\t<div class=\"elementor-element elementor-element-abfc6b5 elementor-widget elementor-widget-wp-widget-advads_ad_widget\" data-id=\"abfc6b5\" data-element_type=\"widget\" data-widget_type=\"wp-widget-advads_ad_widget.default\">\n\t\t\t\t<div class=\"elementor-widget-container\">\n\t\t\t<div id=\"regio-2455881436\"><div class=\"regio-adlabel\">Werbung<\/div><!-- Beginn https:\/\/www.financeads.net\/-Code --><a href=\"https:\/\/www.financeads.net\/tc.php?t=36648C205040072B\" target=\"_blank\"><img decoding=\"async\" src=\"https:\/\/www.financeads.net\/tb.php?t=36648V205040072B&https=1\" alt=\"\" border=\"0\" width=\"300\" height=\"250\"><\/a><!-- Ende https:\/\/www.financeads.net\/-Code --><\/div>\t\t<\/div>\n\t\t\t\t<\/div>\n\t\t\t\t<div class=\"elementor-element elementor-element-9b68655 elementor-widget elementor-widget-wp-widget-advads_ad_widget\" data-id=\"9b68655\" data-element_type=\"widget\" data-widget_type=\"wp-widget-advads_ad_widget.default\">\n\t\t\t\t<div class=\"elementor-widget-container\">\n\t\t\t<div id=\"regio-1868280480\"><div class=\"regio-adlabel\">Werbung<\/div><!-- Beginn https:\/\/www.financeads.net\/-Code --><a href=\"https:\/\/www.financeads.net\/tc.php?t=36648C271460142B\" target=\"_blank\"><img loading=\"lazy\" decoding=\"async\" src=\"https:\/\/www.financeads.net\/tb.php?t=36648V271460142B&https=1\" alt=\"PETPROTECT_Hund&Katze_Banner\" border=\"0\" width=\"250\" height=\"250\"><\/a><!-- Ende https:\/\/www.financeads.net\/-Code --><\/div>\t\t<\/div>\n\t\t\t\t<\/div>\n\t\t\t\t\t<\/div>\n\t\t<\/div>\n\t\t\t\t\t<\/div>\n\t\t<\/section>\n\t\t\t\t<\/div>\n\t\t","protected":false},"excerpt":{"rendered":"<div class=\"mh-excerpt\"><p>Start in Schwabacher SeniorenheimImpfungen in Schwabach haben begonnen Schwabach &#8211; Auch in Schwabach haben die Impfungen gegen das Coronavirus begonnen. Den Anfang machte heute mit dem NOVITA Seniorenzentrum eine Altenwohneinrichtung. \u201eDamit machen wir einen ersten <a class=\"mh-excerpt-more\" href=\"https:\/\/www.region-schwabach.de\/wordpress\/impfungen-gegen-das-coronavirus-haben-heute-auch-in-schwabach-begonnen\/\" title=\"Impfungen gegen das Coronavirus haben heute auch in Schwabach begonnen\">[&#8230;]<\/a><\/p>\n<\/div>","protected":false},"author":1,"featured_media":126535,"comment_status":"open","ping_status":"open","sticky":false,"template":"","format":"standard","meta":{"_cbd_carousel_blocks":"[]","footnotes":""},"categories":[16,287,61],"tags":[14467,851,12084,12276,4898,14473,14468,14469,14472,7240,10359,522,14471,14470,5269,12385,1480,19,14474,3012,3151,14476,6778,14475],"class_list":{"0":"post-126533","1":"post","2":"type-post","3":"status-publish","4":"format-standard","5":"has-post-thumbnail","7":"category-aktuell","8":"category-jugend-und-familie","9":"category-rathaus","10":"tag-27-12-2020","11":"tag-bayerisches-rotes-kreuz","12":"tag-corona","13":"tag-coronavirus","14":"tag-hausarztpraxis","15":"tag-impfstoff","16":"tag-impfung","17":"tag-impfungen","18":"tag-impfzentrum","19":"tag-johanniter-unfallhilfe","20":"tag-knut-engelbrecht","21":"tag-koenigsplatz","22":"tag-mobiles-impfteam","23":"tag-novita-seniorenzentrum","24":"tag-oberbuergermeister","25":"tag-peter-reiss","26":"tag-rathaus","27":"tag-schwabach","28":"tag-senioren-und-pflegeheimen","29":"tag-stadt","30":"tag-stadt-schwabach","31":"tag-stadtrechtsrat","32":"tag-technisches-hilfswerk","33":"tag-tobias-leineweber"},"_links":{"self":[{"href":"https:\/\/www.region-schwabach.de\/wordpress\/wp-json\/wp\/v2\/posts\/126533","targetHints":{"allow":["GET"]}}],"collection":[{"href":"https:\/\/www.region-schwabach.de\/wordpress\/wp-json\/wp\/v2\/posts"}],"about":[{"href":"https:\/\/www.region-schwabach.de\/wordpress\/wp-json\/wp\/v2\/types\/post"}],"author":[{"embeddable":true,"href":"https:\/\/www.region-schwabach.de\/wordpress\/wp-json\/wp\/v2\/users\/1"}],"replies":[{"embeddable":true,"href":"https:\/\/www.region-schwabach.de\/wordpress\/wp-json\/wp\/v2\/comments?post=126533"}],"version-history":[{"count":0,"href":"https:\/\/www.region-schwabach.de\/wordpress\/wp-json\/wp\/v2\/posts\/126533\/revisions"}],"wp:featuredmedia":[{"embeddable":true,"href":"https:\/\/www.region-schwabach.de\/wordpress\/wp-json\/wp\/v2\/media\/126535"}],"wp:attachment":[{"href":"https:\/\/www.region-schwabach.de\/wordpress\/wp-json\/wp\/v2\/media?parent=126533"}],"wp:term":[{"taxonomy":"category","embeddable":true,"href":"https:\/\/www.region-schwabach.de\/wordpress\/wp-json\/wp\/v2\/categories?post=126533"},{"taxonomy":"post_tag","embeddable":true,"href":"https:\/\/www.region-schwabach.de\/wordpress\/wp-json\/wp\/v2\/tags?post=126533"}],"curies":[{"name":"wp","href":"https:\/\/api.w.org\/{rel}","templated":true}]}}