{"id":12773,"date":"2017-09-30T13:25:45","date_gmt":"2017-09-30T11:25:45","guid":{"rendered":"http:\/\/www.region-schwabach.de\/wordpress\/?p=12773"},"modified":"2018-07-30T09:57:08","modified_gmt":"2018-07-30T07:57:08","slug":"poujolsberg-vom-27-september-bis-1-november-gesperrt","status":"publish","type":"post","link":"https:\/\/www.region-schwabach.de\/wordpress\/poujolsberg-vom-27-september-bis-1-november-gesperrt\/","title":{"rendered":"Poujolsberg vom 27. September bis 1. November gesperrt"},"content":{"rendered":"\t\t<div data-elementor-type=\"wp-post\" data-elementor-id=\"12773\" class=\"elementor elementor-12773 elementor-bc-flex-widget\">\n\t\t\t\t\t\t<section class=\"elementor-section elementor-top-section elementor-element elementor-element-1dzeyuh elementor-section-boxed elementor-section-height-default elementor-section-height-default\" data-id=\"1dzeyuh\" data-element_type=\"section\">\n\t\t\t\t\t\t<div class=\"elementor-container elementor-column-gap-default\">\n\t\t\t\t\t<div class=\"elementor-column elementor-col-66 elementor-top-column elementor-element elementor-element-aam59ft\" data-id=\"aam59ft\" data-element_type=\"column\">\n\t\t\t<div class=\"elementor-widget-wrap elementor-element-populated\">\n\t\t\t\t\t\t<div class=\"elementor-element elementor-element-k9p1oyc elementor-widget elementor-widget-text-editor\" data-id=\"k9p1oyc\" data-element_type=\"widget\" data-widget_type=\"text-editor.default\">\n\t\t\t\t<div class=\"elementor-widget-container\">\n\t\t\t\t\t\t\t<h3>Sperrung\u00a0zwischen 27. September und 1 November n\u00f6tig<\/h3><p>In der Zeit von Mittwoch, den 27.09.2017 bis Mittwoch, den 1. November 2017 kommt es zur Sperrung des Poujolsbergs auf H\u00f6he der Hausnummer 2.<\/p><p>Der Poujolsberg wird aufgrund einer Containeraufstellung auf H\u00f6he der Hausnummer 2 vom 27.09.2017 bis voraussichtlich 01.11.2017 f\u00fcr den Verkehr gesperrt. Der Anliegerverkehr ist beidseitig bis zur Arbeitsstelle m\u00f6glich.<\/p><h3><strong>Containeraufstellung f\u00fcr Sperrung verantwortlich<\/strong><\/h3><p>Grund der Sperrung ist eine Containeraufstellung in diesem Bereich.<\/p><h3>Zufahrt f\u00fcr Anlieger beidseitig m\u00f6glich<\/h3><p>Die Zufahrt f\u00fcr Anlieger ist w\u00e4hrend der Sperrung beidseitig bis zur Arbeitsstelle m\u00f6glich.<\/p>\t\t\t\t\t\t<\/div>\n\t\t\t\t<\/div>\n\t\t\t\t<div class=\"elementor-element elementor-element-rf47wqh elementor-widget elementor-widget-google_maps\" data-id=\"rf47wqh\" data-element_type=\"widget\" data-widget_type=\"google_maps.default\">\n\t\t\t\t<div class=\"elementor-widget-container\">\n\t\t\t\t\t<div class=\"elementor-custom-embed\">\n\t\t\t<iframe loading=\"lazy\"\n\t\t\t\t\tsrc=\"https:\/\/maps.google.com\/maps?q=Poujolsberg%202%2C%20Schwabach%2C%20Deutschland&#038;t=m&#038;z=19&#038;output=embed&#038;iwloc=near\"\n\t\t\t\t\ttitle=\"Poujolsberg 2, Schwabach, Deutschland\"\n\t\t\t\t\taria-label=\"Poujolsberg 2, Schwabach, Deutschland\"\n\t\t\t><\/iframe>\n\t\t<\/div>\n\t\t\t\t<\/div>\n\t\t\t\t<\/div>\n\t\t\t\t\t<\/div>\n\t\t<\/div>\n\t\t\t\t<div class=\"elementor-column elementor-col-33 elementor-top-column elementor-element elementor-element-uferl75\" data-id=\"uferl75\" data-element_type=\"column\">\n\t\t\t<div class=\"elementor-widget-wrap elementor-element-populated\">\n\t\t\t\t\t\t<div class=\"elementor-element elementor-element-xuttsc2 elementor-widget elementor-widget-image\" data-id=\"xuttsc2\" data-element_type=\"widget\" data-widget_type=\"image.default\">\n\t\t\t\t<div class=\"elementor-widget-container\">\n\t\t\t\t\t\t\t\t\t\t\t\t\t<img fetchpriority=\"high\" decoding=\"async\" width=\"300\" height=\"300\" src=\"https:\/\/www.region-schwabach.de\/wordpress\/wp-content\/uploads\/2017\/06\/werbung8-300x300.png\" class=\"attachment-medium size-medium wp-image-2484\" alt=\"\" srcset=\"https:\/\/www.region-schwabach.de\/wordpress\/wp-content\/uploads\/2017\/06\/werbung8-300x300.png 300w, https:\/\/www.region-schwabach.de\/wordpress\/wp-content\/uploads\/2017\/06\/werbung8-150x150.png 150w, https:\/\/www.region-schwabach.de\/wordpress\/wp-content\/uploads\/2017\/06\/werbung8-768x768.png 768w, https:\/\/www.region-schwabach.de\/wordpress\/wp-content\/uploads\/2017\/06\/werbung8-1024x1024.png 1024w, https:\/\/www.region-schwabach.de\/wordpress\/wp-content\/uploads\/2017\/06\/werbung8-600x600.png 600w, https:\/\/www.region-schwabach.de\/wordpress\/wp-content\/uploads\/2017\/06\/werbung8.png 1200w\" sizes=\"(max-width: 300px) 100vw, 300px\" \/>\t\t\t\t\t\t\t\t\t\t\t\t\t<\/div>\n\t\t\t\t<\/div>\n\t\t\t\t\t<\/div>\n\t\t<\/div>\n\t\t\t\t\t<\/div>\n\t\t<\/section>\n\t\t\t\t<\/div>\n\t\t","protected":false},"excerpt":{"rendered":"<div class=\"mh-excerpt\"><p>Sperrung\u00a0zwischen 27. September und 1 November n\u00f6tig In der Zeit von Mittwoch, den 27.09.2017 bis Mittwoch, den 1. November 2017 kommt es zur Sperrung des Poujolsbergs auf H\u00f6he der Hausnummer 2. Der Poujolsberg wird aufgrund <a class=\"mh-excerpt-more\" href=\"https:\/\/www.region-schwabach.de\/wordpress\/poujolsberg-vom-27-september-bis-1-november-gesperrt\/\" title=\"Poujolsberg vom 27. September bis 1. November gesperrt\">[&#8230;]<\/a><\/p>\n<\/div>","protected":false},"author":1,"featured_media":14964,"comment_status":"open","ping_status":"open","sticky":false,"template":"template-full.php","format":"standard","meta":{"_cbd_carousel_blocks":"[]","footnotes":""},"categories":[14],"tags":[848,847,19,276],"class_list":{"0":"post-12773","1":"post","2":"type-post","3":"status-publish","4":"format-standard","5":"has-post-thumbnail","7":"category-verkehrsinfos","8":"tag-containeraufstellung","9":"tag-poujolsberg","10":"tag-schwabach","11":"tag-sperrung"},"_links":{"self":[{"href":"https:\/\/www.region-schwabach.de\/wordpress\/wp-json\/wp\/v2\/posts\/12773","targetHints":{"allow":["GET"]}}],"collection":[{"href":"https:\/\/www.region-schwabach.de\/wordpress\/wp-json\/wp\/v2\/posts"}],"about":[{"href":"https:\/\/www.region-schwabach.de\/wordpress\/wp-json\/wp\/v2\/types\/post"}],"author":[{"embeddable":true,"href":"https:\/\/www.region-schwabach.de\/wordpress\/wp-json\/wp\/v2\/users\/1"}],"replies":[{"embeddable":true,"href":"https:\/\/www.region-schwabach.de\/wordpress\/wp-json\/wp\/v2\/comments?post=12773"}],"version-history":[{"count":0,"href":"https:\/\/www.region-schwabach.de\/wordpress\/wp-json\/wp\/v2\/posts\/12773\/revisions"}],"wp:featuredmedia":[{"embeddable":true,"href":"https:\/\/www.region-schwabach.de\/wordpress\/wp-json\/wp\/v2\/media\/14964"}],"wp:attachment":[{"href":"https:\/\/www.region-schwabach.de\/wordpress\/wp-json\/wp\/v2\/media?parent=12773"}],"wp:term":[{"taxonomy":"category","embeddable":true,"href":"https:\/\/www.region-schwabach.de\/wordpress\/wp-json\/wp\/v2\/categories?post=12773"},{"taxonomy":"post_tag","embeddable":true,"href":"https:\/\/www.region-schwabach.de\/wordpress\/wp-json\/wp\/v2\/tags?post=12773"}],"curies":[{"name":"wp","href":"https:\/\/api.w.org\/{rel}","templated":true}]}}