{"id":130003,"date":"2021-02-07T00:59:00","date_gmt":"2021-02-06T23:59:00","guid":{"rendered":"https:\/\/www.region-schwabach.de\/wordpress\/?p=130003"},"modified":"2021-02-07T12:30:40","modified_gmt":"2021-02-07T11:30:40","slug":"freistaat-bayern-und-stadt-schwabach-ubernehmen-kita-beitrage-fur-januar-und-februar-2021","status":"publish","type":"post","link":"https:\/\/www.region-schwabach.de\/wordpress\/freistaat-bayern-und-stadt-schwabach-ubernehmen-kita-beitrage-fur-januar-und-februar-2021\/","title":{"rendered":"Freistaat Bayern und Stadt Schwabach \u00fcbernehmen Kita-Beitr\u00e4ge f\u00fcr Januar und Februar 2021"},"content":{"rendered":"\t\t<div data-elementor-type=\"wp-post\" data-elementor-id=\"130003\" class=\"elementor elementor-130003\">\n\t\t\t\t\t\t<section class=\"elementor-section elementor-top-section elementor-element elementor-element-678181b elementor-section-boxed elementor-section-height-default elementor-section-height-default\" data-id=\"678181b\" data-element_type=\"section\">\n\t\t\t\t\t\t<div class=\"elementor-container elementor-column-gap-default\">\n\t\t\t\t\t<div class=\"elementor-column elementor-col-50 elementor-top-column elementor-element elementor-element-6b34026\" data-id=\"6b34026\" data-element_type=\"column\">\n\t\t\t<div class=\"elementor-widget-wrap elementor-element-populated\">\n\t\t\t\t\t\t<div class=\"elementor-element elementor-element-5fea1cd elementor-widget elementor-widget-wp-widget-advads_ad_widget\" data-id=\"5fea1cd\" data-element_type=\"widget\" data-widget_type=\"wp-widget-advads_ad_widget.default\">\n\t\t\t\t<div class=\"elementor-widget-container\">\n\t\t\t<div id=\"regio-924695726\"><div class=\"regio-adlabel\">Werbung<\/div><!-- Beginn https:\/\/www.financeads.net\/-Code --><a href=\"https:\/\/www.financeads.net\/tc.php?t=36648C195239407B\" target=\"_blank\"><img fetchpriority=\"high\" decoding=\"async\" src=\"https:\/\/www.financeads.net\/tb.php?t=36648V195239407B&https=1\" alt=\"\" border=\"0\" width=\"728\" height=\"90\"><\/a><!-- Ende https:\/\/www.financeads.net\/-Code --><\/div>\t\t<\/div>\n\t\t\t\t<\/div>\n\t\t\t\t<div class=\"elementor-element elementor-element-443ab98 elementor-widget elementor-widget-text-editor\" data-id=\"443ab98\" data-element_type=\"widget\" data-widget_type=\"text-editor.default\">\n\t\t\t\t<div class=\"elementor-widget-container\">\n\t\t\t\t\t\t\t<h3>R\u00fcckwirkend f\u00fcr zwei Monate:<br \/>Freistaat Bayern und Stadt Schwabach \u00fcbernehmen Kita-Beitr\u00e4ge f\u00fcr Januar und Februar 2021<\/h3><p><span style=\"font-size: 12pt;\">Schwabach &#8211; Durch eine Abstimmung der kommunalen Spitzenverb\u00e4nde mit dem Freistaat Bayern wurde der Umgang mit den Elternbeitr\u00e4gen f\u00fcr Januar und Februar 2021 festgelegt. Die Bayerische Staatsregierung hat daraufhin am 26. Januar entschieden, Eltern und Kindertageseinrichtungen bzw. Kindertagespflegestellen wie schon in den Monaten April, Mai und Juni 2020 pauschal bei den Elternbeitr\u00e4gen zu entlasten. <\/span><\/p><h3><span style=\"font-size: 14pt;\">Auch Stadt Schwabach macht von Entlastungsm\u00f6glichkeit Gebrauch<\/span><\/h3><p><span style=\"font-size: 12pt;\">Auch die Stadt Schwabach macht von dieser Entlastungsm\u00f6glichkeit zu Gunsten der Eltern in allen Schwabacher Kindertageseinrichtungen Gebrauch. Der Beitragsersatz gilt r\u00fcckwirkend ab dem 01.01.2021 f\u00fcr die Monate Januar und Februar 2021 und ist ein Angebot an die Tr\u00e4ger der Kindertagesbetreuung.<br \/>In Abstimmung mit den Kommunalen Spitzenverb\u00e4nden \u00fcbernehmen die Kommunen 30 Prozent der Betr\u00e4ge, der Freistatt tr\u00e4gt 70 Prozent der Kosten des Beitragsersatzes. Zur Umsetzung wird, wie im letzten Jahr, eine F\u00f6rderrichtlinie ver\u00f6ffentlicht.<br \/><\/span><\/p><h3><span style=\"font-size: 14pt;\">Detailregelungen werden noch ausgearbeitet<\/span><\/h3><p><span style=\"font-size: 12pt;\">Die Detailregelungen werden noch ausgearbeitet, die Stadt Schwabach erwartet in den n\u00e4chsten Tagen die Vorgaben des Sozialministeriums zur Umsetzung des Kabinettsbeschlusses. Es zeichnet sich ein vergleichbares Vorgehen wie im Fr\u00fchjahr 2020 ab. Dies bedeutet, die Kitas erhalten einen Beitragsersatz f\u00fcr Krippenkinder von 300 Euro, f\u00fcr Kindergartenkinder von 50 Euro (zus\u00e4tzlich zum Beitragszuschuss in H\u00f6he von 100 Euro) und f\u00fcr Schulkinder von 100 Euro pro Monat f\u00fcr jedes Kind, das die Notbetreuung nicht besucht. In der Tagespflege liegt der Zuschuss bei 200 Euro. Voraussetzung f\u00fcr den Beitragsersatz ist auch dieses Mal, dass Eltern in den jeweiligen Monaten tats\u00e4chlich keine Beitr\u00e4ge zahlen beziehungsweise dass diese zur\u00fcckerstattet werden.\u00a0<\/span><span style=\"font-size: 12pt;\">Die Entscheidung, das F\u00f6rderprogramm zu nutzen, und die konkrete Umsetzung liegt bei den Kita-Tr\u00e4gern.<br \/><\/span><\/p><p><span style=\"font-size: 12pt;\">Eine weitere Voraussetzung f\u00fcr die Beitragserstattung in der Kindertagesbetreuung ist, dass die Kinder an nicht mehr als f\u00fcnf Tagen pro Monat (Bagatellregelung) in der Einrichtung oder bei der Tagespflegeperson betreut wurden und keine Elternbeitr\u00e4ge erhoben werden.<br \/><\/span><\/p><h3><span style=\"font-size: 12pt;\"><span style=\"font-size: 14pt;\">Beispiel:<\/span><br \/><\/span><\/h3><p><span style=\"font-size: 12pt;\">Ein Kind besucht die Kindertageseinrichtung im Januar 2021 an insgesamt sieben Tagen und im Februar 2021 an insgesamt f\u00fcnf Tagen. F\u00fcr den Monat Januar 2021 kann kein Beitragsersatz geleistet werden, da die Bagatellgrenze von f\u00fcnf Tagen \u00fcberschritten wurde. F\u00fcr den Monat Februar 2021 hingegen kann der Beitragsersatz erfolgen.<br \/><\/span><\/p><h3>Planungssicherheit gew\u00e4hrleistet<\/h3><p><span style=\"font-size: 12pt;\">Auch wenn die Kindertageseinrichtungen und Kindertagespflegestellen nach dem 14. Februar 2021 bayernweit wieder \u00f6ffnen sollten, kann der Beitragsersatz dennoch f\u00fcr den gesamten Monat Februar 2021 gew\u00e4hrt werden, sofern die Eltern freiwillig auf die Inanspruchnahme der Kindertagesbetreuung verzichten und ihr Kind im Februar 2021 nicht an mehr als f\u00fcnf Tagen in die Kindertageseinrichtung bzw. Kindertagespflegestelle bringen. Damit erhalten Eltern, aber auch Tr\u00e4ger bereits jetzt Planungssicherheit f\u00fcr den Monat Februar 2021.<br \/><\/span><\/p><h3>Stadt Schwabach bittet noch um etwas Geduld<\/h3><p><span style=\"font-size: 12pt;\">Die Stadt Schwabach bittet die Eltern, noch um etwas Geduld. Der Freistaat Bayern hat noch keine Richtlinie zur Ersatzpauschale der Elternbeitr\u00e4ge erlassen. Daher sind die genauen Auszahlungsmodalit\u00e4ten noch nicht bekannt, und die Kitas haben bisher noch keine Erstattungszahlung vom Freistaat erhalten, w\u00e4hrend die laufenden Ausgaben weiter zu decken sind. Die Eltern werden umgehend informiert, sobald es n\u00e4here Informationen zu einer eventuellen R\u00fcckerstattung geben sollte. Au\u00dferdem werden die Eltern gebeten, keine R\u00fcckbuchung oder Nicht\u00fcberweisung von Beitr\u00e4gen vorzunehmen.\u00a0<\/span><\/p>\t\t\t\t\t\t<\/div>\n\t\t\t\t<\/div>\n\t\t\t\t<div class=\"elementor-element elementor-element-7cc9469 elementor-widget elementor-widget-shortcode\" data-id=\"7cc9469\" data-element_type=\"widget\" data-widget_type=\"shortcode.default\">\n\t\t\t\t<div class=\"elementor-widget-container\">\n\t\t\t\t\t<div class=\"elementor-shortcode\"><!-- Beginn https:\/\/www.financeads.net\/-Code --><a href=\"https:\/\/www.financeads.net\/tc.php?t=36648C38513858B\" target=\"_blank\"><center><img decoding=\"async\" src=\"https:\/\/www.financeads.net\/tb.php?t=36648V38513858B&https=1\" alt=\"\" border=\"0\" width=\"468\" height=\"60\"><\/a><!-- Ende https:\/\/www.financeads.net\/-Code --><\/div>\n\t\t\t\t<\/div>\n\t\t\t\t<\/div>\n\t\t\t\t<div class=\"elementor-element elementor-element-0c834d7 elementor-widget-divider--view-line elementor-widget elementor-widget-divider\" data-id=\"0c834d7\" data-element_type=\"widget\" data-widget_type=\"divider.default\">\n\t\t\t\t<div class=\"elementor-widget-container\">\n\t\t\t\t\t<div class=\"elementor-divider\">\n\t\t\t<span class=\"elementor-divider-separator\">\n\t\t\t\t\t\t<\/span>\n\t\t<\/div>\n\t\t\t\t<\/div>\n\t\t\t\t<\/div>\n\t\t\t\t<div class=\"elementor-element elementor-element-325f51f elementor-widget elementor-widget-google_maps\" data-id=\"325f51f\" data-element_type=\"widget\" data-widget_type=\"google_maps.default\">\n\t\t\t\t<div class=\"elementor-widget-container\">\n\t\t\t\t\t<div class=\"elementor-custom-embed\">\n\t\t\t<iframe loading=\"lazy\"\n\t\t\t\t\tsrc=\"https:\/\/maps.google.com\/maps?q=K%C3%B6nigsplatz%201%2C%20Schwabach%2C%20Deutschland&#038;t=m&#038;z=17&#038;output=embed&#038;iwloc=near\"\n\t\t\t\t\ttitle=\"K\u00f6nigsplatz 1, Schwabach, Deutschland\"\n\t\t\t\t\taria-label=\"K\u00f6nigsplatz 1, Schwabach, Deutschland\"\n\t\t\t><\/iframe>\n\t\t<\/div>\n\t\t\t\t<\/div>\n\t\t\t\t<\/div>\n\t\t\t\t\t<\/div>\n\t\t<\/div>\n\t\t\t\t<div class=\"elementor-column elementor-col-50 elementor-top-column elementor-element elementor-element-f141625\" data-id=\"f141625\" data-element_type=\"column\">\n\t\t\t<div class=\"elementor-widget-wrap elementor-element-populated\">\n\t\t\t\t\t\t<div class=\"elementor-element elementor-element-aa635e8 elementor-widget elementor-widget-heading\" data-id=\"aa635e8\" data-element_type=\"widget\" data-widget_type=\"heading.default\">\n\t\t\t\t<div class=\"elementor-widget-container\">\n\t\t\t<h3 class=\"elementor-heading-title elementor-size-default\">Schnell vergleichen und sparen!<\/h3>\t\t<\/div>\n\t\t\t\t<\/div>\n\t\t\t\t<div class=\"elementor-element elementor-element-380778c elementor-widget elementor-widget-wp-widget-advads_ad_widget\" data-id=\"380778c\" data-element_type=\"widget\" data-widget_type=\"wp-widget-advads_ad_widget.default\">\n\t\t\t\t<div class=\"elementor-widget-container\">\n\t\t\t<div id=\"regio-2539369997\"><div class=\"regio-adlabel\">Werbung<\/div><!-- Beginn https:\/\/www.financeads.net\/-Code --><a href=\"https:\/\/www.financeads.net\/tc.php?t=36648C236142529B\" target=\"_blank\"><img decoding=\"async\" src=\"https:\/\/www.financeads.net\/tb.php?t=36648V236142529B&https=1\" alt=\"\" border=\"0\" width=\"300\" height=\"250\"><\/a><!-- Ende https:\/\/www.financeads.net\/-Code --><\/div>\t\t<\/div>\n\t\t\t\t<\/div>\n\t\t\t\t<div class=\"elementor-element elementor-element-bd26aa5 elementor-widget elementor-widget-wp-widget-advads_ad_widget\" data-id=\"bd26aa5\" data-element_type=\"widget\" data-widget_type=\"wp-widget-advads_ad_widget.default\">\n\t\t\t\t<div class=\"elementor-widget-container\">\n\t\t\t<div id=\"regio-410995130\"><div class=\"regio-adlabel\">Werbung<\/div><!-- Beginn https:\/\/www.financeads.net\/-Code --><a href=\"https:\/\/www.financeads.net\/tc.php?t=36648C42614510B\" target=\"_blank\"><img loading=\"lazy\" decoding=\"async\" src=\"https:\/\/www.financeads.net\/tb.php?t=36648V42614510B&https=1\" alt=\"\" border=\"0\" width=\"200\" height=\"300\"><\/a><!-- Ende https:\/\/www.financeads.net\/-Code --><\/div>\t\t<\/div>\n\t\t\t\t<\/div>\n\t\t\t\t<div class=\"elementor-element elementor-element-abfc6b5 elementor-widget elementor-widget-wp-widget-advads_ad_widget\" data-id=\"abfc6b5\" data-element_type=\"widget\" data-widget_type=\"wp-widget-advads_ad_widget.default\">\n\t\t\t\t<div class=\"elementor-widget-container\">\n\t\t\t<div id=\"regio-1690961881\"><div class=\"regio-adlabel\">Werbung<\/div><!-- Beginn https:\/\/www.financeads.net\/-Code --><a href=\"https:\/\/www.financeads.net\/tc.php?t=36648C205040072B\" target=\"_blank\"><img loading=\"lazy\" decoding=\"async\" src=\"https:\/\/www.financeads.net\/tb.php?t=36648V205040072B&https=1\" alt=\"\" border=\"0\" width=\"300\" height=\"250\"><\/a><!-- Ende https:\/\/www.financeads.net\/-Code --><\/div>\t\t<\/div>\n\t\t\t\t<\/div>\n\t\t\t\t<div class=\"elementor-element elementor-element-9b68655 elementor-widget elementor-widget-wp-widget-advads_ad_widget\" data-id=\"9b68655\" data-element_type=\"widget\" data-widget_type=\"wp-widget-advads_ad_widget.default\">\n\t\t\t\t<div class=\"elementor-widget-container\">\n\t\t\t<div id=\"regio-468533432\"><div class=\"regio-adlabel\">Werbung<\/div><!-- Beginn https:\/\/www.financeads.net\/-Code --><a href=\"https:\/\/www.financeads.net\/tc.php?t=36648C271460142B\" target=\"_blank\"><img loading=\"lazy\" decoding=\"async\" src=\"https:\/\/www.financeads.net\/tb.php?t=36648V271460142B&https=1\" alt=\"PETPROTECT_Hund&Katze_Banner\" border=\"0\" width=\"250\" height=\"250\"><\/a><!-- Ende https:\/\/www.financeads.net\/-Code --><\/div>\t\t<\/div>\n\t\t\t\t<\/div>\n\t\t\t\t\t<\/div>\n\t\t<\/div>\n\t\t\t\t\t<\/div>\n\t\t<\/section>\n\t\t\t\t<\/div>\n\t\t","protected":false},"excerpt":{"rendered":"<div class=\"mh-excerpt\"><p>R\u00fcckwirkend f\u00fcr zwei Monate:Freistaat Bayern und Stadt Schwabach \u00fcbernehmen Kita-Beitr\u00e4ge f\u00fcr Januar und Februar 2021 Schwabach &#8211; Durch eine Abstimmung der kommunalen Spitzenverb\u00e4nde mit dem Freistaat Bayern wurde der Umgang mit den Elternbeitr\u00e4gen f\u00fcr Januar <a class=\"mh-excerpt-more\" href=\"https:\/\/www.region-schwabach.de\/wordpress\/freistaat-bayern-und-stadt-schwabach-ubernehmen-kita-beitrage-fur-januar-und-februar-2021\/\" title=\"Freistaat Bayern und Stadt Schwabach \u00fcbernehmen Kita-Beitr\u00e4ge f\u00fcr Januar und Februar 2021\">[&#8230;]<\/a><\/p>\n<\/div>","protected":false},"author":1,"featured_media":130004,"comment_status":"open","ping_status":"open","sticky":false,"template":"","format":"standard","meta":{"_cbd_carousel_blocks":"[]","footnotes":""},"categories":[16,1,287,61],"tags":[12084,14754,12303,1282,14525,12306,12304,12305,822,12302,522,1480,19],"class_list":{"0":"post-130003","1":"post","2":"type-post","3":"status-publish","4":"format-standard","5":"has-post-thumbnail","7":"category-aktuell","8":"category-allgemein","9":"category-jugend-und-familie","10":"category-rathaus","11":"tag-corona","12":"tag-februar-2021","13":"tag-gebuehren","14":"tag-geschlossen","15":"tag-januar-2021","16":"tag-kabinett","17":"tag-keine-abbuchung","18":"tag-kinderbetreuungseinrichtung","19":"tag-kindergarten","20":"tag-kita","21":"tag-koenigsplatz","22":"tag-rathaus","23":"tag-schwabach"},"_links":{"self":[{"href":"https:\/\/www.region-schwabach.de\/wordpress\/wp-json\/wp\/v2\/posts\/130003","targetHints":{"allow":["GET"]}}],"collection":[{"href":"https:\/\/www.region-schwabach.de\/wordpress\/wp-json\/wp\/v2\/posts"}],"about":[{"href":"https:\/\/www.region-schwabach.de\/wordpress\/wp-json\/wp\/v2\/types\/post"}],"author":[{"embeddable":true,"href":"https:\/\/www.region-schwabach.de\/wordpress\/wp-json\/wp\/v2\/users\/1"}],"replies":[{"embeddable":true,"href":"https:\/\/www.region-schwabach.de\/wordpress\/wp-json\/wp\/v2\/comments?post=130003"}],"version-history":[{"count":0,"href":"https:\/\/www.region-schwabach.de\/wordpress\/wp-json\/wp\/v2\/posts\/130003\/revisions"}],"wp:featuredmedia":[{"embeddable":true,"href":"https:\/\/www.region-schwabach.de\/wordpress\/wp-json\/wp\/v2\/media\/130004"}],"wp:attachment":[{"href":"https:\/\/www.region-schwabach.de\/wordpress\/wp-json\/wp\/v2\/media?parent=130003"}],"wp:term":[{"taxonomy":"category","embeddable":true,"href":"https:\/\/www.region-schwabach.de\/wordpress\/wp-json\/wp\/v2\/categories?post=130003"},{"taxonomy":"post_tag","embeddable":true,"href":"https:\/\/www.region-schwabach.de\/wordpress\/wp-json\/wp\/v2\/tags?post=130003"}],"curies":[{"name":"wp","href":"https:\/\/api.w.org\/{rel}","templated":true}]}}