{"id":131168,"date":"2021-02-21T01:05:00","date_gmt":"2021-02-21T00:05:00","guid":{"rendered":"https:\/\/www.region-schwabach.de\/wordpress\/?p=131168"},"modified":"2021-02-20T23:27:24","modified_gmt":"2021-02-20T22:27:24","slug":"verlangerung-der-pflicht-zu-mund-nase-bedeckung-im-offentlichen-raum-bis-7-marz-2021-verlangert","status":"publish","type":"post","link":"https:\/\/www.region-schwabach.de\/wordpress\/verlangerung-der-pflicht-zu-mund-nase-bedeckung-im-offentlichen-raum-bis-7-marz-2021-verlangert\/","title":{"rendered":"Verl\u00e4ngerung der Pflicht zu Mund-Nase-Bedeckung im \u00f6ffentlichen Raum bis 7. M\u00e4rz 2021 verl\u00e4ngert"},"content":{"rendered":"\t\t<div data-elementor-type=\"wp-post\" data-elementor-id=\"131168\" class=\"elementor elementor-131168\">\n\t\t\t\t\t\t<section class=\"elementor-section elementor-top-section elementor-element elementor-element-678181b elementor-section-boxed elementor-section-height-default elementor-section-height-default\" data-id=\"678181b\" data-element_type=\"section\">\n\t\t\t\t\t\t<div class=\"elementor-container elementor-column-gap-default\">\n\t\t\t\t\t<div class=\"elementor-column elementor-col-50 elementor-top-column elementor-element elementor-element-6b34026\" data-id=\"6b34026\" data-element_type=\"column\">\n\t\t\t<div class=\"elementor-widget-wrap elementor-element-populated\">\n\t\t\t\t\t\t<div class=\"elementor-element elementor-element-5fea1cd elementor-widget elementor-widget-wp-widget-advads_ad_widget\" data-id=\"5fea1cd\" data-element_type=\"widget\" data-widget_type=\"wp-widget-advads_ad_widget.default\">\n\t\t\t\t<div class=\"elementor-widget-container\">\n\t\t\t<div id=\"regio-316684951\"><div class=\"regio-adlabel\">Werbung<\/div><center><a href=\"https:\/\/a.partner-versicherung.de\/click.php?partner_id=19992&ad_id=1578&deep=kreditkarten\"  target=\"_blank\"><img decoding=\"async\" src=\"https:\/\/a.partner-versicherung.de\/view.php?partner_id=19992&ad_id=1578\" ><\/a><\/center><\/div>\t\t<\/div>\n\t\t\t\t<\/div>\n\t\t\t\t<div class=\"elementor-element elementor-element-443ab98 elementor-widget elementor-widget-text-editor\" data-id=\"443ab98\" data-element_type=\"widget\" data-widget_type=\"text-editor.default\">\n\t\t\t\t<div class=\"elementor-widget-container\">\n\t\t\t\t\t\t\t<h3>Ma\u00dfnahmen bis 7. M\u00e4rz 2021 verl\u00e4ngert<br \/>Maskenpflicht auf \u00f6ffentlichen Fl\u00e4chen gilt weiterhin<\/h3><p><span style=\"font-size: 12pt;\">Schwabach &#8211; Mit der Verl\u00e4ngerung der 11. Bayerischen Infektionsschutzma\u00dfnahmen-Verordnung bis 7. M\u00e4rz 2021 gilt auch weiterhin eine Pflicht zur Mund-Nasen-Bedeckung. Darauf weist die Stadtverwaltung hin. <\/span><\/p><p><span style=\"font-size: 12pt;\">Gerade vor dem Hintergrund der \u00d6ffnung der Schulen und der Eisdielen in der Innenstadt n\u00e4chste Woche gilt, dass das vor\u00fcbergehende Absetzen zum Essen, Trinken oder Rauchen nicht erlaubt ist. Das hei\u00dft, dass auch Eis nicht vor Ort bei den Eisdielen verzehrt werden darf, sondern mitgenommen werden muss. <\/span><\/p><h3><span style=\"font-size: 12pt;\"><span style=\"font-size: 14pt;\">Dies gilt auf folgenden Pl\u00e4tzen t\u00e4glich von 8 bis 19 Uhr:<\/span><br \/><\/span><\/h3><ul style=\"list-style-type: disc;\"><li><span style=\"font-size: 12pt;\">Bahnhofstra\u00dfe vom Bahnhof Schwabach bis zur Kreuzung<br \/>Wei\u00dfenburger Stra\u00dfe\/Rother Stra\u00dfe,<\/span><\/li><li><span style=\"font-size: 12pt;\">Ludwigstra\u00dfe, Sablaiser Platz und Platz vor der Post,<\/span><\/li><li><span style=\"font-size: 12pt;\">Martin-Luther-Platz,<\/span><\/li><li><span style=\"font-size: 12pt;\">Rathausgasse,<\/span><\/li><li><span style=\"font-size: 12pt;\">K\u00f6nigsplatz und K\u00f6nigstra\u00dfe<br \/><\/span><\/li><\/ul><h3><span style=\"font-size: 14pt;\">Stadtrechtsrat Knut Engelbrecht appelliert:<\/span><\/h3><p><span style=\"font-size: 12pt;\">\u201eBitte halten Sie sich an die Maskenpflicht! So haben wir die Chance, dass wir bald gemeinsam wieder Schwabach maskenfrei genie\u00dfen k\u00f6nnen.\u201c<br \/><\/span><\/p><h3><span style=\"font-size: 12pt;\">Alkoholverbot rund um die Uhr<\/span><\/h3><p><span style=\"font-size: 12pt;\">Au\u00dferdem gilt auf Fl\u00e4chen der Innenstadt (mit Ausnahme der Bahnhofstra\u00dfe und des Bahnhofsvorplatzes) ein Alkoholverbot rund um die Uhr. Eine Karte mit den markierten Fl\u00e4chen findet sich auf <a href=\"https:\/\/stadtplan.schwabach.de\/tinyurl\/218\" target=\"_blank\" rel=\"noopener\">https:\/\/stadtplan.schwabach.de\/tinyurl\/218<\/a>. <\/span><\/p><h3>Verst\u00e4rkte Kontrollen<\/h3><p><span style=\"font-size: 12pt;\">Die Polizei wird die verschiedenen Beschr\u00e4nkungen vor allem in der Woche ab 22. Februar verst\u00e4rkt kontrollieren.<\/span><\/p>\t\t\t\t\t\t<\/div>\n\t\t\t\t<\/div>\n\t\t\t\t<div class=\"elementor-element elementor-element-7cc9469 elementor-widget elementor-widget-shortcode\" data-id=\"7cc9469\" data-element_type=\"widget\" data-widget_type=\"shortcode.default\">\n\t\t\t\t<div class=\"elementor-widget-container\">\n\t\t\t\t\t<div class=\"elementor-shortcode\"><center><a href=\"https:\/\/a.partner-versicherung.de\/click.php?partner_id=19992&ad_id=441&deep=kfz-versicherung\"  target=\"_blank\"><img decoding=\"async\" src=\"https:\/\/a.partner-versicherung.de\/view.php?partner_id=19992&ad_id=441\" ><\/a><\/center><\/div>\n\t\t\t\t<\/div>\n\t\t\t\t<\/div>\n\t\t\t\t<div class=\"elementor-element elementor-element-0c834d7 elementor-widget-divider--view-line elementor-widget elementor-widget-divider\" data-id=\"0c834d7\" data-element_type=\"widget\" data-widget_type=\"divider.default\">\n\t\t\t\t<div class=\"elementor-widget-container\">\n\t\t\t\t\t<div class=\"elementor-divider\">\n\t\t\t<span class=\"elementor-divider-separator\">\n\t\t\t\t\t\t<\/span>\n\t\t<\/div>\n\t\t\t\t<\/div>\n\t\t\t\t<\/div>\n\t\t\t\t<div class=\"elementor-element elementor-element-325f51f elementor-widget elementor-widget-google_maps\" data-id=\"325f51f\" data-element_type=\"widget\" data-widget_type=\"google_maps.default\">\n\t\t\t\t<div class=\"elementor-widget-container\">\n\t\t\t\t\t<div class=\"elementor-custom-embed\">\n\t\t\t<iframe loading=\"lazy\"\n\t\t\t\t\tsrc=\"https:\/\/maps.google.com\/maps?q=Schwabach%2C%20Deutschland&#038;t=m&#038;z=15&#038;output=embed&#038;iwloc=near\"\n\t\t\t\t\ttitle=\"Schwabach, Deutschland\"\n\t\t\t\t\taria-label=\"Schwabach, Deutschland\"\n\t\t\t><\/iframe>\n\t\t<\/div>\n\t\t\t\t<\/div>\n\t\t\t\t<\/div>\n\t\t\t\t\t<\/div>\n\t\t<\/div>\n\t\t\t\t<div class=\"elementor-column elementor-col-50 elementor-top-column elementor-element elementor-element-f141625\" data-id=\"f141625\" data-element_type=\"column\">\n\t\t\t<div class=\"elementor-widget-wrap elementor-element-populated\">\n\t\t\t\t\t\t<div class=\"elementor-element elementor-element-aa635e8 elementor-widget elementor-widget-heading\" data-id=\"aa635e8\" data-element_type=\"widget\" data-widget_type=\"heading.default\">\n\t\t\t\t<div class=\"elementor-widget-container\">\n\t\t\t<h3 class=\"elementor-heading-title elementor-size-default\">Schnell vergleichen und sparen!<\/h3>\t\t<\/div>\n\t\t\t\t<\/div>\n\t\t\t\t<div class=\"elementor-element elementor-element-380778c elementor-widget elementor-widget-wp-widget-advads_ad_widget\" data-id=\"380778c\" data-element_type=\"widget\" data-widget_type=\"wp-widget-advads_ad_widget.default\">\n\t\t\t\t<div class=\"elementor-widget-container\">\n\t\t\t<div id=\"regio-2389402500\"><div class=\"regio-adlabel\">Werbung<\/div><!-- Beginn https:\/\/www.financeads.net\/-Code --><a href=\"https:\/\/www.financeads.net\/tc.php?t=36648C236142529B\" target=\"_blank\"><img fetchpriority=\"high\" decoding=\"async\" src=\"https:\/\/www.financeads.net\/tb.php?t=36648V236142529B&https=1\" alt=\"\" border=\"0\" width=\"300\" height=\"250\"><\/a><!-- Ende https:\/\/www.financeads.net\/-Code --><\/div>\t\t<\/div>\n\t\t\t\t<\/div>\n\t\t\t\t<div class=\"elementor-element elementor-element-bd26aa5 elementor-widget elementor-widget-wp-widget-advads_ad_widget\" data-id=\"bd26aa5\" data-element_type=\"widget\" data-widget_type=\"wp-widget-advads_ad_widget.default\">\n\t\t\t\t<div class=\"elementor-widget-container\">\n\t\t\t<div id=\"regio-3305902231\"><div class=\"regio-adlabel\">Werbung<\/div><!-- Beginn https:\/\/www.financeads.net\/-Code --><a href=\"https:\/\/www.financeads.net\/tc.php?t=36648C42614510B\" target=\"_blank\"><img decoding=\"async\" src=\"https:\/\/www.financeads.net\/tb.php?t=36648V42614510B&https=1\" alt=\"\" border=\"0\" width=\"200\" height=\"300\"><\/a><!-- Ende https:\/\/www.financeads.net\/-Code --><\/div>\t\t<\/div>\n\t\t\t\t<\/div>\n\t\t\t\t<div class=\"elementor-element elementor-element-abfc6b5 elementor-widget elementor-widget-wp-widget-advads_ad_widget\" data-id=\"abfc6b5\" data-element_type=\"widget\" data-widget_type=\"wp-widget-advads_ad_widget.default\">\n\t\t\t\t<div class=\"elementor-widget-container\">\n\t\t\t<div id=\"regio-3372119725\"><div class=\"regio-adlabel\">Werbung<\/div><!-- Beginn https:\/\/www.financeads.net\/-Code --><a href=\"https:\/\/www.financeads.net\/tc.php?t=36648C205040072B\" target=\"_blank\"><img decoding=\"async\" src=\"https:\/\/www.financeads.net\/tb.php?t=36648V205040072B&https=1\" alt=\"\" border=\"0\" width=\"300\" height=\"250\"><\/a><!-- Ende https:\/\/www.financeads.net\/-Code --><\/div>\t\t<\/div>\n\t\t\t\t<\/div>\n\t\t\t\t<div class=\"elementor-element elementor-element-9b68655 elementor-widget elementor-widget-wp-widget-advads_ad_widget\" data-id=\"9b68655\" data-element_type=\"widget\" data-widget_type=\"wp-widget-advads_ad_widget.default\">\n\t\t\t\t<div class=\"elementor-widget-container\">\n\t\t\t<div id=\"regio-1966283513\"><div class=\"regio-adlabel\">Werbung<\/div><!-- Beginn https:\/\/www.financeads.net\/-Code --><a href=\"https:\/\/www.financeads.net\/tc.php?t=36648C271460142B\" target=\"_blank\"><img loading=\"lazy\" decoding=\"async\" src=\"https:\/\/www.financeads.net\/tb.php?t=36648V271460142B&https=1\" alt=\"PETPROTECT_Hund&Katze_Banner\" border=\"0\" width=\"250\" height=\"250\"><\/a><!-- Ende https:\/\/www.financeads.net\/-Code --><\/div>\t\t<\/div>\n\t\t\t\t<\/div>\n\t\t\t\t\t<\/div>\n\t\t<\/div>\n\t\t\t\t\t<\/div>\n\t\t<\/section>\n\t\t\t\t<\/div>\n\t\t","protected":false},"excerpt":{"rendered":"<div class=\"mh-excerpt\"><p>Ma\u00dfnahmen bis 7. M\u00e4rz 2021 verl\u00e4ngert Maskenpflicht auf \u00f6ffentlichen Fl\u00e4chen gilt weiterhin Schwabach &#8211; Mit der Verl\u00e4ngerung der 11. Bayerischen Infektionsschutzma\u00dfnahmen-Verordnung bis 7. M\u00e4rz 2021 gilt auch weiterhin eine Pflicht zur Mund-Nasen-Bedeckung. Darauf weist die <a class=\"mh-excerpt-more\" href=\"https:\/\/www.region-schwabach.de\/wordpress\/verlangerung-der-pflicht-zu-mund-nase-bedeckung-im-offentlichen-raum-bis-7-marz-2021-verlangert\/\" title=\"Verl\u00e4ngerung der Pflicht zu Mund-Nase-Bedeckung im \u00f6ffentlichen Raum bis 7. M\u00e4rz 2021 verl\u00e4ngert\">[&#8230;]<\/a><\/p>\n<\/div>","protected":false},"author":1,"featured_media":131169,"comment_status":"open","ping_status":"open","sticky":false,"template":"","format":"standard","meta":{"_cbd_carousel_blocks":"[]","footnotes":""},"categories":[16,287,61],"tags":[14853,13953,14854,13293,522,4802,12977,13621,1480,19,3012,3151,14419],"class_list":{"0":"post-131168","1":"post","2":"type-post","3":"status-publish","4":"format-standard","5":"has-post-thumbnail","7":"category-aktuell","8":"category-jugend-und-familie","9":"category-rathaus","10":"tag-07-03-2021","11":"tag-7-tage-inzidenz","12":"tag-7-maerz-2021","13":"tag-corona-faelle","14":"tag-koenigsplatz","15":"tag-massnahmen","16":"tag-mund-nase-bedeckung","17":"tag-mund-nasen-schutz","18":"tag-rathaus","19":"tag-schwabach","20":"tag-stadt","21":"tag-stadt-schwabach","22":"tag-weitergehende-massnahmen"},"_links":{"self":[{"href":"https:\/\/www.region-schwabach.de\/wordpress\/wp-json\/wp\/v2\/posts\/131168","targetHints":{"allow":["GET"]}}],"collection":[{"href":"https:\/\/www.region-schwabach.de\/wordpress\/wp-json\/wp\/v2\/posts"}],"about":[{"href":"https:\/\/www.region-schwabach.de\/wordpress\/wp-json\/wp\/v2\/types\/post"}],"author":[{"embeddable":true,"href":"https:\/\/www.region-schwabach.de\/wordpress\/wp-json\/wp\/v2\/users\/1"}],"replies":[{"embeddable":true,"href":"https:\/\/www.region-schwabach.de\/wordpress\/wp-json\/wp\/v2\/comments?post=131168"}],"version-history":[{"count":0,"href":"https:\/\/www.region-schwabach.de\/wordpress\/wp-json\/wp\/v2\/posts\/131168\/revisions"}],"wp:featuredmedia":[{"embeddable":true,"href":"https:\/\/www.region-schwabach.de\/wordpress\/wp-json\/wp\/v2\/media\/131169"}],"wp:attachment":[{"href":"https:\/\/www.region-schwabach.de\/wordpress\/wp-json\/wp\/v2\/media?parent=131168"}],"wp:term":[{"taxonomy":"category","embeddable":true,"href":"https:\/\/www.region-schwabach.de\/wordpress\/wp-json\/wp\/v2\/categories?post=131168"},{"taxonomy":"post_tag","embeddable":true,"href":"https:\/\/www.region-schwabach.de\/wordpress\/wp-json\/wp\/v2\/tags?post=131168"}],"curies":[{"name":"wp","href":"https:\/\/api.w.org\/{rel}","templated":true}]}}